{"id":6734,"date":"2023-03-07T10:41:58","date_gmt":"2023-03-07T09:41:58","guid":{"rendered":"https:\/\/unser-quartier.de\/neustart-innenstadt\/?p=6734"},"modified":"2023-03-07T10:41:58","modified_gmt":"2023-03-07T09:41:58","slug":"levelin-kosmetikstudio-neu-im-quartier","status":"publish","type":"post","link":"https:\/\/unser-quartier.de\/neustart-innenstadt\/2023\/03\/levelin-kosmetikstudio-neu-im-quartier\/","title":{"rendered":"LeVelin Kosmetikstudio \u2013 neu im Quartier"},"content":{"rendered":"<p>Ob eine sch\u00f6ne Manik\u00fcre oder Pedik\u00fcre, eine besondere Gesichtsbehandlung oder zum klassischen Wimpernf\u00e4rben \u2013 im &#8222;Kosmetikstudio LeVelin&#8220; k\u00f6nnen Sie sich so richtig verw\u00f6hnen lassen: Kosmetikerin Elena Talakonin er\u00f6ffnete es Anfang Februar auf der Vitusstra\u00dfe 3.\u00a0<\/p>\n<p>&#8222;Bei meinen Behandlungen achte ich auf eine gute Vertr\u00e4glichkeit \u2013 ich verwende nur vegane Produkte von Dr. Spiller&#8220;, erz\u00e4hlt uns die 36-j\u00e4hrige Unternehmerin im Interview. Ob Jung oder Alt, bei ihr ist jede Altersgruppe gut aufgehoben. &#8222;Ich mag es, mit den unterschiedlichsten Menschen in Kontakt zu kommen.&#8220; Die gelernte Friseurin wurde in Kasachstan geboren und lebt seit 2004 in Herten. Lange Zeit arbeitete sie f\u00fcr die vorherige Besitzerin des Kosmetikstudios. Seit 2022 ist sie nach einer Umschulung nun selbst staatlich gepr\u00fcfte Kosmetikerin.\u00a0<\/p>\n<p>Wer sich in Frau Talakonins professionelle H\u00e4nde begeben will, kann das nach Termin-Vereinbarung t\u00e4glich von 10 bis 18 Uhr tun. Sie erreichen das &#8222;Kosmetikstudio LeVelin&#8220; unter\u00a00152\/55 86 82 05 oder per E-Mail <a href=\"mailto:levelincos@mail.de\">levelincos@mail.de.<\/a><\/p>\n<p>Wir freuen uns, Elena Talakonin im Quartier begr\u00fc\u00dfen zu d\u00fcrfen und w\u00fcnschen ihr viel Erfolg in der Innenstadt!<\/p>\n","protected":false},"excerpt":{"rendered":"<p>Ob eine sch\u00f6ne Manik\u00fcre oder Pedik\u00fcre, eine besondere Gesichtsbehandlung oder zum klassischen Wimpernf\u00e4rben \u2013 im &#8222;Kosmetikstudio LeVelin&#8220; k\u00f6nnen Sie sich so richtig verw\u00f6hnen lassen: Kosmetikerin Elena Talakonin er\u00f6ffnete es Anfang Februar auf der Vitusstra\u00dfe 3.\u00a0 &#8222;Bei meinen Behandlungen achte ich auf eine gute Vertr\u00e4glichkeit \u2013 ich verwende nur vegane Produkte von Dr. Spiller&#8220;, erz\u00e4hlt uns&hellip; <a class=\"continue\" href=\"https:\/\/unser-quartier.de\/neustart-innenstadt\/2023\/03\/levelin-kosmetikstudio-neu-im-quartier\/\" data-wpel-link=\"internal\"> \u00bb weiterlesen: <span> LeVelin Kosmetikstudio \u2013 neu im Quartier<\/span><\/a><\/p>\n","protected":false},"author":831,"featured_media":0,"comment_status":"closed","ping_status":"closed","sticky":false,"template":"","format":"standard","meta":{"generate_page_header":"","footnotes":""},"categories":[38],"tags":[58,261,497,503,496,502,498,289,499,501,500],"class_list":["post-6734","post","type-post","status-publish","format-standard","hentry","category-aktivitaeten","tag-herten","tag-herten-mitte","tag-kosmetikbehandlung","tag-kosmetikerin","tag-kosmetikstudio","tag-levelin-kosmetikstudio","tag-manikuere","tag-neu-im-quartier","tag-pedikuere","tag-vitusstrasse","tag-wimpernfaerben"],"_links":{"self":[{"href":"https:\/\/unser-quartier.de\/neustart-innenstadt\/wp-json\/wp\/v2\/posts\/6734","targetHints":{"allow":["GET"]}}],"collection":[{"href":"https:\/\/unser-quartier.de\/neustart-innenstadt\/wp-json\/wp\/v2\/posts"}],"about":[{"href":"https:\/\/unser-quartier.de\/neustart-innenstadt\/wp-json\/wp\/v2\/types\/post"}],"author":[{"embeddable":true,"href":"https:\/\/unser-quartier.de\/neustart-innenstadt\/wp-json\/wp\/v2\/users\/831"}],"replies":[{"embeddable":true,"href":"https:\/\/unser-quartier.de\/neustart-innenstadt\/wp-json\/wp\/v2\/comments?post=6734"}],"version-history":[{"count":2,"href":"https:\/\/unser-quartier.de\/neustart-innenstadt\/wp-json\/wp\/v2\/posts\/6734\/revisions"}],"predecessor-version":[{"id":6736,"href":"https:\/\/unser-quartier.de\/neustart-innenstadt\/wp-json\/wp\/v2\/posts\/6734\/revisions\/6736"}],"wp:attachment":[{"href":"https:\/\/unser-quartier.de\/neustart-innenstadt\/wp-json\/wp\/v2\/media?parent=6734"}],"wp:term":[{"taxonomy":"category","embeddable":true,"href":"https:\/\/unser-quartier.de\/neustart-innenstadt\/wp-json\/wp\/v2\/categories?post=6734"},{"taxonomy":"post_tag","embeddable":true,"href":"https:\/\/unser-quartier.de\/neustart-innenstadt\/wp-json\/wp\/v2\/tags?post=6734"}],"curies":[{"name":"wp","href":"https:\/\/api.w.org\/{rel}","templated":true}]}}