{"id":6949,"date":"2023-05-10T13:15:03","date_gmt":"2023-05-10T11:15:03","guid":{"rendered":"https:\/\/unser-quartier.de\/neustart-innenstadt\/?p=6949"},"modified":"2023-05-10T13:15:03","modified_gmt":"2023-05-10T11:15:03","slug":"baustellenfuehrungen-auf-der-ewaldstrasse","status":"publish","type":"post","link":"https:\/\/unser-quartier.de\/neustart-innenstadt\/2023\/05\/baustellenfuehrungen-auf-der-ewaldstrasse\/","title":{"rendered":"Baustellenf\u00fchrungen auf der Ewaldstra\u00dfe!"},"content":{"rendered":"<p>Am kommenden Samstag, den 13.05.2023 findet in der Hertener Innenstadt nicht nur der Blumenmarkt statt, sondern es wird parallel der j\u00e4hrliche und bundesweite \u201eTag der St\u00e4dtebauf\u00f6rderung\u201c gefeiert! An diesem Tag wird &#8211; so auch bei uns in Herten &#8211; auf diese, f\u00fcr die St\u00e4dte und Gemeinden wichtige Unterst\u00fctzung von Bund und Land hingewiesen, ohne die viele Projekte gar nicht erst m\u00f6glich w\u00e4ren.<\/p>\n<p>Die Stadt Herten profitiert im Rahmen des Projektes NEUSTART INNENSTADT von der St\u00e4dtebauf\u00f6rderung und nimmt diesen Tag zum Anlass, um \u00fcber den aktuellen Stand des Umbaus der Ewaldstra\u00dfe zu berichten. So wird das Projektteam mit einem Infostand vor der Sparkasse (Ewaldstra\u00dfe 8-10) vor Ort sein und allen Interessierten die Planungen f\u00fcr die Ewaldstra\u00dfe vorstellen. Zudem k\u00f6nnen hier alle Kinder und Erwachsenen an einem Gewinnspiel mit vielen spannenden Fragen rund um die Baustelle teilnehmen und tolle Preise gewinnen.<\/p>\n<figure id=\"attachment_6923\" aria-describedby=\"caption-attachment-6923\" style=\"width: 290px\" class=\"wp-caption alignleft\"><a href=\"https:\/\/unser-quartier.de\/neustart-innenstadt\/2023\/05\/einblicke-in-die-baustelle-auf-der-ewaldstrasse-erhalten\/2_230504_tds_instagram-post\/#main\" rel=\"attachment wp-att-6923\" data-wpel-link=\"internal\"><img loading=\"lazy\" decoding=\"async\" id=\"longdesc-return-6923\" class=\"size-medium wp-image-6923\" tabindex=\"-1\" src=\"https:\/\/unser-quartier.de\/neustart-innenstadt\/files\/2023\/05\/2_230504_TdS_instagram-post-300x300.png\" alt=\"Baustellenf\u00fchrungen auf der Ewaldstr. am 13. Mai.\" width=\"300\" height=\"300\" longdesc=\"https:\/\/unser-quartier.de\/neustart-innenstadt?longdesc=6923&amp;referrer=6921\" \/><\/a><figcaption id=\"caption-attachment-6923\" class=\"wp-caption-text\">Baustellenf\u00fchrungen auf der Ewaldstr. am 13. Mai.<\/figcaption><\/figure>\n<p>Dar\u00fcber hinaus bietet das Projektteam mit zwei Baustellenf\u00fchrungen um 11.00 und um 13.00 Uhr noch einmal einen detaillierten Einblick in den Umbauprozess. Die Planerinnen und Planer der Stadt Herten informieren hierbei \u00fcber den Baufortschritt, die Besonderheiten des Projektes sowie den Regenwasserspeicher. Treffpunkt f\u00fcr die Baustellenf\u00fchrungen ist der Infostand in der Ewaldstra\u00dfe 8-10. Eine Anmeldung dazu ist nicht notwendig.\u00a0<\/p>\n<p>&nbsp;<\/p>\n","protected":false},"excerpt":{"rendered":"<p>Am kommenden Samstag, den 13.05.2023 findet in der Hertener Innenstadt nicht nur der Blumenmarkt statt, sondern es wird parallel der j\u00e4hrliche und bundesweite \u201eTag der St\u00e4dtebauf\u00f6rderung\u201c gefeiert! An diesem Tag wird &#8211; so auch bei uns in Herten &#8211; auf diese, f\u00fcr die St\u00e4dte und Gemeinden wichtige Unterst\u00fctzung von Bund und Land hingewiesen, ohne die&hellip; <a class=\"continue\" href=\"https:\/\/unser-quartier.de\/neustart-innenstadt\/2023\/05\/baustellenfuehrungen-auf-der-ewaldstrasse\/\" data-wpel-link=\"internal\"> \u00bb weiterlesen: <span> Baustellenf\u00fchrungen auf der Ewaldstra\u00dfe!<\/span><\/a><\/p>\n","protected":false},"author":740,"featured_media":0,"comment_status":"closed","ping_status":"closed","sticky":false,"template":"","format":"standard","meta":{"generate_page_header":"","footnotes":""},"categories":[4],"tags":[],"class_list":["post-6949","post","type-post","status-publish","format-standard","hentry","category-berichte"],"_links":{"self":[{"href":"https:\/\/unser-quartier.de\/neustart-innenstadt\/wp-json\/wp\/v2\/posts\/6949","targetHints":{"allow":["GET"]}}],"collection":[{"href":"https:\/\/unser-quartier.de\/neustart-innenstadt\/wp-json\/wp\/v2\/posts"}],"about":[{"href":"https:\/\/unser-quartier.de\/neustart-innenstadt\/wp-json\/wp\/v2\/types\/post"}],"author":[{"embeddable":true,"href":"https:\/\/unser-quartier.de\/neustart-innenstadt\/wp-json\/wp\/v2\/users\/740"}],"replies":[{"embeddable":true,"href":"https:\/\/unser-quartier.de\/neustart-innenstadt\/wp-json\/wp\/v2\/comments?post=6949"}],"version-history":[{"count":1,"href":"https:\/\/unser-quartier.de\/neustart-innenstadt\/wp-json\/wp\/v2\/posts\/6949\/revisions"}],"predecessor-version":[{"id":6950,"href":"https:\/\/unser-quartier.de\/neustart-innenstadt\/wp-json\/wp\/v2\/posts\/6949\/revisions\/6950"}],"wp:attachment":[{"href":"https:\/\/unser-quartier.de\/neustart-innenstadt\/wp-json\/wp\/v2\/media?parent=6949"}],"wp:term":[{"taxonomy":"category","embeddable":true,"href":"https:\/\/unser-quartier.de\/neustart-innenstadt\/wp-json\/wp\/v2\/categories?post=6949"},{"taxonomy":"post_tag","embeddable":true,"href":"https:\/\/unser-quartier.de\/neustart-innenstadt\/wp-json\/wp\/v2\/tags?post=6949"}],"curies":[{"name":"wp","href":"https:\/\/api.w.org\/{rel}","templated":true}]}}