{"id":8791,"date":"2024-07-02T10:03:03","date_gmt":"2024-07-02T08:03:03","guid":{"rendered":"https:\/\/unser-quartier.de\/neustart-innenstadt\/?p=8791"},"modified":"2024-07-02T10:03:03","modified_gmt":"2024-07-02T08:03:03","slug":"neu-im-quartier-ayados","status":"publish","type":"post","link":"https:\/\/unser-quartier.de\/neustart-innenstadt\/2024\/07\/neu-im-quartier-ayados\/","title":{"rendered":"Neu im Quartier: Ayados"},"content":{"rendered":"<p>Wer auf der Suche nach Geschenkartikeln ist oder einfach mal ein bisschen nach Schn\u00e4ppchen st\u00f6bern will, schaut mal an der Antoniusstra\u00dfe 13\u201315, Eingang \u00fcber die Jakobstra\u00dfe, vorbei: Hier hat Abbas Ayad am 1. Juni sein Gesch\u00e4ft &#8222;Ayados&#8220; er\u00f6ffnet.\u00a0<\/p>\n<figure id=\"attachment_8797\" aria-describedby=\"caption-attachment-8797\" style=\"width: 290px\" class=\"wp-caption alignleft\"><img loading=\"lazy\" decoding=\"async\" class=\"wp-image-8797 size-medium\" src=\"https:\/\/unser-quartier.de\/neustart-innenstadt\/files\/2024\/06\/Herten-neu-im-quartier-ayados-300x214.png\" alt=\"Abbas Ayad, Inhaber des Ladenlokals &quot;Ayados&quot; an der Jakobstra\u00dfe in Herten, hinter seiner Ladentheke\" width=\"300\" height=\"214\" \/><figcaption id=\"caption-attachment-8797\" class=\"wp-caption-text\">Abbas Ayad freut sich, dass er sich mit seinem Gesch\u00e4ft in der Innenstadt niederlassen konnte<\/figcaption><\/figure>\n<p>Schmuck, Taschen, G\u00fcrtel, Spielwaren und Sportlernahrung finden Sie hier, aber auch Raumd\u00fcfte und Parf\u00fcm aus den Vereinigten Arabischen Emiraten. &#8222;Sie k\u00f6nnen sich sogar Ihren eigenen Duft individuell anmischen lassen, wenn Sie m\u00f6gen&#8220;, erz\u00e4hlt uns Herr Ayad im Interview. Seit 2010 betreibt er einen Online-Handel, zun\u00e4chst f\u00fcr Spielzeug und Textilien, sp\u00e4ter erweiterte er sein Sortiment.\u00a0<\/p>\n<p>Ge\u00f6ffnet ist &#8222;Ayados&#8220; montags bis freitags von 10 bis 18 Uhr, samstags von 10 bis 15 Uhr.\u00a0<\/p>\n<p>Wir freuen uns, Herrn Ayad im Quartier begr\u00fc\u00dfen zu d\u00fcrfen und w\u00fcnschen ihm viel Erfolg in der Innenstadt!\u00a0<\/p>\n","protected":false},"excerpt":{"rendered":"<p>Wer auf der Suche nach Geschenkartikeln ist oder einfach mal ein bisschen nach Schn\u00e4ppchen st\u00f6bern will, schaut mal an der Antoniusstra\u00dfe 13\u201315, Eingang \u00fcber die Jakobstra\u00dfe, vorbei: Hier hat Abbas Ayad am 1. Juni sein Gesch\u00e4ft &#8222;Ayados&#8220; er\u00f6ffnet.\u00a0 Schmuck, Taschen, G\u00fcrtel, Spielwaren und Sportlernahrung finden Sie hier, aber auch Raumd\u00fcfte und Parf\u00fcm aus den Vereinigten&hellip; <a class=\"continue\" href=\"https:\/\/unser-quartier.de\/neustart-innenstadt\/2024\/07\/neu-im-quartier-ayados\/\" data-wpel-link=\"internal\"> \u00bb weiterlesen: <span> Neu im Quartier: Ayados<\/span><\/a><\/p>\n","protected":false},"author":831,"featured_media":0,"comment_status":"closed","ping_status":"closed","sticky":false,"template":"","format":"standard","meta":{"generate_page_header":"","footnotes":""},"categories":[38],"tags":[],"class_list":["post-8791","post","type-post","status-publish","format-standard","hentry","category-aktivitaeten"],"_links":{"self":[{"href":"https:\/\/unser-quartier.de\/neustart-innenstadt\/wp-json\/wp\/v2\/posts\/8791","targetHints":{"allow":["GET"]}}],"collection":[{"href":"https:\/\/unser-quartier.de\/neustart-innenstadt\/wp-json\/wp\/v2\/posts"}],"about":[{"href":"https:\/\/unser-quartier.de\/neustart-innenstadt\/wp-json\/wp\/v2\/types\/post"}],"author":[{"embeddable":true,"href":"https:\/\/unser-quartier.de\/neustart-innenstadt\/wp-json\/wp\/v2\/users\/831"}],"replies":[{"embeddable":true,"href":"https:\/\/unser-quartier.de\/neustart-innenstadt\/wp-json\/wp\/v2\/comments?post=8791"}],"version-history":[{"count":3,"href":"https:\/\/unser-quartier.de\/neustart-innenstadt\/wp-json\/wp\/v2\/posts\/8791\/revisions"}],"predecessor-version":[{"id":8821,"href":"https:\/\/unser-quartier.de\/neustart-innenstadt\/wp-json\/wp\/v2\/posts\/8791\/revisions\/8821"}],"wp:attachment":[{"href":"https:\/\/unser-quartier.de\/neustart-innenstadt\/wp-json\/wp\/v2\/media?parent=8791"}],"wp:term":[{"taxonomy":"category","embeddable":true,"href":"https:\/\/unser-quartier.de\/neustart-innenstadt\/wp-json\/wp\/v2\/categories?post=8791"},{"taxonomy":"post_tag","embeddable":true,"href":"https:\/\/unser-quartier.de\/neustart-innenstadt\/wp-json\/wp\/v2\/tags?post=8791"}],"curies":[{"name":"wp","href":"https:\/\/api.w.org\/{rel}","templated":true}]}}