{"id":8844,"date":"2024-07-11T08:14:06","date_gmt":"2024-07-11T06:14:06","guid":{"rendered":"https:\/\/unser-quartier.de\/neustart-innenstadt\/?p=8844"},"modified":"2024-07-11T08:14:06","modified_gmt":"2024-07-11T06:14:06","slug":"aktionsfonds-foerdert-neues-musikprojekt-fuer-jugendliche-aus-der-innenstadt","status":"publish","type":"post","link":"https:\/\/unser-quartier.de\/neustart-innenstadt\/2024\/07\/aktionsfonds-foerdert-neues-musikprojekt-fuer-jugendliche-aus-der-innenstadt\/","title":{"rendered":"Aktionsfonds f\u00f6rdert neues Musikprojekt f\u00fcr Jugendliche aus der Innenstadt"},"content":{"rendered":"<p style=\"font-weight: 400;\">In der Hertener Innenstadt wird ein neues b\u00fcrgerschaftliches Projekt unter dem Titel \u201eMusic Connect\u201c des Musikers Muhamed Shainovski umgesetzt. Dieses hat der Innenstadtbeirat im Projekt NEUSTART INNENSTADT in seiner letzten Sitzung am 24.06. f\u00fcr eine F\u00f6rderung aus dem Aktionsfonds bewilligt. \u00a0<\/p>\n<p style=\"font-weight: 400;\">Muhamed hat sich in den letzten Jahren bereits durch verschiedene Projekte mit Kindern und Jugendlichen einen Namen in der Hertener Innenstadt gemacht. An diese Projekte m\u00f6chte er jetzt ankn\u00fcpfen in dem er das Thema \u201eMusik\u201c als ein zentrales Element der Identit\u00e4tsfindung junger Menschen und als Ventil f\u00fcr ihre Gef\u00fchle nutzt. Mit dem Projekt m\u00f6chte er in den kommenden Monaten ein Angebot schaffen, durch welches Jugendliche unterschiedlicher kultureller Hintergr\u00fcnde zusammengef\u00fchrt werden sollen. Innerhalb des Projektes geht es prim\u00e4r nicht um das Konsumieren von Musik, sondern darum gemeinsam unter Einbeziehung moderner Technik, Musik und Musikvideos selbst zu produzieren. F\u00fcr die jungen Menschen bedeutet es nicht nur die Erfahrung von Selbstwirksamkeit, sondern sie erlernen F\u00e4higkeiten und Fertigkeiten die sie wiederum langfristig sowohl in schulischen als auch beruflichen Alltag einsetzen k\u00f6nnen.<\/p>\n<p style=\"font-weight: 400;\">In Kooperation mit dem Jugendtreff des Waldritter-NRW e. V. lernen Jugendliche im Alter von 14 bis 21 Jahren z. B. das Improvisieren mit PC-Unterst\u00fctzung, das Komponieren mit Alltagskl\u00e4ngen oder M\u00f6glichkeiten des Storytellings und der Bildbearbeitung. Hierdurch er\u00f6ffnen sich den Teilnehmenden individuelle und kreative Interpretations- und Ausdrucksm\u00f6glichkeiten. Die Resultate des Projektes sollen an einem Tag der offenen T\u00fcr im Offenen Jugendtreff im KreativCampus im Dezember 2024 pr\u00e4sentiert werden. Gleichzeitig werden die Resultate des Projektes auch Ankn\u00fcpfungspunkt f\u00fcr nachfolgende Projekte sein. Wer Interesse an einer Teilnahme am Projekt hat, kann sich gerne beim Jugendtreff der Waldritter melden (Ewaldstra\u00dfe 20, 45699 Herten, Tel. 02366 5080338).<\/p>\n","protected":false},"excerpt":{"rendered":"<p>In der Hertener Innenstadt wird ein neues b\u00fcrgerschaftliches Projekt unter dem Titel \u201eMusic Connect\u201c des Musikers Muhamed Shainovski umgesetzt. Dieses hat der Innenstadtbeirat im Projekt NEUSTART INNENSTADT in seiner letzten Sitzung am 24.06. f\u00fcr eine F\u00f6rderung aus dem Aktionsfonds bewilligt. \u00a0 Muhamed hat sich in den letzten Jahren bereits durch verschiedene Projekte mit Kindern und&hellip; <a class=\"continue\" href=\"https:\/\/unser-quartier.de\/neustart-innenstadt\/2024\/07\/aktionsfonds-foerdert-neues-musikprojekt-fuer-jugendliche-aus-der-innenstadt\/\" data-wpel-link=\"internal\"> \u00bb weiterlesen: <span> Aktionsfonds f\u00f6rdert neues Musikprojekt f\u00fcr Jugendliche aus der Innenstadt<\/span><\/a><\/p>\n","protected":false},"author":740,"featured_media":0,"comment_status":"closed","ping_status":"closed","sticky":false,"template":"","format":"standard","meta":{"generate_page_header":"","footnotes":""},"categories":[1],"tags":[],"class_list":["post-8844","post","type-post","status-publish","format-standard","hentry","category-dies-und-das"],"_links":{"self":[{"href":"https:\/\/unser-quartier.de\/neustart-innenstadt\/wp-json\/wp\/v2\/posts\/8844","targetHints":{"allow":["GET"]}}],"collection":[{"href":"https:\/\/unser-quartier.de\/neustart-innenstadt\/wp-json\/wp\/v2\/posts"}],"about":[{"href":"https:\/\/unser-quartier.de\/neustart-innenstadt\/wp-json\/wp\/v2\/types\/post"}],"author":[{"embeddable":true,"href":"https:\/\/unser-quartier.de\/neustart-innenstadt\/wp-json\/wp\/v2\/users\/740"}],"replies":[{"embeddable":true,"href":"https:\/\/unser-quartier.de\/neustart-innenstadt\/wp-json\/wp\/v2\/comments?post=8844"}],"version-history":[{"count":1,"href":"https:\/\/unser-quartier.de\/neustart-innenstadt\/wp-json\/wp\/v2\/posts\/8844\/revisions"}],"predecessor-version":[{"id":8845,"href":"https:\/\/unser-quartier.de\/neustart-innenstadt\/wp-json\/wp\/v2\/posts\/8844\/revisions\/8845"}],"wp:attachment":[{"href":"https:\/\/unser-quartier.de\/neustart-innenstadt\/wp-json\/wp\/v2\/media?parent=8844"}],"wp:term":[{"taxonomy":"category","embeddable":true,"href":"https:\/\/unser-quartier.de\/neustart-innenstadt\/wp-json\/wp\/v2\/categories?post=8844"},{"taxonomy":"post_tag","embeddable":true,"href":"https:\/\/unser-quartier.de\/neustart-innenstadt\/wp-json\/wp\/v2\/tags?post=8844"}],"curies":[{"name":"wp","href":"https:\/\/api.w.org\/{rel}","templated":true}]}}