{"id":8992,"date":"2024-08-22T15:01:23","date_gmt":"2024-08-22T13:01:23","guid":{"rendered":"https:\/\/unser-quartier.de\/neustart-innenstadt\/?p=8992"},"modified":"2024-08-22T15:01:23","modified_gmt":"2024-08-22T13:01:23","slug":"neuer-verkehrsuebungsplatz-in-der-innenstadt","status":"publish","type":"post","link":"https:\/\/unser-quartier.de\/neustart-innenstadt\/2024\/08\/neuer-verkehrsuebungsplatz-in-der-innenstadt\/","title":{"rendered":"Neuer Verkehrs\u00fcbungsplatz in der Innenstadt"},"content":{"rendered":"<div>\n<p>Seit den Sommerferien ist die Hertener Innenstadt um eine neue Attraktion f\u00fcr Kinder reicher! Mit finanzieller Unterst\u00fctzung des Aktionsfonds des Projektes NEUSTART INNENSTADT im Rahmen der St\u00e4dtebauf\u00f6rderung von Bund, Land NRW und der Stadt Herten wurde auf dem Schulhof der Grundschule Herten-Mitte ein toller neuer Verkehrs\u00fcbungsplatz aufgebracht. Dieser besteht aus einem Rundkurs mit zwei Fahrbahnen sowie zahlreichen Verkehrsschildern, F\u00fc\u00dfg\u00e4nger*innen\u00fcberwegen, einem kleinen Slalomparcours sowie einem Kreisverkehr. Damit sind dort viele Dinge zu finden, auf die Fahrradfahrerinnen und -fahrer auch im normalen Stra\u00dfenverkehr treffen.<\/p>\n<\/div>\n<div>\n<p>Mit dem \u00dcbungsplatz m\u00f6chte die Grundschule Herten-Mitte alle Kinder aus der Innenstadt und dar\u00fcber hinaus unterst\u00fctzen, Fahrradfahren zu lernen und sicher zu werden f\u00fcr den Stra\u00dfenverkehr. Neben der F\u00f6rderung aus dem Aktionsfonds konnte dieses Projekt nur dank der tollen Unterst\u00fctzung der Firma Swarco Vestglas umgesetzt werden. Der Kontakt zu Swarco erfolgte eher zuf\u00e4llig \u00fcber den Vater eines Grundschulkindes, der seinen Arbeitgeber von einer Unterst\u00fctzung dieses tollen Projektes \u00fcberzeugen konnte. Die Recklingh\u00e4user Firma \u00fcbernahm die restlichen Kosten f\u00fcr den Verkehrsparcours und r\u00fcckte in den Sommerferien mit vier Mitarbeitern sowie einer Spezialmaschine an, die sonst eigentlich im Stra\u00dfenbau eingesetzt wird. Die aufgebrachten Markierungen haben daher dieselbe Qualit\u00e4t, wie Markierungen im Stra\u00dfenverkehr und sind sehr hochwertig und langlebig.<\/p>\n<\/div>\n<div>\n<p>\u201eSo einen tollen Parcours h\u00e4tten wir uns eigentlich gar nicht leisten k\u00f6nnen\u201c, freut sich Anne Kuhn, Projektkoordinatorin \u201eEin Quadratmeter Bildung\u201c an der Grundschule \u00fcber die Unterst\u00fctzung von Swarco und der Stadt Herten. \u201eDer Parcours wurde extra f\u00fcr uns entworfen und wird zuk\u00fcnftig f\u00fcr den regelm\u00e4\u00dfigen Fahrrad- und Verkehrsunterricht der Schule genutzt werden. Nat\u00fcrlich steht er nachmittags auch allen anderen Kindern aus Herten zur Verf\u00fcgung, die Fahrradfahren lernen wollen.\u201c f\u00fchrt Anne Kuhn weiter aus. F\u00fcr alle Kinder, die kein eigenes Fahrrad besitzen, verf\u00fcgt die Grundschule \u00fcber eine eigene kleine Anzahl an Fahrr\u00e4dern, die dort geliehen werden k\u00f6nnen. Die intensive Nutzung des neuen Parcours durch viele Kinder in den Ferien hat bereits gezeigt, wie gro\u00df die Begeisterung \u00fcber den neuen \u00dcbungsplatz ist und wie wichtig dieses neue Angebot f\u00fcr die Kinder der Innenstadt ist.<\/p>\n<\/div>\n","protected":false},"excerpt":{"rendered":"<p>Seit den Sommerferien ist die Hertener Innenstadt um eine neue Attraktion f\u00fcr Kinder reicher! Mit finanzieller Unterst\u00fctzung des Aktionsfonds des Projektes NEUSTART INNENSTADT im Rahmen der St\u00e4dtebauf\u00f6rderung von Bund, Land NRW und der Stadt Herten wurde auf dem Schulhof der Grundschule Herten-Mitte ein toller neuer Verkehrs\u00fcbungsplatz aufgebracht. Dieser besteht aus einem Rundkurs mit zwei Fahrbahnen&hellip; <a class=\"continue\" href=\"https:\/\/unser-quartier.de\/neustart-innenstadt\/2024\/08\/neuer-verkehrsuebungsplatz-in-der-innenstadt\/\" data-wpel-link=\"internal\"> \u00bb weiterlesen: <span> Neuer Verkehrs\u00fcbungsplatz in der Innenstadt<\/span><\/a><\/p>\n","protected":false},"author":740,"featured_media":0,"comment_status":"closed","ping_status":"closed","sticky":false,"template":"","format":"standard","meta":{"generate_page_header":"","footnotes":""},"categories":[38],"tags":[],"class_list":["post-8992","post","type-post","status-publish","format-standard","hentry","category-aktivitaeten"],"_links":{"self":[{"href":"https:\/\/unser-quartier.de\/neustart-innenstadt\/wp-json\/wp\/v2\/posts\/8992","targetHints":{"allow":["GET"]}}],"collection":[{"href":"https:\/\/unser-quartier.de\/neustart-innenstadt\/wp-json\/wp\/v2\/posts"}],"about":[{"href":"https:\/\/unser-quartier.de\/neustart-innenstadt\/wp-json\/wp\/v2\/types\/post"}],"author":[{"embeddable":true,"href":"https:\/\/unser-quartier.de\/neustart-innenstadt\/wp-json\/wp\/v2\/users\/740"}],"replies":[{"embeddable":true,"href":"https:\/\/unser-quartier.de\/neustart-innenstadt\/wp-json\/wp\/v2\/comments?post=8992"}],"version-history":[{"count":1,"href":"https:\/\/unser-quartier.de\/neustart-innenstadt\/wp-json\/wp\/v2\/posts\/8992\/revisions"}],"predecessor-version":[{"id":8993,"href":"https:\/\/unser-quartier.de\/neustart-innenstadt\/wp-json\/wp\/v2\/posts\/8992\/revisions\/8993"}],"wp:attachment":[{"href":"https:\/\/unser-quartier.de\/neustart-innenstadt\/wp-json\/wp\/v2\/media?parent=8992"}],"wp:term":[{"taxonomy":"category","embeddable":true,"href":"https:\/\/unser-quartier.de\/neustart-innenstadt\/wp-json\/wp\/v2\/categories?post=8992"},{"taxonomy":"post_tag","embeddable":true,"href":"https:\/\/unser-quartier.de\/neustart-innenstadt\/wp-json\/wp\/v2\/tags?post=8992"}],"curies":[{"name":"wp","href":"https:\/\/api.w.org\/{rel}","templated":true}]}}