{"id":9218,"date":"2024-11-11T14:47:47","date_gmt":"2024-11-11T13:47:47","guid":{"rendered":"https:\/\/unser-quartier.de\/neustart-innenstadt\/?p=9218"},"modified":"2024-11-11T14:50:16","modified_gmt":"2024-11-11T13:50:16","slug":"lichter-an-zum-kinderspass-2024-2","status":"publish","type":"post","link":"https:\/\/unser-quartier.de\/neustart-innenstadt\/2024\/11\/lichter-an-zum-kinderspass-2024-2\/","title":{"rendered":"Lichter an zum Kinderspa\u00df 2024"},"content":{"rendered":"<p style=\"font-weight: 400;\">Freitagabend war die s\u00fcdliche Ewaldstra\u00dfe hell erleuchtet! Die Ludothek, der Jugendtreff und das Projektb\u00fcro schalteten gemeinsam die Lichter an zum diesj\u00e4hrigen Kinderspa\u00df. Die Hertener Familien konnten sich \u00fcber einige tolle Angebote und eine magische Mitmachshow freuen, welche insbesondere bei den kleinen G\u00e4sten sehr gut ankam. Eine Stunde lang bespa\u00dfte Markus, der zaubernde Clown vom Zirkus Pompitz, die Kinder und Eltern mit seiner Show und einigen Ballonfiguren. Das Projektb\u00fcro verteilte Kekse, Weintrauben und Kinderpunsch, w\u00e4hrend sich die Kinder ihr Glitzertattoo vom Haus der Kulturen abholten und verschiedene Laternen, Lichtflaschen und Leuchtzwerge mit den Waldrittern, dem Cliquentreff Sch\u00fcrmannswiese und der Jugendf\u00f6rderung der Stadt Herten bastelten. Recht schnell war die s\u00fcdliche Ewaldstra\u00dfe voll mit spielenden Kindern, welche ihre Laternen und Glitzertattoos stolz pr\u00e4sentierten. Alle Beteiligten erlebten einen sch\u00f6nen Abend und erfreuten sich an den vielen Lichtern!<\/p>\n<div class=\"wp-block-image\">\n<div id='gallery-1' class='gallery galleryid-9218 gallery-columns-3 gallery-size-thumbnail'><figure class='gallery-item'>\n\t\t\t<div class='gallery-icon '>\n\t\t\t\t<a href=\"https:\/\/unser-quartier.de\/neustart-innenstadt\/2024\/11\/lichter-an-zum-kinderspass-2024-2\/24_ibh_lian_1073\/\" data-wpel-link=\"internal\">Kinderspa\u00df_Jugendtreff<\/a>\n\t\t\t<\/div>\n\t\t\t\t<figcaption class='wp-caption-text gallery-caption' id='gallery-1-9224'>\n\t\t\t\tLichtflaschen im Jugendtreff\n\t\t\t\t<\/figcaption><\/figure><figure class='gallery-item'>\n\t\t\t<div class='gallery-icon '>\n\t\t\t\t<a href=\"https:\/\/unser-quartier.de\/neustart-innenstadt\/2024\/11\/lichter-an-zum-kinderspass-2024-2\/24_ibh_lian_0927\/\" data-wpel-link=\"internal\">Kinderspa\u00df Ewaldstra\u00dfe<\/a>\n\t\t\t<\/div>\n\t\t\t\t<figcaption class='wp-caption-text gallery-caption' id='gallery-1-9225'>\n\t\t\t\tLichter an in der Ewaldstra\u00dfe\n\t\t\t\t<\/figcaption><\/figure><figure class='gallery-item'>\n\t\t\t<div class='gallery-icon '>\n\t\t\t\t<a href=\"https:\/\/unser-quartier.de\/neustart-innenstadt\/2024\/11\/lichter-an-zum-kinderspass-2024-2\/24_ibh_lian_0992\/\" data-wpel-link=\"internal\">Kinderspa\u00df Projektb\u00fcro<\/a>\n\t\t\t<\/div>\n\t\t\t\t<figcaption class='wp-caption-text gallery-caption' id='gallery-1-9223'>\n\t\t\t\tLeuchtzwerge im Projektb\u00fcro\n\t\t\t\t<\/figcaption><\/figure><figure class='gallery-item'>\n\t\t\t<div class='gallery-icon '>\n\t\t\t\t<a href=\"https:\/\/unser-quartier.de\/neustart-innenstadt\/2024\/11\/lichter-an-zum-kinderspass-2024-2\/24_ibh_lian_0857\/\" data-wpel-link=\"internal\">Kinderspa\u00df Ludothek<\/a>\n\t\t\t<\/div>\n\t\t\t\t<figcaption class='wp-caption-text gallery-caption' id='gallery-1-9222'>\n\t\t\t\tLaternen in der Ludothek\n\t\t\t\t<\/figcaption><\/figure><figure class='gallery-item'>\n\t\t\t<div class='gallery-icon '>\n\t\t\t\t<a href=\"https:\/\/unser-quartier.de\/neustart-innenstadt\/2024\/11\/lichter-an-zum-kinderspass-2024-2\/24_ibh_lian_0844\/\" data-wpel-link=\"internal\">Kinderspa\u00df Projektb\u00fcro Haus der Kulturen<\/a>\n\t\t\t<\/div>\n\t\t\t\t<figcaption class='wp-caption-text gallery-caption' id='gallery-1-9221'>\n\t\t\t\tGlitzertattoos im Projektb\u00fcro\n\t\t\t\t<\/figcaption><\/figure>\n\t\t<\/div>\n\n<\/div>\n<p>Fotos: Martin Schm\u00fcdderich\u00a0<\/p>\n","protected":false},"excerpt":{"rendered":"<p>Freitagabend war die s\u00fcdliche Ewaldstra\u00dfe hell erleuchtet! Die Ludothek, der Jugendtreff und das Projektb\u00fcro schalteten gemeinsam die Lichter an zum diesj\u00e4hrigen Kinderspa\u00df. Die Hertener Familien konnten sich \u00fcber einige tolle Angebote und eine magische Mitmachshow freuen, welche insbesondere bei den kleinen G\u00e4sten sehr gut ankam. Eine Stunde lang bespa\u00dfte Markus, der zaubernde Clown vom Zirkus&hellip; <a class=\"continue\" href=\"https:\/\/unser-quartier.de\/neustart-innenstadt\/2024\/11\/lichter-an-zum-kinderspass-2024-2\/\" data-wpel-link=\"internal\"> \u00bb weiterlesen: <span> Lichter an zum Kinderspa\u00df 2024<\/span><\/a><\/p>\n","protected":false},"author":740,"featured_media":0,"comment_status":"closed","ping_status":"closed","sticky":false,"template":"","format":"standard","meta":{"generate_page_header":"","footnotes":""},"categories":[4],"tags":[],"class_list":["post-9218","post","type-post","status-publish","format-standard","hentry","category-berichte"],"_links":{"self":[{"href":"https:\/\/unser-quartier.de\/neustart-innenstadt\/wp-json\/wp\/v2\/posts\/9218","targetHints":{"allow":["GET"]}}],"collection":[{"href":"https:\/\/unser-quartier.de\/neustart-innenstadt\/wp-json\/wp\/v2\/posts"}],"about":[{"href":"https:\/\/unser-quartier.de\/neustart-innenstadt\/wp-json\/wp\/v2\/types\/post"}],"author":[{"embeddable":true,"href":"https:\/\/unser-quartier.de\/neustart-innenstadt\/wp-json\/wp\/v2\/users\/740"}],"replies":[{"embeddable":true,"href":"https:\/\/unser-quartier.de\/neustart-innenstadt\/wp-json\/wp\/v2\/comments?post=9218"}],"version-history":[{"count":3,"href":"https:\/\/unser-quartier.de\/neustart-innenstadt\/wp-json\/wp\/v2\/posts\/9218\/revisions"}],"predecessor-version":[{"id":9229,"href":"https:\/\/unser-quartier.de\/neustart-innenstadt\/wp-json\/wp\/v2\/posts\/9218\/revisions\/9229"}],"wp:attachment":[{"href":"https:\/\/unser-quartier.de\/neustart-innenstadt\/wp-json\/wp\/v2\/media?parent=9218"}],"wp:term":[{"taxonomy":"category","embeddable":true,"href":"https:\/\/unser-quartier.de\/neustart-innenstadt\/wp-json\/wp\/v2\/categories?post=9218"},{"taxonomy":"post_tag","embeddable":true,"href":"https:\/\/unser-quartier.de\/neustart-innenstadt\/wp-json\/wp\/v2\/tags?post=9218"}],"curies":[{"name":"wp","href":"https:\/\/api.w.org\/{rel}","templated":true}]}}