{"id":9423,"date":"2024-12-18T15:08:16","date_gmt":"2024-12-18T14:08:16","guid":{"rendered":"https:\/\/unser-quartier.de\/neustart-innenstadt\/?p=9423"},"modified":"2024-12-18T15:08:16","modified_gmt":"2024-12-18T14:08:16","slug":"entscheidung-fuer-die-neugestaltung-des-marktplatzes-gefallen","status":"publish","type":"post","link":"https:\/\/unser-quartier.de\/neustart-innenstadt\/2024\/12\/entscheidung-fuer-die-neugestaltung-des-marktplatzes-gefallen\/","title":{"rendered":"Entscheidung f\u00fcr die Neugestaltung des Marktplatzes gefallen"},"content":{"rendered":"<p style=\"font-weight: 400;\">Im Zuge des Stadterneuerungsprozesses NEUSTART INNENSTADT soll der Marktplatz in der Hertener Innenstadt neugestaltet werden. Zum Abschluss des Wettbewerbsverfahrens fand in der vergangenen Woche die Preisgerichtssitzung im B\u00fcrgerhaus Herten statt. Unter zw\u00f6lf Bewerbungen k\u00fcrte die Jury den Gewinner sowie den zweiten und dritten Platz. Die Jury, bestehend aus Vertreterinnen der Stadt Herten, externen Fachleuten und politischen Vertreterinnen sowie Vertretern, bewertete unter Vorsitz von Prof. Burkhard Wegener, die eingereichten Entw\u00fcrfe intensiv nach gestalterischen, funktionalen und nachhaltigen Gesichtspunkten.<\/p>\n<p>Nach angeregten Diskussionen fiel die Entscheidung f\u00fcr den ersten Platz zugunsten des Entwurfs von Greenbox Landschaftsarchitekten in Zusammenarbeit mit BPR Ingenieure. Der pr\u00e4mierte Entwurf besticht durch seine multifunktionalen und flexiblen Ans\u00e4tze, die gleicherma\u00dfen die Bedeutung des Platzes, die Bed\u00fcrfnisse der B\u00fcrgerinnen und B\u00fcrger sowie die klimatischen Herausforderungen ber\u00fccksichtigen.<\/p>\n<p>Mit dem zweiten Platz wurde die Arbeitsgemeinschaft studio polymorph Landschaftsarchitekten mit IVA-Ingenieurb\u00fcro f\u00fcr Verkehrsanlagen und -systeme, mit dem dritten Platz OTTL.LA Landschaftsarchitekten Sch\u00f6berl H\u00f6velmann mit SHP Ingenieure GbR ausgezeichnet. Eine Anerkennung erhielt der Entwurf von GTL Landschaftsarchitektur Triebswetter, Mauer, Bruns mit LK Argus Kassel GmbH.<\/p>\n<p>Die Ergebnisse des Wettbewerbs werden vom <strong>23. Januar bis 6. Februar 2025<\/strong> \u00f6ffentlich im Treppenhaus des Rathauses (3. OG) ausgestellt. Die Stadt Herten bedankt sich bei allen teilnehmenden B\u00fcros f\u00fcr ihre kreativen Beitr\u00e4ge und freut sich darauf, gemeinsam mit den Preistr\u00e4gern den Marktplatz zu einem neuen Herzst\u00fcck der Innenstadt zu entwickeln.<\/p>\n<p><strong>Ablauf Planungswettbewerb<\/strong><\/p>\n<p>Um f\u00fcr die geplante Umgestaltung und die vielf\u00e4ltigen Problemlagen der Fl\u00e4che innovative Entwicklungsideen zu erhalten, hat die Stadt Herten im August 2024 in enger Abstimmung mit dem Land Nordrhein-Westfalen und der Architektenkammer einen einphasigen und anonymen Realisierungswettbewerb nach den Richtlinien f\u00fcr Planungswettbewerbe (RPW 2013) ausgelobt. Der Wettbewerbsgegenstand umfasste den rund 7.000 Quadratmeter gro\u00dfen Marktplatz, die drei Gassen zwischen Marktplatz und Ewaldstra\u00dfe sowie die Antoniusstra\u00dfe zwischen Kurt-Schumacher-Stra\u00dfe und Ewaldstra\u00dfe.<\/p>\n<p>F\u00fcr alle Fl\u00e4chen waren Visionen f\u00fcr eine verbesserte Verkehrserschlie\u00dfung, klimatische Optimierungen und eine erh\u00f6hte Aufenthaltsqualit\u00e4t gefragt. Zum einen stellt der Marktplatz aufgrund seiner vollfl\u00e4chigen Versiegelung an hei\u00dfen Sommertagen eine Hitzeinsel dar, die sich negativ auf Anwohnende und Besucherinnen sowie Besucher auswirkt. Eine direkte Begr\u00fcnung des Platzes mit tief wurzelnden Pflanzen und B\u00e4umen ist aufgrund der darunterliegenden Tiefgarage aber stark eingeschr\u00e4nkt. Zum anderen besitzt der Platz keine Aufenthaltsqualit\u00e4t und auch die Verkehrssituation ist verbesserungsw\u00fcrdig.<\/p>\n<p>Trotz dieser Einschr\u00e4nkungen ist der Marktplatz zweimal w\u00f6chentlich Standort f\u00fcr den gut frequentierten Wochenmarkt, Veranstaltungsfl\u00e4che f\u00fcr unterschiedliche Events (bspw. Stra\u00dfentheater, Familienfest, Integrationsfest) und ein stark frequentierter Parkplatz, der f\u00fcr die Kaufmannschaft eine gro\u00dfe Bedeutung hat.<\/p>\n<p><strong>Hintergrund<\/strong><\/p>\n<p>Mit dem integrierten Stadtentwicklungsprozess NEUSTART INNENSTADT treibt die Stadt Herten seit 2018 die st\u00e4dtebauliche und freiraumplanerische Aufwertung der Innenstadt voran. Neben vielen anderen verschiedenen Ma\u00dfnahmen wurde mit der Neugestaltung der s\u00fcdlichen Ewaldstra\u00dfe und aktuell mit dem Umbau des Bramh\u00fcgels auch eine deutliche Aufwertung des \u00f6ffentlichen Raums unter dem Leitbild \u201eDer Park kommt in die Stadt\u201c durchgef\u00fchrt. Ziel der Umgestaltung ist es, die \u00f6ffentlichen Fl\u00e4chen durch eine Begr\u00fcnung, eine attraktive Gestaltung und verschiedene Spiel- und Kommunikationsangebote aufzuwerten und eine hohe Nutzerfreundlichkeit f\u00fcr alle Generationen zu schaffen.<\/p>\n","protected":false},"excerpt":{"rendered":"<p>Im Zuge des Stadterneuerungsprozesses NEUSTART INNENSTADT soll der Marktplatz in der Hertener Innenstadt neugestaltet werden. Zum Abschluss des Wettbewerbsverfahrens fand in der vergangenen Woche die Preisgerichtssitzung im B\u00fcrgerhaus Herten statt. Unter zw\u00f6lf Bewerbungen k\u00fcrte die Jury den Gewinner sowie den zweiten und dritten Platz. Die Jury, bestehend aus Vertreterinnen der Stadt Herten, externen Fachleuten und&hellip; <a class=\"continue\" href=\"https:\/\/unser-quartier.de\/neustart-innenstadt\/2024\/12\/entscheidung-fuer-die-neugestaltung-des-marktplatzes-gefallen\/\" data-wpel-link=\"internal\"> \u00bb weiterlesen: <span> Entscheidung f\u00fcr die Neugestaltung des Marktplatzes gefallen<\/span><\/a><\/p>\n","protected":false},"author":740,"featured_media":0,"comment_status":"closed","ping_status":"closed","sticky":false,"template":"","format":"standard","meta":{"generate_page_header":"","footnotes":""},"categories":[38],"tags":[],"class_list":["post-9423","post","type-post","status-publish","format-standard","hentry","category-aktivitaeten"],"_links":{"self":[{"href":"https:\/\/unser-quartier.de\/neustart-innenstadt\/wp-json\/wp\/v2\/posts\/9423","targetHints":{"allow":["GET"]}}],"collection":[{"href":"https:\/\/unser-quartier.de\/neustart-innenstadt\/wp-json\/wp\/v2\/posts"}],"about":[{"href":"https:\/\/unser-quartier.de\/neustart-innenstadt\/wp-json\/wp\/v2\/types\/post"}],"author":[{"embeddable":true,"href":"https:\/\/unser-quartier.de\/neustart-innenstadt\/wp-json\/wp\/v2\/users\/740"}],"replies":[{"embeddable":true,"href":"https:\/\/unser-quartier.de\/neustart-innenstadt\/wp-json\/wp\/v2\/comments?post=9423"}],"version-history":[{"count":2,"href":"https:\/\/unser-quartier.de\/neustart-innenstadt\/wp-json\/wp\/v2\/posts\/9423\/revisions"}],"predecessor-version":[{"id":9425,"href":"https:\/\/unser-quartier.de\/neustart-innenstadt\/wp-json\/wp\/v2\/posts\/9423\/revisions\/9425"}],"wp:attachment":[{"href":"https:\/\/unser-quartier.de\/neustart-innenstadt\/wp-json\/wp\/v2\/media?parent=9423"}],"wp:term":[{"taxonomy":"category","embeddable":true,"href":"https:\/\/unser-quartier.de\/neustart-innenstadt\/wp-json\/wp\/v2\/categories?post=9423"},{"taxonomy":"post_tag","embeddable":true,"href":"https:\/\/unser-quartier.de\/neustart-innenstadt\/wp-json\/wp\/v2\/tags?post=9423"}],"curies":[{"name":"wp","href":"https:\/\/api.w.org\/{rel}","templated":true}]}}