{"id":10083,"date":"2020-01-15T11:54:59","date_gmt":"2020-01-15T10:54:59","guid":{"rendered":"https:\/\/unser-quartier.de\/oberhausen\/?p=10083"},"modified":"2019-12-21T18:30:22","modified_gmt":"2019-12-21T17:30:22","slug":"zukuenftig-wieder-gemeindeschwestern","status":"publish","type":"post","link":"https:\/\/unser-quartier.de\/oberhausen\/2020\/01\/zukuenftig-wieder-gemeindeschwestern\/sraebiger\/","title":{"rendered":"Zuk\u00fcnftig wieder Gemeindeschwestern"},"content":{"rendered":"<blockquote>\n<p><strong>&#8222;Der Traum ist der k\u00f6nigliche Weg zu unserer Seele&#8220;<\/strong> Siegmund Freud<\/p>\n<\/blockquote>\n<p>Mit der Zuspitzung des Mangels von Pflegefachkr\u00e4ften und der unterschiedlichen Entlohnung werden ambulante Dienste aus wirtschaftlichen Gr\u00fcnden den Betrieb einstellen. In Oberhausen sind 2019 43 ambulante Dienste gemeldet. Die <a href=\"https:\/\/www.oberhausen.de\/de\/index\/leben-in-oberhausen\/pflege_in_oberhausen\/material_pflege_in_oberhausen\/preisliste_ambulante_pflegedienste.pdf\" class=\"mtli_attachment mtli_pdf ext-link wpel-icon-right\" data-wpel-link=\"external\" target=\"_self\" rel=\"nofollow external noopener noreferrer\" title=\"Externer Link: aktuelle Preisliste\">aktuelle Preisliste<span class=\"wpel-icon wpel-image wpel-icon-6\"><\/span><\/a> der Anbieter zeigt gro\u00dfe Spannbreiten auf. Derzeit gibt es 15 Tagespflege-Einrichtungen mit 223 Pl\u00e4tze f\u00fcr 8.000 anerkannt Pflegebed\u00fcrftige. Die Tagespreise finden Sie &gt;&gt; <a href=\"https:\/\/www.oberhausen.de\/de\/index\/leben-in-oberhausen\/pflege_in_oberhausen\/material_pflege_in_oberhausen\/preisliste_tagespflege.pdf\" class=\"mtli_attachment mtli_pdf ext-link wpel-icon-right\" data-wpel-link=\"external\" target=\"_self\" rel=\"nofollow external noopener noreferrer\" title=\"Externer Link: hier\">hier<span class=\"wpel-icon wpel-image wpel-icon-6\"><\/span><\/a> &lt;&lt; \u00a0\u00a0Wer sich heute um die ambulante Hilfe bem\u00fcht, braucht Geduld, ebenso bei der Suche nach einen Platz in der Tagespflege und noch schwieriger sind Pl\u00e4tze in der Kurzzeitpflege zu finden. Derzeit m\u00fcssen in Oberhausen mehr als 82 Prozent der anerkannt Pflegebed\u00fcrftigen zu Hause gepflegt werden und nicht einmal 40 Prozent k\u00f6nnen derzeit von ambulanten Diensten unterst\u00fctzt werden. W\u00fcrde Oberhausen wie Bottrop eine aktive Altenhilfeplanung betreiben, bleibt das Problem der fehlenden Hilfe.<\/p>\n<p><strong>-Ambulant vor Station\u00e4r-<\/strong> gilt mit dem Pflegeversicherungsgesetz aus 1994 (SGB XI). Die Politik nahm dies zum Anlass, sich aus der ambulanten Pflege, einschlie\u00dflich der Teilstation\u00e4ren Angeboten (Tages- Kurzzeitpflege) zu verabschieden. Bundes- und Landesgesetze sind theoretische Vorgaben. Solange in der Kommune die Seniorenpolitik nicht aufgenommen, von den Ratsmitgliedern gesehen und umgesetzt wird, gehen die Anspr\u00fcche der Pflegebed\u00fcrftigen ins Leere, die Pflegekassen sparen bis zu 80 Prozent der teilstation\u00e4ren Jahresleistungen.<\/p>\n<p><strong><b>Baden-W\u00fcrttemberg ist weiter. <\/b><\/strong><\/p>\n<p>In drei Kommunen: Gemeinde Neuweiler im Landkreis Calw, Rheinfelden (Landkreis L\u00f6rrach); kreisfreie Stadt Ulm wurde 2014-2017 ein Projekt umgesetzt, mit dem Ziel einer Verbesserung der Kooperationsstrukturen \u00fcber unterschiedliche Handlungsfelder wie Pflege, Gesundheit, soziale und kulturelle Infrastruktur, Mobilit\u00e4tsangebote hinweg.<\/p>\n<p>So lange und so gut wie m\u00f6glich selbst\u00e4ndig zu Hause leben zu k\u00f6nnen, das ist ein zentraler Wunsch \u00e4lterer Menschen und zugleich ein zentrales Ziel der Gesundheits- und Sozialpolitik in Deutschland (Institut f\u00fcr Demoskopie Allensbach, 2012). Selbst\u00e4ndige Lebensf\u00fchrung, Lebensqualit\u00e4t und Teilhabe im Alter werden zum einen vom Verhalten, den Kenntnissen, den Ressourcen und der Motivation des Einzelnen beeinflusst, sein Leben gesundheitsf\u00f6rdernd zu gestalten. Zum anderen kommt der Kommune als Ort der Lebensf\u00fchrung hier eine besondere Bedeutung zu.<\/p>\n<p>Neben den individuellen Faktoren sind selbst\u00e4ndige Lebensf\u00fchrung, Lebensqualit\u00e4t und Teilhabe im Alter ma\u00dfgeblich von kommunalen Rahmenbedingungen und Angeboten sowie den sozialen Netzwerken am Wohnort gepr\u00e4gt. Je \u00e4lter ein Mensch wird, desto st\u00e4rker konzentriert sich sein Aktionsradius auf die Wohnung und das angrenzende Wohnumfeld mit seinen Rahmenbedingungen.<\/p>\n<p><strong><b>Konkrete Fragen<\/b><\/strong> stellen sich f\u00fcr den Einzelnen, f\u00fcr Familien und Angeh\u00f6rige:<\/p>\n<ul>\n<li>Welche relevante Infrastruktur ist in unserem Wohnumfeld vorhanden?<\/li>\n<li>Welche Freizeit- und Kulturangebote gibt es?<\/li>\n<li>Welche Leistungen k\u00f6nnen im Sozial-, Pflege- und Gesundheitswesen beansprucht werden?<\/li>\n<li>Wer kann dazu fundiert und bedarfsorientiert beraten?<\/li>\n<\/ul>\n<p>Kommunen stehen aktuell und zuk\u00fcnftig vor besonderen Herausforderungen des demografischen Wandels. Der zunehmende Anteil \u00e4lterer und hochaltriger B\u00fcrgerinnen und B\u00fcrger erfordert gerade in den Gemeinden, St\u00e4dten und Landkreisen \u2013 also vor Ort \u2013 Antworten und Entwicklungen im Hinblick auf den Wunsch der Menschen, so lange und so gut wie m\u00f6glich im eigenen Zuhause selbstst\u00e4ndig leben zu k\u00f6nnen.<\/p>\n<p><strong>Neue, passende und angemessene Angebote<\/strong> zur Information, Beratung, Unterst\u00fctzung und Versorgung im Hinblick auf Erhalt von selbst\u00e4ndiger Lebensf\u00fchrung und Teilhabe sowie bez\u00fcglich der Pr\u00e4vention von Pflegebed\u00fcrftigkeit und Krankheit im Alter sind notwendig. Was bei der Gemeindeschwester selbstverst\u00e4ndlich war, muss ethisch auch heute gefordert werden. Die heutige Zwangsbegl\u00fcckung zur optimalen Abrechnung ist zu \u00e4chten.\u00a0<\/p>\n<blockquote>\n<p><strong><b>Grundvoraussetzungen <\/b><\/strong><\/p>\n<\/blockquote>\n<p>f\u00fcr die Durchf\u00fchrung von pr\u00e4ventiven Hausbesuchen sind im Rahmenkonzept die ethischen Prinzipien der Freiwilligkeit, der Selbstbestimmtheit, der Vertraulichkeit und der Neutralit\u00e4t.<\/p>\n<p><strong>Das Prinzip der Freiwilligkeit<\/strong> bedeutet, dass ein pr\u00e4ventiver Hausbesuch nur mit dem Einverst\u00e4ndnis der zu beratenden Person durchgef\u00fchrt wird. Dies gilt ebenfalls, wenn Angeh\u00f6rige oder Nachbarn einen Hausbesuch f\u00fcr eine Seniorin bzw. einen Senior anfragen. \u00a0Der betroffene \u00e4ltere Mensch muss zustimmen, bevor ein Hausbesuch stattfinden kann. Neben der Freiwilligkeit ist die<\/p>\n<p><strong>Selbstbestimmtheit des alten Menschen<\/strong> eine ethische Leitlinie. Auch nach der grunds\u00e4tzlichen Zustimmung zu einem pr\u00e4ventiven Hausbesuch hat die Seniorin \/ der Senior jederzeit das Recht, die Ma\u00dfnahme wieder zu beenden. Auch die getroffenen Vereinbarungen gehen von der Selbstbestimmtheit der Beratenen aus. Ausnahmen davon bilden einzig die fachliche und begr\u00fcndete Einsch\u00e4tzung der Beraterin, es liege eine \u201eGef\u00e4hrdungssituation\u201c vor. Dann ist die Beraterin verpflichtet, weitere Schritte einzuleiten.<\/p>\n<p><strong>Die Gew\u00e4hrleistung der Vertraulichkeit\/Verschwiegenheit<\/strong> bez\u00fcglich der Gespr\u00e4chsinhalte ist bei der Durchf\u00fchrung und Umsetzung pr\u00e4ventiver Hausbesuche eine weitere ethische Anforderung. Dies betrifft Ausk\u00fcnfte zu den Gespr\u00e4chsinhalten innerhalb der Familie, aber auch im Hinblick auf eine Vermittlungst\u00e4tigkeit und Informationsweitergabe an kommerzielle Dienstleister und Organisationen b\u00fcrgerschaftlich engagierter B\u00fcrger \u00fcber die Datenschutzverordnung hinaus. <strong>Auch die Neutralit\u00e4t in der Beratung ist ein zentraler ethischer Aspekt.<\/strong><\/p>\n<p>Wer den Gedanken folgt, kommt an einem <strong>Quartier-Denken<\/strong> nicht vorbei. Was sollen 4 verschiedene Pflegedienste in 5 H\u00e4usern in einer Stra\u00dfe. Ein ganzheitlicher, nachhaltiger Ansatz schont Ressourcen. Die D\u00e4nen und die Niederl\u00e4nder k\u00f6nnen uns ein Beispiel sein.<\/p>\n<p><strong><b>Ein (Um)-Denken ist gefragt. Was nutzt das Geld bei Unzufriedenheit. <\/b><\/strong><\/p>\n<blockquote>\n<p><strong><b>War caritatives, diakonisches Denken? Die Verantwortung f\u00fcr den Mitmenschen bleibt!<\/b><\/strong><\/p>\n<\/blockquote>\n<p>Wir hoffen Anregung gegeben zu haben. In jeder Kommune in Nordrhein-Westfalen ist die Seniorenpolitik noch eine freiwillige Leistung. Um so wichtiger ist es, dass Sie Ihrer Kandidaten vor der Kommunalwahl konkret zu fragen.<\/p>\n<p><strong>Zeigen wir Verantwortung, bringen wir uns ein.<\/strong><\/p>\n<p>Sie haben Gelegenheit die Idee bei den &#8222;Kneipengespr\u00e4chen&#8220;, siehe <strong>Veranstaltung am 21.1.20<\/strong>, im Rahmen &#8222;<a href=\"https:\/\/www.ruhrgebietbessermachen.de\" target=\"_blank\" rel=\"noopener noreferrer nofollow external\" data-wpel-link=\"external\" title=\"Externer Link: Ruhrgebietbessermachen\" class=\"ext-link wpel-icon-right\">Ruhrgebietbessermachen<span class=\"wpel-icon wpel-image wpel-icon-6\"><\/span><\/a>&#8220; einzubringen und zu diskutieren.\u00a0<\/p>\n<p>Ihre Kommentare helfen weiter. War der Beitrag informativ, sagen Sie es weiter, nutzen Sie die untenstehenden M\u00f6glichkeiten [contact-form][contact-field label=&#8217;Name&#8216; type=&#8217;name&#8216; required=&#8217;1&#8217;\/][contact-field label=&#8217;E-Mail&#8216; type=&#8217;email&#8216; required=&#8217;1&#8217;\/][contact-field label=&#8217;Kommentar&#8216; type=&#8217;textarea&#8216; required=&#8217;1&#8217;\/][\/contact-form]\u00a0<\/p>\n","protected":false},"excerpt":{"rendered":"<p>&#8222;Der Traum ist der k\u00f6nigliche Weg zu unserer Seele&#8220; Siegmund Freud Mit der Zuspitzung des Mangels von Pflegefachkr\u00e4ften und der unterschiedlichen Entlohnung werden ambulante Dienste aus wirtschaftlichen Gr\u00fcnden den Betrieb einstellen. In Oberhausen sind 2019 43 ambulante Dienste gemeldet. Die aktuelle Preisliste der Anbieter zeigt gro\u00dfe Spannbreiten auf. Derzeit gibt es 15 Tagespflege-Einrichtungen mit 223&hellip; <a class=\"continue\" href=\"https:\/\/unser-quartier.de\/oberhausen\/2020\/01\/zukuenftig-wieder-gemeindeschwestern\/sraebiger\/\" data-wpel-link=\"internal\"> \u00bb weiterlesen: <span> Zuk\u00fcnftig wieder Gemeindeschwestern<\/span><\/a><\/p>\n","protected":false},"author":612,"featured_media":9181,"comment_status":"closed","ping_status":"closed","sticky":false,"template":"","format":"standard","meta":{"_monsterinsights_skip_tracking":false,"_monsterinsights_sitenote_active":false,"_monsterinsights_sitenote_note":"","_monsterinsights_sitenote_category":0,"generate_page_header":"","footnotes":""},"categories":[1,1122,4,38],"tags":[304,1530,1480,1481,1482,23,1529,197,1363,729,1250],"class_list":["post-10083","post","type-post","status-publish","format-standard","has-post-thumbnail","hentry","category-dies-und-das","category-ernaehrung-hygiene","category-unterstuetzung","category-wohnen","tag-ambulant-vor-stationaer","tag-denken","tag-ehtik","tag-freiwillige-leistung","tag-gemeindeschwester","tag-quartier","tag-ruhrgebietbessermachen","tag-selbstbestimmung","tag-umdenken","tag-verantwortung","tag-vertraulichkeit"],"_links":{"self":[{"href":"https:\/\/unser-quartier.de\/oberhausen\/wp-json\/wp\/v2\/posts\/10083","targetHints":{"allow":["GET"]}}],"collection":[{"href":"https:\/\/unser-quartier.de\/oberhausen\/wp-json\/wp\/v2\/posts"}],"about":[{"href":"https:\/\/unser-quartier.de\/oberhausen\/wp-json\/wp\/v2\/types\/post"}],"author":[{"embeddable":true,"href":"https:\/\/unser-quartier.de\/oberhausen\/wp-json\/wp\/v2\/users\/612"}],"replies":[{"embeddable":true,"href":"https:\/\/unser-quartier.de\/oberhausen\/wp-json\/wp\/v2\/comments?post=10083"}],"version-history":[{"count":0,"href":"https:\/\/unser-quartier.de\/oberhausen\/wp-json\/wp\/v2\/posts\/10083\/revisions"}],"wp:featuredmedia":[{"embeddable":true,"href":"https:\/\/unser-quartier.de\/oberhausen\/wp-json\/wp\/v2\/media\/9181"}],"wp:attachment":[{"href":"https:\/\/unser-quartier.de\/oberhausen\/wp-json\/wp\/v2\/media?parent=10083"}],"wp:term":[{"taxonomy":"category","embeddable":true,"href":"https:\/\/unser-quartier.de\/oberhausen\/wp-json\/wp\/v2\/categories?post=10083"},{"taxonomy":"post_tag","embeddable":true,"href":"https:\/\/unser-quartier.de\/oberhausen\/wp-json\/wp\/v2\/tags?post=10083"}],"curies":[{"name":"wp","href":"https:\/\/api.w.org\/{rel}","templated":true}]}}