{"id":10740,"date":"2020-04-07T12:10:06","date_gmt":"2020-04-07T10:10:06","guid":{"rendered":"https:\/\/unser-quartier.de\/oberhausen\/?p=10740"},"modified":"2020-03-31T15:26:02","modified_gmt":"2020-03-31T13:26:02","slug":"april-news-2020","status":"publish","type":"post","link":"https:\/\/unser-quartier.de\/oberhausen\/2020\/04\/april-news-2020\/sraebiger\/","title":{"rendered":"April News 2020"},"content":{"rendered":"<blockquote>\n<p><span style=\"text-decoration: underline;\"><strong>Ein Frohes Osterfest w\u00fcnscht die Redaktion, Siegfried &amp; Uwe, bleiben Sie gesund!<\/strong><\/span><\/p>\n<\/blockquote>\n<h3><a href=\"#hieralt\"><strong><b># Hier alt werden in NRW<\/b><\/strong><\/a><\/h3>\n<h3><a href=\"#hinzu\"><strong><b>#2020 Hinzuverdienstgrenze auf 44.590 Euro erh\u00f6ht!<\/b><\/strong><\/a><\/h3>\n<h3><a href=\"#nationalesgesund\"><strong><b># Nationales Gesundheitsportal<\/b><\/strong><\/a><\/h3>\n<h3><a href=\"#Pflegetuev\"><strong><b># Pflege T\u00dcV &#8211; Neue Qualit\u00e4tspr\u00fcfung<\/b><\/strong><\/a><\/h3>\n<h3><a href=\"#Apothekensetzen\"><strong><b># <\/b><\/strong><strong><b>Apotheken setzen Zeichen<\/b><\/strong><\/a><\/h3>\n<h3><a href=\"#Notfallversorgung\"><strong><b># <\/b><\/strong><strong><b>Notfallversorgung<\/b><\/strong><\/a><\/h3>\n<p>&nbsp;<\/p>\n<h3><a href=\"#hieralt\"><strong><b># Hier alt werden in NRW<\/b><\/strong><\/a><\/h3>\n<p>Seit Anfang des Jahres wurden alle NRW Kommunen angeschrieben Leuchtturmprojekte mit Unterst\u00fctzung des Landes aufzufinden und zu benennen.<\/p>\n<p>Auf der Landkarte werden die Projekte zentral eingetragen. Eine spannende Aktion vor der Kommunalwahl\u00a0 <a href=\"https:\/\/hier-alt-werden.nrw\/info\/informationen-zur-landkarte\/\" data-wpel-link=\"external\" target=\"_self\" rel=\"nofollow external noopener noreferrer\" title=\"Externer Link: Hier die Karte\" class=\"ext-link wpel-icon-right\">Hier die Karte<span class=\"wpel-icon wpel-image wpel-icon-6\"><\/span><\/a> \u00a0<\/p>\n<p>Ob sich auch die Aktivit\u00e4ten des freigew\u00e4hlten Seniorenrates, der verschiedenen Seniorenbeir\u00e4te oder der nicht mehr unterst\u00fctzen ZWAR-Gruppen im Ruhrgebiet bemerkbar machen<strong><b>? Senioren sind eine starke W\u00e4hlergruppe.\u00a0 <\/b><\/strong><strong><b>\u00a0&#8211;<\/b><\/strong><\/p>\n<h3><a href=\"#hinzu\"><strong><b># 2020 Hinzuverdienstgrenze auf 44.590 Euro erh\u00f6ht!<\/b><\/strong><\/a><\/h3>\n<p>Die Hinzuverdienstgrenze f\u00fcr Altersfr\u00fchrentner \u2013 also f\u00fcr Altersrentner vor Erreichen der Regelaltersgrenze \u2013 wird grunds\u00e4tzlich in \u00a7 34 Sechstes Buch Sozialgesetzbuch (SGB VI) geregelt. Mit \u00a7 302 Abs. 8 SGB VI wurde f\u00fcr das <a href=\"https:\/\/sozialversicherung-kompetent.de\/rentenversicherung\/zahlen-werte\/1008-hinzuverdienstgrenzen-altersfruehrentner-2020.html\" target=\"_blank\" rel=\"noopener noreferrer nofollow external\" data-wpel-link=\"external\" title=\"Externer Link: Kalenderjahr 2020 jedoch eine Sonderregelung\" class=\"ext-link wpel-icon-right\">Kalenderjahr 2020 jedoch eine Sonderregelung<span class=\"wpel-icon wpel-image wpel-icon-6\"><\/span><\/a> geschaffen.<\/p>\n<p><strong><b>Die grunds\u00e4tzlich geltende Hinzuverdienstgrenze von kalenderj\u00e4hrlich 6.300 Euro wurde aufgrund der Corona-Pandemie ausnahmsweise f\u00fcr das Kalenderjahr 2020 auf 44.590 Euro erh\u00f6ht.<\/b><\/strong><\/p>\n<p>Um einen Altersfr\u00fchrentner handelt es sich, wenn ein Versicherter eine Altersrente vor Erreichen der Regelaltersgrenze bezieht. Hierbei kann es sich beispielsweise um die Altersrente f\u00fcr langj\u00e4hrig Versicherte oder die Altersrente f\u00fcr schwerbehinderte Menschen handeln. Auch die (abschlagsfreie) Altersrente f\u00fcr besonders langj\u00e4hrig Versicherte kann vor Erreichen der Regelaltersgrenze beansprucht werden.<\/p>\n<h3><strong><b># Nationales Gesundheitsportal<\/b><\/strong><\/h3>\n<h3>Zwischen neun und 15 Milliarden Euro gingen dadurch dem Gesundheitswesen in Deutschland Jahr f\u00fcr Jahr verloren. Lebensgefahr durch Leseschw\u00e4che Die Digitalisierung versch\u00e4rft die Situation.<\/h3>\n<p>\u201eWenn Menschen Beipackzettel eines Medikamentes nicht verstehen, weil sie nicht lesen k\u00f6nnen, so kann dies gesundheitssch\u00e4dliche Folgen haben\u201c<\/p>\n<p>Konkret gef\u00e4hrdet sind die zw\u00f6lf Prozent der erwerbsf\u00e4higen Menschen in Deutschland, die nicht richtig lesen und schreiben k\u00f6nnen. Hochgerechnet sind das etwa 6,2 Millionen. Das Nationale Gesundheitsportal, das dieses Jahr noch starten soll, will dies \u00e4ndern.<\/p>\n<p>Ein neues Internet Portal! Wie w\u00e4re es, wenn man die Problematik bei der Wurzel packen und den Menschen das Lesen und Verstehen beibringen w\u00fcrde? \u00a0<\/p>\n<h3><strong><b># <\/b><\/strong><strong><b>Pflege T\u00dcV &#8211; Neue Qualit\u00e4tspr\u00fcfung<\/b><\/strong><\/h3>\n<p>Das neue Verfahren stellt f\u00fcr Einrichtungen einen gro\u00dfen Fortschritt dar, denn es bildet Ergebnisqualit\u00e4t ab (wenn auch nicht vollumf\u00e4nglich). Einrichtungen erhalten ein realistisches Bild der eigenen Qualit\u00e4t, erhoben durch das eigene Personal. Die Ergebnisse der Qualit\u00e4tspr\u00fcfung k\u00f6nnen f\u00fcr das interne Qualit\u00e4tsmanagement genutzt werden. Die alten Pflegenoten waren daf\u00fcr zu unkonkret. Auf l\u00e4ngere Sicht enth\u00e4lt das Verfahren Optimierungen und Hinweise f\u00fcr den internen Vergleich (Wohnbereiche). Der erste Durchlauf der Erhebungen erfolgt bis zum 30. Juni 2020. Die Plausibilit\u00e4t der Daten wird durch externe Stichproben-Pr\u00fcfung des MDK bzw. des PKV-Pr\u00fcfdienstes gesichert.<\/p>\n<p>Das neue \u201everbesserte\u201c Verfahren dient<\/p>\n<ul>\n<li>nicht dem Verbraucher,<\/li>\n<li>nicht den Pflegekr\u00e4ften.<\/li>\n<li><strong><b>Nicht Mitmenschlichkeit z\u00e4hlt, nur abrechenbare Leistungen.<\/b><\/strong><\/li>\n<\/ul>\n<p><strong><b>Der Bewohnerbeirat <\/b><\/strong>sollte vorsorglich und rechtzeitig im Rahmen der vertrauensvollen Zusammenarbeit seine Mitwirkung nach \u00a7 12 <a href=\"https:\/\/www.biva.de\/dokumente\/gesetze\/NRW-WTG-Durchf%C3%BChrungsverordnung-WTG-DVO.pdf\" class=\"mtli_attachment mtli_pdf ext-link wpel-icon-right\" data-wpel-link=\"external\" target=\"_self\" rel=\"nofollow external noopener noreferrer\" title=\"Externer Link: WTG-DVO NRW\">WTG-DVO NRW<span class=\"wpel-icon wpel-image wpel-icon-6\"><\/span><\/a> bei der Auswertung anmelden. Die zu erwartenden Leistungsverdichtung der Mitarbeiter wirkt sich auf Leistung und Entgelte, damit auf die \u00c4nderung der Kostens\u00e4tze, die Gestaltung der Grunds\u00e4tze von Unterkunft und Betreuung aus.\u00a0 &#8211; Die Einrichtungen haben vor die erste Daten\u00fcbertragung nun Zeit bis zum 31.12.2020 &#8211; Ein Punkt beim n\u00e4chsten <strong>Angeh\u00f6rigentreffen<\/strong>: Welche Daten \u00fcbermittelt die Einrichtung?<\/p>\n<h3><strong><b># <\/b><\/strong><strong><b>Apotheken setzen Zeichen<\/b><\/strong><\/h3>\n<p>M\u00fclltrennung, \u00d6kostrom und Einsparung von Papier und Plastik<\/p>\n<p>Die Apotheke meldet mit den Angaben zu ihrem \u00f6kologischen Fu\u00dfabdruck bei\u00a0<a href=\"http:\/\/www.zeichen-setzen.com\/\" data-wpel-link=\"external\" target=\"_self\" rel=\"nofollow external noopener noreferrer\" title=\"Externer Link: www.zeichen-setzen.com\" class=\"ext-link wpel-icon-right\">www.zeichen-setzen.com<span class=\"wpel-icon wpel-image wpel-icon-6\"><\/span><\/a>\u00a0an. Gleichzeitig verpflichtet sie sich, vier Ma\u00dfnahmen f\u00fcr mehr Nachhaltigkeit umzusetzen, um CO2\u00a0nicht nur kurzfristig zu kompensieren, sondern nachhaltig zu reduzieren:\u00a0<\/p>\n<ol>\n<li>Senkung des Stromverbrauchs und Umstieg auf \u00d6kostrom<\/li>\n<li>Einf\u00fchrung eines Programms zur M\u00fclltrennung<\/li>\n<li>Einsparung von Papier und Plastik<\/li>\n<li>Umstieg auf Druckerzeugnisse aus recycelbarem Papier<\/li>\n<\/ol>\n<p>Nimmt eine Apotheke unter\u00a0<a href=\"http:\/\/www.zeichen-setzen.com\/\" data-wpel-link=\"external\" target=\"_self\" rel=\"nofollow external noopener noreferrer\" title=\"Externer Link: www.zeichen-setzen.com\" class=\"ext-link wpel-icon-right\">www.zeichen-setzen.com<span class=\"wpel-icon wpel-image wpel-icon-6\"><\/span><\/a>\u00a0an der Initiative teil, berechnet NOVENTI mit dem Institut \u201eFokus Zukunft&#8220; die Emissionen der Apotheke und f\u00f6rdert im ersten Schritt Kompensationsprojekte in Brasilien und Indien, welche Wasserkraftwerke und die Herstellung lebensrettender Impfstoffe unterst\u00fctzen. Anschlie\u00dfend erh\u00e4lt die Apotheke das Zertifikat \u201eKlimaneutrale Apotheke&#8220;.<\/p>\n<h3><strong><b># <\/b><\/strong><strong><b>Notfallversorgung<\/b><\/strong><\/h3>\n<p>Der Rettungsdienst soll \u2013 neu &#8211; ein eigenst\u00e4ndiger Leistungsbereich in der gesetzlichen Krankenversicherung werden. Welche Verbesserung f\u00fcr B\u00fcrger durch Entlastung der Notfallversorgung durch telemedizinische Leistungen. Oder nur Entlastung des kommunalen Haushaltes und Sicherung neue Eink\u00fcnfte f\u00fcr Krankenh\u00e4user durch Gemeinsame Notfallleitstellen (GNL) &#8211; Einf\u00fchrung integrierter Notfallzentren (INZ)<\/p>\n<p>Das BMG hat am 08.01.2020 einen <a href=\"https:\/\/www.bundesgesundheitsministerium.de\/notfallversorgung.html\" target=\"_blank\" rel=\"noopener noreferrer nofollow external\" data-wpel-link=\"external\" title=\"Externer Link: ersten Referentenentwurf\" class=\"ext-link wpel-icon-right\">ersten Referentenentwurf<span class=\"wpel-icon wpel-image wpel-icon-6\"><\/span><\/a> zur Reform der Notfallversorgung vorgelegt. \u00a0https:\/\/www.bundesgesundheitsministerium.de\/notfallversorgung.html<\/p>\n<p>&nbsp;<\/p>\n","protected":false},"excerpt":{"rendered":"<p>Ein Frohes Osterfest w\u00fcnscht die Redaktion, Siegfried &amp; Uwe, bleiben Sie gesund! # Hier alt werden in NRW #2020 Hinzuverdienstgrenze auf 44.590 Euro erh\u00f6ht! # Nationales Gesundheitsportal # Pflege T\u00dcV &#8211; Neue Qualit\u00e4tspr\u00fcfung # Apotheken setzen Zeichen # Notfallversorgung &nbsp; # Hier alt werden in NRW Seit Anfang des Jahres wurden alle NRW Kommunen angeschrieben&hellip; <a class=\"continue\" href=\"https:\/\/unser-quartier.de\/oberhausen\/2020\/04\/april-news-2020\/sraebiger\/\" data-wpel-link=\"internal\"> \u00bb weiterlesen: <span> April News 2020<\/span><\/a><\/p>\n","protected":false},"author":612,"featured_media":10356,"comment_status":"closed","ping_status":"closed","sticky":false,"template":"","format":"standard","meta":{"_monsterinsights_skip_tracking":false,"_monsterinsights_sitenote_active":false,"_monsterinsights_sitenote_note":"","_monsterinsights_sitenote_category":0,"generate_page_header":"","footnotes":""},"categories":[1,1122,5,39,4],"tags":[1764,1017,1690,274,1687,1639,1423,1688,1686,1685,1689],"class_list":["post-10740","post","type-post","status-publish","format-standard","has-post-thumbnail","hentry","category-dies-und-das","category-ernaehrung-hygiene","category-recht","category-tabus","category-unterstuetzung","tag-altersfruehrentner","tag-apotheke","tag-gesundheitsversorgung","tag-hinzuverdienst","tag-muell","tag-notfallversorgung","tag-pflege-tuev","tag-plastik","tag-stdrom","tag-umweltschutz","tag-zeichen-setzen"],"_links":{"self":[{"href":"https:\/\/unser-quartier.de\/oberhausen\/wp-json\/wp\/v2\/posts\/10740","targetHints":{"allow":["GET"]}}],"collection":[{"href":"https:\/\/unser-quartier.de\/oberhausen\/wp-json\/wp\/v2\/posts"}],"about":[{"href":"https:\/\/unser-quartier.de\/oberhausen\/wp-json\/wp\/v2\/types\/post"}],"author":[{"embeddable":true,"href":"https:\/\/unser-quartier.de\/oberhausen\/wp-json\/wp\/v2\/users\/612"}],"replies":[{"embeddable":true,"href":"https:\/\/unser-quartier.de\/oberhausen\/wp-json\/wp\/v2\/comments?post=10740"}],"version-history":[{"count":0,"href":"https:\/\/unser-quartier.de\/oberhausen\/wp-json\/wp\/v2\/posts\/10740\/revisions"}],"wp:featuredmedia":[{"embeddable":true,"href":"https:\/\/unser-quartier.de\/oberhausen\/wp-json\/wp\/v2\/media\/10356"}],"wp:attachment":[{"href":"https:\/\/unser-quartier.de\/oberhausen\/wp-json\/wp\/v2\/media?parent=10740"}],"wp:term":[{"taxonomy":"category","embeddable":true,"href":"https:\/\/unser-quartier.de\/oberhausen\/wp-json\/wp\/v2\/categories?post=10740"},{"taxonomy":"post_tag","embeddable":true,"href":"https:\/\/unser-quartier.de\/oberhausen\/wp-json\/wp\/v2\/tags?post=10740"}],"curies":[{"name":"wp","href":"https:\/\/api.w.org\/{rel}","templated":true}]}}