{"id":11248,"date":"2020-07-08T12:10:37","date_gmt":"2020-07-08T10:10:37","guid":{"rendered":"https:\/\/unser-quartier.de\/oberhausen\/?p=11248"},"modified":"2020-07-01T15:36:32","modified_gmt":"2020-07-01T13:36:32","slug":"news-juli-2020","status":"publish","type":"post","link":"https:\/\/unser-quartier.de\/oberhausen\/2020\/07\/news-juli-2020\/sraebiger\/","title":{"rendered":"News  Juli 2020"},"content":{"rendered":"<h3><a href=\"#GespartesTaschengeld\"><strong><b>#<\/b><\/strong> <em><i>Taschengeld von Heimbewohnern ist pf\u00e4ndbar<\/i><\/em><\/a><\/h3>\n<h3><a href=\"#erweiterterEntlastungsbetrag\"><em><i># Bis zum 30.9.2020 erweiterter Einsatz des Entlastungsbetrages von 125 \u20ac<\/i><\/em><\/a><\/h3>\n<h3><a href=\"#Badezimmer\"><em><i># Umfrage \u201eWie muss das Badezimmer f\u00fcr Pflege ausgestaltet sein?<\/i><\/em><\/a><\/h3>\n<h3><a href=\"#Betreuungsrechtsreform\"><em><i># Betreuungsrecht soll reformiert werden<\/i><\/em><\/a><\/h3>\n<h3><a href=\"#Grundrentenbeschluss\"><em><i># Ausschuss billigt Grundrentenbeschluss<\/i><\/em><\/a><\/h3>\n<p><strong><b>\u00a0<\/b><\/strong><\/p>\n<p><strong><b>Kurzinformationen f\u00fcr Angeh\u00f6rige, Bewohnerbeir\u00e4te und Senioren*<\/b><\/strong><\/p>\n<p><strong><b>&#8212;&#8212;&#8212;&#8212;&#8212;&#8212;&#8212;&#8212;&#8212;&#8212;&#8212;&#8212;&#8212;<\/b><\/strong><\/p>\n<h2><strong><b>#<\/b><\/strong>Gespartes Taschengeld von Heimbewohnern ist pf\u00e4ndbar<\/h2>\n<p>Ein von einer Pflegeeinrichtung verwaltetes &#8222;Taschengeldkonto&#8220; ist bis auf einen monatlichen angemessenen Barbetrag pf\u00e4ndbar, entschied der Bundesgerichtshof (BGH) in Karlsruhe am 30.4.2020, am 8. Juni ver\u00f6ffentlicht, Beschluss (<a href=\"https:\/\/dejure.org\/ext\/c13c78aa7318c13939f562e17e9fabda\" target=\"_blank\" rel=\"noopener noreferrer nofollow external\" data-wpel-link=\"external\" title=\"Externer Link: AZ: VII ZB 82\/17\" class=\"ext-link wpel-icon-right\">AZ: VII ZB 82\/17<span class=\"wpel-icon wpel-image wpel-icon-6\"><\/span><\/a>). Das Landgericht Bochum hielt zuvor das aus der Sozialhilfe angesparte Taschengeld auf dem von dem Heimbetreiber verwalteten Konto f\u00fcr unpf\u00e4ndbar. Bewohner m\u00fcssten ihre pers\u00f6nlichen Bed\u00fcrfnisse decken k\u00f6nnen. Dies gebieten das allgemeine Pers\u00f6nlichkeitsrecht und die Menschenw\u00fcrde. Dem Heimbewohner m\u00fcsse ein Betrag in H\u00f6he von 27 Prozent aus dem Bedarf eines Alleinstehenden f\u00fcr seinen notwendigen Lebensunterhalt verbleiben. Diese diene dem Bewohner zur &#8222;Sicherung seines menschenw\u00fcrdigen Daseins&#8220;. Bei einem monatlichen Regelbedarf von aktuell 432 Euro sind das 116,64 Euro. Dar\u00fcber hinausgehende Betr\u00e4ge seien pf\u00e4ndbar, entschied der BGH.\u00a0<\/p>\n<h2># Bis zum 30.9.2020 erweiterter Einsatz des Entlastungsbetrages von 125 \u20ac<\/h2>\n<p>Einsatz des Entlastungsbetrages von 125 \u20ac f\u00fcr Pflegebed\u00fcrftige des Pflegegrades 1 zur \u00dcberwindung von infolge der durch das Coronavirus SARS-CoV-2 verursachten Versorgungsengp\u00e4ssen in der h\u00e4uslichen Pflege. Der Entlastungsbetrag kann sich damit auch auf sonstige Hilfen, die der Sicherstellung der Versorgung der Pflegebed\u00fcrftigen dienen, erstrecken. Diese Hilfen k\u00f6nnen mit professioneller Unterst\u00fctzung aber auch durch Inanspruchnahme von An- und Zugeh\u00f6rigen oder Nachbarn erbracht werden. Um eine z\u00fcgige und unb\u00fcrokratische Abwicklung zu erm\u00f6glichen, sollen an den Nachweis gegen\u00fcber der Pflegekasse zur Erstattung der Kosten keine \u00fcberh\u00f6hten Anforderungen gestellt werden. Der GKV-Spitzenverband hat <a href=\"https:\/\/www.gkv-spitzenverband.de\/media\/dokumente\/pflegeversicherung\/richtlinien__vereinbarungen__formulare\/2020_05_29_Pflege_Corona_Empfehlungen_150_5b.pdf\" class=\"mtli_attachment mtli_pdf ext-link wpel-icon-right\" data-wpel-link=\"external\" target=\"_self\" rel=\"nofollow external noopener noreferrer\" title=\"Externer Link: die Einzelheiten zur Umsetzung\">die Einzelheiten zur Umsetzung<span class=\"wpel-icon wpel-image wpel-icon-6\"><\/span><\/a> in Empfehlungen festgelegt.<\/p>\n<h2># Umfrage \u201eWie muss das Badezimmer f\u00fcr Pflege ausgestaltet sein?<\/h2>\n<p>Nehmen Sie an der Umfrage teil und erhalten Sie entsprechende Ideen, folgen Sie dem Link<\/p>\n<p><a href=\"https:\/\/de.surveymonkey.com\/r\/Pflegebad2030\" data-wpel-link=\"external\" target=\"_self\" rel=\"nofollow external noopener noreferrer\" title=\"Externer Link: https:\/\/de.surveymonkey.com\/r\/Pflegebad2030\" class=\"ext-link wpel-icon-right\">https:\/\/de.surveymonkey.com\/r\/Pflegebad2030<span class=\"wpel-icon wpel-image wpel-icon-6\"><\/span><\/a><\/p>\n<h2># Betreuungsrecht soll reformiert werden<\/h2>\n<p>Das Vormundschafts- und das Betreuungsrecht werden insgesamt neu strukturiert. \u2022 Im Betreuungsrecht sind die \u00c4nderungen zentral darauf ausgerichtet, das Selbstbestimmung und die Autonomie unterst\u00fctzungsbed\u00fcrftiger Menschen im Vorfeld und innerhalb einer rechtlichen Betreuung i.S.v. Art. 12 UN-Behindertenrechtskonvention zu st\u00e4rken.<\/p>\n<ul>\n<li><strong><b>Ehegatten sollen sich<\/b><\/strong> in Angelegenheiten der Gesundheitssorge kraft Gesetzes f\u00fcr die Dauer von <strong><b>drei Monaten gegenseitig vertreten k\u00f6nnen<\/b><\/strong>, wenn ein Ehegatte aufgrund von Bewusstlosigkeit oder einer Krankheit seine Angelegenheiten der Gesundheitssorge vor\u00fcbergehend rechtlich nicht besorgen kann. \u00a7 1358 BGB E<\/li>\n<li>Es soll klarer geregelt werden, dass die rechtliche Betreuung in erster Linie eine Unterst\u00fctzung des Betreuten bei der Besorgung seiner Angelegenheiten durch eigenes selbstbestimmtes Handeln gew\u00e4hrleistet und der Betreuer das Mittel der Stellvertretung nur einsetzen darf, soweit es erforderlich ist.<\/li>\n<li>Die betroffene Person soll zudem in s\u00e4mtlichen Stadien des Betreuungsverfahrens besser informiert und st\u00e4rker eingebunden werden, insbesondere in die gerichtliche Entscheidung \u00fcber das Ob und das Wie der Betreuerbestellung, in die Auswahl des konkreten Betreuers, aber auch in dessen Kontrolle durch das Betreuungsgericht.<\/li>\n<\/ul>\n<p><a href=\"https:\/\/www.bmjv.de\/SharedDocs\/Gesetzgebungsverfahren\/Dokumente\/RefE_Vormundschaft_Betreuungsrecht.pdf\" class=\"mtli_attachment mtli_pdf ext-link wpel-icon-right\" data-wpel-link=\"external\" target=\"_self\" rel=\"nofollow external noopener noreferrer\" title=\"Externer Link: Der &lt;em&gt;&lt;i&gt;Referentenentwurf&lt;\/i&gt;&lt;\/em&gt;\">Der <em><i>Referentenentwurf<\/i><\/em><span class=\"wpel-icon wpel-image wpel-icon-6\"><\/span><\/a> wurde am 23.06.2020 zur Stellungnahme an Verb\u00e4nde verschickt.<\/p>\n<h2># Ausschuss billigt Grundrentenbeschluss<\/h2>\n<p>Der Ausschuss f\u00fcr Arbeit und Soziales hat am Mittwochvormittag den Weg f\u00fcr die Grundrente freigemacht. Mit den Stimmen der Koalitionsfraktionen CDU\/CSU und SPD stimmte der Ausschuss f\u00fcr das Grundrentengesetz (<a href=\"https:\/\/dip21.bundestag.de\/dip21\/btd\/19\/184\/1918473.pdf\" class=\"mtli_attachment mtli_pdf ext-link wpel-icon-right\" data-wpel-link=\"external\" target=\"_self\" rel=\"nofollow external noopener noreferrer\" title=\"Externer Link: 19\/18473\">19\/18473<span class=\"wpel-icon wpel-image wpel-icon-6\"><\/span><\/a>) der Bundesregierung in ge\u00e4nderter Fassung. AfD-Fraktion und FDP-Fraktion stimmten gegen das Gesetz, Die Linke und die Fraktion B\u00fcndnis 90\/Die Gr\u00fcnen enthielten sich.<\/p>\n<p>Kernst\u00fcck des Gesetzes ist die Einf\u00fchrung einer Grundrente f\u00fcr langj\u00e4hrig Versicherte, die an bestimmte Bedingungen gekn\u00fcpft ist: Wenn mindestens 33 Jahre Grundrentenzeiten vorliegen (aus Besch\u00e4ftigung, Kindererziehung oder Pflegezeiten), soll die Rente um einen Zuschlag erh\u00f6ht werden, wenn die Entgeltpunkte des Erwerbslebens unterdurchschnittlich, aber nicht ganz gering waren. Dabei soll der Zuschlag in einer Staffelung von 33 bis 35 Jahren ansteigend berechnet werden. Allerdings sollen diejenigen keine Grundrente erhalten, deren Arbeitsentgelte h\u00e4ufig lediglich die Bedeutung eines erg\u00e4nzenden Einkommens hatten (zum Beispiel durch Minijobs).<\/p>\n<p>Die H\u00f6he des Zuschlags soll durch eine Einkommenspr\u00fcfung ermittelt werden. Dabei soll zun\u00e4chst ein monatlicher Einkommensfreibetrag in H\u00f6he von 1.250 Euro f\u00fcr Alleinstehende und 1.950 Euro f\u00fcr Eheleute oder Lebenspartner gelten. F\u00fcr die Einkommenspr\u00fcfung soll auf das zu versteuernde Einkommen abgestellt werden. Gleich hohe Renten sollen gleichbehandelt werden. Daher soll das zu versteuernde Einkommen unter Hinzurechnung des steuerfreien Teils der Rente beziehungsweise eines Versorgungsfreibetrages und der Eink\u00fcnfte aus Kapitalverm\u00f6gen zugrunde gelegt werden. Die \u00dcbermittlung des zu versteuernden Einkommens soll durch einen automatisierten Datenabgleich zwischen der Rentenversicherung und den Finanzbeh\u00f6rden erfolgen.<\/p>\n<p>Der Gesetzentwurf sieht in einem weiteren Aspekt die Einf\u00fchrung von Freibetr\u00e4gen im Wohngeld in der Grundsicherung f\u00fcr Arbeitsuchende des Zweiten Buches Sozialgesetzbuch (SGB II), in der Hilfe zum Lebensunterhalt, in der Grundsicherung im Alter und bei Erwerbsminderung des Zw\u00f6lften Buches Sozialgesetzbuch (SGB XII) und in den f\u00fcrsorgerischen Leistungen der Sozialen Entsch\u00e4digung vor.<\/p>\n<p><strong>Waren die Informationen hilfreich,<\/strong><\/p>\n<ul>\n<li>sagen Sie es weiter,<\/li>\n<li>nutzen Sie die Verweise.<\/li>\n<\/ul>\n<p><strong>Erwarten Sie andere Informationen, <\/strong><\/p>\n<ul>\n<li>schreiben Sie uns,<\/li>\n<li>unterst\u00fctzen Sie unsere ehrenamtliche Arbeit.<strong> [contact-form][contact-field label=&#8217;Name&#8216; type=&#8217;name&#8216; required=&#8217;1&#8217;\/][contact-field label=&#8217;E-Mail&#8216; type=&#8217;email&#8216; required=&#8217;1&#8217;\/][contact-field label=&#8217;Kommentar&#8216; type=&#8217;textarea&#8216; required=&#8217;1&#8217;\/][\/contact-form]\u00a0<\/strong><\/li>\n<\/ul>\n","protected":false},"excerpt":{"rendered":"<p># Taschengeld von Heimbewohnern ist pf\u00e4ndbar # Bis zum 30.9.2020 erweiterter Einsatz des Entlastungsbetrages von 125 \u20ac # Umfrage \u201eWie muss das Badezimmer f\u00fcr Pflege ausgestaltet sein? # Betreuungsrecht soll reformiert werden # Ausschuss billigt Grundrentenbeschluss \u00a0 Kurzinformationen f\u00fcr Angeh\u00f6rige, Bewohnerbeir\u00e4te und Senioren* &#8212;&#8212;&#8212;&#8212;&#8212;&#8212;&#8212;&#8212;&#8212;&#8212;&#8212;&#8212;&#8212; #Gespartes Taschengeld von Heimbewohnern ist pf\u00e4ndbar Ein von einer Pflegeeinrichtung verwaltetes&hellip; <a class=\"continue\" href=\"https:\/\/unser-quartier.de\/oberhausen\/2020\/07\/news-juli-2020\/sraebiger\/\" data-wpel-link=\"internal\"> \u00bb weiterlesen: <span> News  Juli 2020<\/span><\/a><\/p>\n","protected":false},"author":612,"featured_media":10356,"comment_status":"open","ping_status":"closed","sticky":false,"template":"","format":"standard","meta":{"_monsterinsights_skip_tracking":false,"_monsterinsights_sitenote_active":false,"_monsterinsights_sitenote_note":"","_monsterinsights_sitenote_category":0,"generate_page_header":"","footnotes":""},"categories":[1,5,4,38],"tags":[1848,1846,1849,562,223,1097,1847,168],"class_list":["post-11248","post","type-post","status-publish","format-standard","has-post-thumbnail","hentry","category-dies-und-das","category-recht","category-unterstuetzung","category-wohnen","tag-badezimmerumbau","tag-betreuerbestellung","tag-bgh-vii-zb-82-17","tag-btdrs","tag-entlastungsbetrag","tag-grundrente","tag-referentenentwurf","tag-taschengeld"],"_links":{"self":[{"href":"https:\/\/unser-quartier.de\/oberhausen\/wp-json\/wp\/v2\/posts\/11248","targetHints":{"allow":["GET"]}}],"collection":[{"href":"https:\/\/unser-quartier.de\/oberhausen\/wp-json\/wp\/v2\/posts"}],"about":[{"href":"https:\/\/unser-quartier.de\/oberhausen\/wp-json\/wp\/v2\/types\/post"}],"author":[{"embeddable":true,"href":"https:\/\/unser-quartier.de\/oberhausen\/wp-json\/wp\/v2\/users\/612"}],"replies":[{"embeddable":true,"href":"https:\/\/unser-quartier.de\/oberhausen\/wp-json\/wp\/v2\/comments?post=11248"}],"version-history":[{"count":0,"href":"https:\/\/unser-quartier.de\/oberhausen\/wp-json\/wp\/v2\/posts\/11248\/revisions"}],"wp:featuredmedia":[{"embeddable":true,"href":"https:\/\/unser-quartier.de\/oberhausen\/wp-json\/wp\/v2\/media\/10356"}],"wp:attachment":[{"href":"https:\/\/unser-quartier.de\/oberhausen\/wp-json\/wp\/v2\/media?parent=11248"}],"wp:term":[{"taxonomy":"category","embeddable":true,"href":"https:\/\/unser-quartier.de\/oberhausen\/wp-json\/wp\/v2\/categories?post=11248"},{"taxonomy":"post_tag","embeddable":true,"href":"https:\/\/unser-quartier.de\/oberhausen\/wp-json\/wp\/v2\/tags?post=11248"}],"curies":[{"name":"wp","href":"https:\/\/api.w.org\/{rel}","templated":true}]}}