{"id":12862,"date":"2021-04-13T11:31:54","date_gmt":"2021-04-13T09:31:54","guid":{"rendered":"https:\/\/unser-quartier.de\/oberhausen\/?p=12862"},"modified":"2021-04-13T17:56:50","modified_gmt":"2021-04-13T15:56:50","slug":"news-april-2021","status":"publish","type":"post","link":"https:\/\/unser-quartier.de\/oberhausen\/2021\/04\/news-april-2021\/sraebiger\/","title":{"rendered":"News April 2021"},"content":{"rendered":"<h3><strong><b>1 <\/b><\/strong><a href=\"#hieralt\"><strong><b># <\/b><\/strong><strong><u><b>\u00a0Sterben in der Nachbarschaft. Noch immer ein Tabu?<\/b><\/u><\/strong><\/a><\/h3>\n<h3><strong><b>2 <\/b><\/strong><a href=\"#nationalesgesund\"><strong><b># Kein Datenschutz ist auch keine L\u00f6sung<\/b><\/strong><\/a><\/h3>\n<h3><strong><b>3 <\/b><\/strong><strong><b># <\/b><\/strong><strong><b>Pflege T\u00dcV &#8211; Qualit\u00e4tspr\u00fcfung<\/b><\/strong><strong><b> \u2013<\/b><\/strong><\/h3>\n<h3><strong><b>4 # Wege aus der Pflegemisere<\/b><\/strong><\/h3>\n<h3><strong>5 # Verpflichtende Beratungsbesuche bis 30.6.21<\/strong><\/h3>\n<h3><strong>6 # Spahn plant Notfall (Triage) Software<\/strong><\/h3>\n<h3><strong>7 # VdK-Pflegestudie: Machen Sie mit!<\/strong><\/h3>\n<h3><strong>8 # Basiswissen IT-Sicherheit<\/strong><\/h3>\n<h3><strong>9 # Einf\u00fchrung eines digitalen Impfpasses<\/strong><\/h3>\n<p>&#8212;&#8212;&#8212;&#8212;&#8212;&#8212;&#8212;&#8212;&#8212;&#8212;&#8212;&#8212;<\/p>\n<h2><strong><b>1 # <\/b><\/strong><a href=\"https:\/\/www.deutschlandradio.de\/audio-archiv.260.de.html?drau%5Bsubmit%5D=1&amp;drau%5Bstation_id%5D=0&amp;drau%5Bsearchterm%5D=&amp;drau%5Bfrom%5D=21.03.2021&amp;drau%5Bto%5D=21.03.2021&amp;drau%5Bbroadcast_id%5D=94\" data-wpel-link=\"external\" target=\"_self\" rel=\"nofollow external noopener noreferrer\" title=\"Externer Link: \u00a0Sterben in der Nachbarschaft. Noch immer ein Tabu?\" class=\"ext-link wpel-icon-right\">\u00a0Sterben in der Nachbarschaft. Noch immer ein Tabu?<span class=\"wpel-icon wpel-image wpel-icon-6\"><\/span><\/a><\/h2>\n<p>Sendung vom 21. M\u00e4rz 2021, 08:35 Uhr, Autorin: Frau Coenen-Marx,\u00a0<a href=\"https:\/\/www.deutschlandfunk.de\/am-sonntagmorgen.2788.de.html\" data-wpel-link=\"external\" target=\"_self\" rel=\"nofollow external noopener noreferrer\" title=\"Externer Link: Am Sonntagmorgen\" class=\"ext-link wpel-icon-right\">Am Sonntagmorgen<span class=\"wpel-icon wpel-image wpel-icon-6\"><\/span><\/a><\/p>\n<p>Denken wir rechtzeitig an unsere letzten W\u00fcnsche.\u00a0 L\u00e4nge:\u00a0 14:06 min Minuten MP3:\u00a0 \u00a0<a href=\"https:\/\/ondemand-mp3.dradio.de\/file\/dradio\/2021\/03\/21\/am_sonntagmorgen_sterben_in_der_nachbarschaft_noch_immer_dlf_20210321_0835_38b102c7.mp3\" data-wpel-link=\"external\" target=\"_self\" rel=\"nofollow external noopener noreferrer\" title=\"Externer Link: Audio abspielen\" class=\"ext-link wpel-icon-right\">Audio abspielen<span class=\"wpel-icon wpel-image wpel-icon-6\"><\/span><\/a><\/p>\n<p>Es folgt ein Beitrag am 18.5.21 &#8222;Die letzte Zeit des irdischen Lebens&#8220;<\/p>\n<h2><strong><b>2 # <\/b><\/strong><strong><b>Kein Datenschutz ist auch keine L\u00f6sung<\/b><\/strong><\/h2>\n<blockquote>\n<p><strong>Freie Entwickler zeigen SAP und Co den Weg.<\/strong><\/p>\n<\/blockquote>\n<p>Die causa Safeplay erinnert leider an \u00e4hnlich krude F\u00e4lle aus den vergangenen Jahren: So waren beim\u00a0<a href=\"https:\/\/www.spiegel.de\/netzwelt\/web\/gastronovi-tausende-corona-kontakte-von-restaurantbesuchern-gehackt-a-053e306a-b4ae-4a53-ad69-404bcdde3280\" data-wpel-link=\"external\" target=\"_self\" rel=\"nofollow external noopener noreferrer\" title=\"Externer Link: Bremer Unternehmen Gastronovi\" class=\"ext-link wpel-icon-right\">Bremer Unternehmen Gastronovi<span class=\"wpel-icon wpel-image wpel-icon-6\"><\/span><\/a> wegen einer offenbar schlecht gesch\u00fctzten Cloud mehr als 87.000 Datens\u00e4tze von Besuchern in 180 Restaurants einsehbar. Diese umfassten auch viel zu lange zur\u00fcckliegende Reservierungsdaten und Privatadressen von Prominenten. Hier wie dort handelten die Unternehmen getreu dem Zuckerbergschen Motto \u201eMove fast and break things\u201c. Zerst\u00f6rt wurde dabei vor allem eines: das Vertrauen der Bev\u00f6lkerung in den Schutz seiner Daten.<\/p>\n<p>In den letzten Wochen hat, die auf dem Einsatz wechselnder QR-Codes basierende,\u00a0<a href=\"https:\/\/www.dr-datenschutz.de\/my-name-is-luca-lob-und-kritik-an-der-kontaktverfolgungs-app\/\" data-wpel-link=\"external\" target=\"_self\" rel=\"nofollow external noopener noreferrer\" title=\"Externer Link: Kontaktverfolgungs-App &lt;strong&gt;\u201eLuca\u201c&lt;\/strong&gt;\" class=\"ext-link wpel-icon-right\">Kontaktverfolgungs-App <strong>\u201eLuca\u201c<\/strong><span class=\"wpel-icon wpel-image wpel-icon-6\"><\/span><\/a>\u00a0f\u00fcr \u00fcberwiegend positives Aufsehen gesorgt. Mehrere Bundesl\u00e4nder haben die Nutzung von Luca avisiert, eine Anbindung der Gesundheits\u00e4mter Mecklenburg-Vorpommerns ist bereits erfolgt. Zwar wird, wie es sich geh\u00f6rt,\u00a0<a href=\"https:\/\/www.golem.de\/news\/kontaktnachverfolgung-mit-luca-mal-wieder-eine-corona-app-die-es-richten-soll-2103-154967.html\" data-wpel-link=\"external\" target=\"_self\" rel=\"nofollow external noopener noreferrer\" title=\"Externer Link: weiter kontrovers \u00fcber den richtigen Weg bei der Corona-Kontaktverfolgung gestritten\" class=\"ext-link wpel-icon-right\">weiter kontrovers \u00fcber den richtigen Weg bei der Corona-Kontaktverfolgung gestritten<span class=\"wpel-icon wpel-image wpel-icon-6\"><\/span><\/a>. Noch m\u00fcssen\u00a0<em><i>\u201eallgemeinen Grunds\u00e4tze\u201c<\/i><\/em>\u00a0f\u00fcr den Einsatz solcher Kontaktverfolgung-Apps erstellt werden.<\/p>\n<p>Parallel k\u00fcndigte nun auch SAP, Co-Entwickler der Corona-Warn-App (CWA), eine\u00a0<a href=\"https:\/\/www.spiegel.de\/netzwelt\/apps\/corona-warn-app-soll-nach-ostern-ein-check-in-system-bekommen-a-17062be9-719c-4a05-bf83-79f42a3e141a\" data-wpel-link=\"external\" target=\"_self\" rel=\"nofollow external noopener noreferrer\" title=\"Externer Link: neue Funktion f\u00fcr die CWA\" class=\"ext-link wpel-icon-right\">neue Funktion f\u00fcr die CWA<span class=\"wpel-icon wpel-image wpel-icon-6\"><\/span><\/a> an: Auch in diesem Fall sollen \u00fcber ein Check-in-System auf Basis von QR-Codes die M\u00f6glichkeiten der Kontaktverfolgung wesentlich verbessert werden. Da die CWA keine pers\u00f6nliche Registrierung des Nutzers erfordert, ist sie aus datenschutzrechtlicher Hinsicht noch sicherer als die Luca-App.\u00a0 <strong>Kommt die optimierte Corona-Warn-App bis zum 18. April 2021. LUCA wird in NRW nicht eingef\u00fchrt? Laschet setzt auf Alle. Siehe dazu <a href=\"https:\/\/wirfuerdigitalisierung.de\" target=\"_blank\" rel=\"noopener nofollow external noreferrer\" data-wpel-link=\"external\" title=\"Externer Link: Wirfuerdigitalisierung\" class=\"ext-link wpel-icon-right\">Wirfuerdigitalisierung<span class=\"wpel-icon wpel-image wpel-icon-6\"><\/span><\/a><\/strong><\/p>\n<p>Die Zeit war gegeben. Langsam sollen auch die 70 j\u00e4hrigen geimpft werden. Die brasilianische Mutante gef\u00e4hrdet noch schlimmer. Der Bundesgesundheitsminister muss durch ein kostenfreies Pflichtenheft von LUCCA zum Jagen getragen werden. <strong>Freie Entwickler zeigen SAP und Co den Weg.<\/strong>\u00a0 Dazu die Anfrage der FDP-Fraktion zum Impfpass BTDrs.19\/27714.\u00a0 \u00a0Die Antwort der Bundesregierung unter 9.<\/p>\n<h2><strong><b>3 # <\/b><\/strong><strong><b>Pflege T\u00dcV &#8211; Qualit\u00e4tspr\u00fcfung<\/b><\/strong><strong><b> &#8211; <\/b><\/strong><\/h2>\n<p>Durch die Pandemie liegt ein Nebel \u00fcber den Pflegeeinrichtungen. <strong><b>Nicht Mitmenschlichkeit z\u00e4hlt, nur abrechenbare Leistungen. Betreuungen werden oft ausgesetzt, nicht aber die Abrechnung.<\/b><\/strong><\/p>\n<p><strong><b>Welche Bewohnerbeir\u00e4te <\/b><\/strong>haben im Rahmen der vertrauensvollen Zusammenarbeit nach \u00a7 12 <a href=\"https:\/\/www.biva.de\/dokumente\/gesetze\/NRW-WTG-Durchf%C3%BChrungsverordnung-WTG-DVO.pdf\" class=\"mtli_attachment mtli_pdf ext-link wpel-icon-right\" data-wpel-link=\"external\" target=\"_self\" rel=\"nofollow external noopener noreferrer\" title=\"Externer Link: WTG-DVO NRW\">WTG-DVO NRW<span class=\"wpel-icon wpel-image wpel-icon-6\"><\/span><\/a> mitgewirkt. Die Leistungsverdichtung der Mitarbeiter wurde nicht immer mit einer Gratifikation anerkannt. Diakonische und Caritaseinrichtungen zahlten. Wer wei\u00df, dass auch Abgeordnete eine Corona Gratifikation erhielten. Was erhielten die Mitarbeiter bei Lidl, Aldi und Co.?<\/p>\n<p>Bis zum 1.12.2020 sollten alle Pflegeeinrichtungen intern die halbj\u00e4hrlichen Meldungen geprobt haben. Alle Bewohner sind mit 99 Fragen zu begutachten und anonym an die Zentralstelle zu melden. Entscheidend sind dabei 3 Qualit\u00e4tsbereiche,( 1.Erhalt und F\u00f6rderung der Selbstst\u00e4ndigkeit, 2. Schutz vor gesundheitlichen Sch\u00e4digungen und Belastungen, 3. Unterst\u00fctzung bei spezifischen Bedarfslagen) mit 10 Indikatoren. Das neue System, das die umstrittenen Pflegenoten ersetzt, soll die Leistungsqualit\u00e4t transparenter und vergleichbarer gestalten. Die Kriterien und Abfragen wurden zwischen den Pflegekassen und den Vertretern der Einrichtungstr\u00e4gern ausgehandelt. Hier <a href=\"https:\/\/www.gkv-spitzenverband.de\/media\/dokumente\/pflegeversicherung\/richtlinien__vereinbarungen__formulare\/richtlinien_und_grundsaetze_zur_qualitaetssicherung\/Massstabe-und-Grundsatze-stationar-Anlage-3-vom-23.11.2018.pdf\" class=\"mtli_attachment mtli_pdf ext-link wpel-icon-right\" target=\"_blank\" rel=\"noopener nofollow external noreferrer\" data-wpel-link=\"external\" title=\"Externer Link: das offizielle Dokument\">das offizielle Dokument<span class=\"wpel-icon wpel-image wpel-icon-6\"><\/span><\/a>.aus 2018. <strong>Wurden Bewohner. Beir\u00e4te und Angeh\u00f6rige aufgekl\u00e4rt, informiert?<\/strong><\/p>\n<h2><strong><b>4 # Wege aus der Pflegemisere<\/b><\/strong><\/h2>\n<p>Wie kann es gelingen, Pflegeberufe endlich aufzuwerten und angemessen zu entlohnen? \u201eApplaus reicht nicht\u201c \u2013 3.000 Pflegekr\u00e4fte sind gestorben. 9.000 Kr\u00e4fte wollen dem Beruf den R\u00fccken kehren. Doch trotz Corona-Krise und einem durchaus gestiegenen Bewusstsein f\u00fcr die Situation in diesen Branchen waren und sind tats\u00e4chliche Fortschritte rar. Doch warum? Die Leiterin der Forschungsf\u00f6rderung der <strong>Hans-B\u00f6ckler-Stiftung<\/strong>, Dorothea Voss, <a href=\"https:\/\/www.youtube.com\/watch?v=lDKyhju01Gs\" data-wpel-link=\"external\" target=\"_self\" rel=\"nofollow external noopener noreferrer\" title=\"Externer Link: beschreibt die Hintergr\u00fcnde\" class=\"ext-link wpel-icon-right\">beschreibt die Hintergr\u00fcnde<span class=\"wpel-icon wpel-image wpel-icon-6\"><\/span><\/a>. \u201eIn der Pflege gibt es schon lange strukturelle Probleme \u2013 diese kommen nun besonders ans Tageslicht.<\/p>\n<p>Die hochgelobte Duale Ausbildung im Pflegebereich, wie in Handel und Industrie unter Beteiligung der Gewerkschaften, Fehlanzeige. Zur Zeit m\u00fcssen Heimbewohner pfleget\u00e4glich mit \u00fcber 5,00 Euro, weiterhin durch eine Ausbildungsumlage zum Wohle der Einrichtungstr\u00e4ger aufkommen, damit Pflegesch\u00fcler nicht weiterhin ein Schulgeld bezahlen m\u00fcssen. Den sozialen Rechtsstaat garantieren die betroffenen B\u00fcrger, nicht die Einrichtungstr\u00e4ger.\u00a0 <strong>Soziale Marktwirtschaft, Fehlanzeige!<\/strong><\/p>\n<h2><strong>5 # Verpflichtende Beratungsbesuche<\/strong><\/h2>\n<p>Wenn Sie einen Pflegegrad 2 bis 5 haben und Pflegegeld beziehen, sind kostenfreie Beratungsbesuche eines ambulanten Dienstes nach <strong>\u00a7 37 Abs.3 SGB XI<\/strong> in regelm\u00e4\u00dfigen Abst\u00e4nden vorgeschrieben. Jedes halbe Jahr bei Pflegegrad 2 und 3, Viertelj\u00e4hrlich ab Pflegegrad 4. Die aktuelle Sonderregelung gilt <strong>bis zum 30.6.2021. <\/strong><\/p>\n<p>Beratungsbesuche k\u00f6nnen auf <strong>ausdr\u00fccklichen Wunsch auch telefonisch, digital oder per Video erfolgen.<\/strong> Nutzen Sie den kostenlosen Dienst als Hilfsangebot zur Empfehlung unterst\u00fctzender Massnahmen, an die Sie nicht gedacht haben. Das Gespr\u00e4chsergebnis wird der Pflegekasse zugeleitet. Bestehen Sie auf einer Kopie der drei Seiten, auch als Nachweis.<\/p>\n<h2><strong>6 # Spahn plant Notfall (Triage) Software<\/strong><\/h2>\n<blockquote>\n<p><strong>Behandlung oder nicht? Software entscheidet!<\/strong><\/p>\n<\/blockquote>\n<p>Still und leise wurde Mitte Februar wieder einmal ein bedenklicher <a href=\"https:\/\/dip21.bundestag.de\/dip21\/btd\/19\/268\/1926822.pdf\" class=\"mtli_attachment mtli_pdf ext-link wpel-icon-right\" target=\"_blank\" rel=\"noopener nofollow external noreferrer\" data-wpel-link=\"external\" title=\"Externer Link: Gesetzesentwurf\">Gesetzesentwurf<span class=\"wpel-icon wpel-image wpel-icon-6\"><\/span><\/a> des Bundesgesundheitsministeriums auf den Weg gebracht. W\u00e4hrend hierzulande alle mit Corona, politischem Unverm\u00f6gen und einer zunehmend gespaltenen Gesellschaft besch\u00e4ftigt sind, zeigt sich CDU-Bundesminister Jens Spahn \u2013 zumindest beim Produzieren von Gesetzesentw\u00fcrfen \u2013 flei\u00dfig wie eh und je. Es kann bei der Theorie bleiben, wenn wir uns k\u00fcmmern.<\/p>\n<p><strong>Ziel:<\/strong> Die Leistungsf\u00e4higkeit des Gesundheitssystems zu erhalten und die Gesundheitsversorgung zielgerichtet weiterzuentwickeln. <strong>Im Klartext:<\/strong> Optimierung der Wirtschaftlichkeit der &#8222;\u00fcberlebenden&#8220; Krankenh\u00e4user. Die Daseinsvorsorge f\u00fcr das eingesetzte Kapital, nicht f\u00fcr die Gesundheit der (W\u00e4hler) B\u00fcrger. Gesicherte Einnahmen von j\u00e4hrlich \u00fcber 500.000 \u20ac f\u00fcr die Statistik sind gesichert. Zahlen m\u00fcssen die gesetzlich Versicherten.<\/p>\n<p>K\u00fcnftig soll eine Software in Notaufnahmen dar\u00fcber entscheiden, wie dringend der Behandlungsbedarf ist, ob man ambulant bzw. station\u00e4r bleiben darf oder zum Hausarzt gehen muss. Die Sicherheit von Patientinnen und Patienten steht auf dem Spiel. Warum? <span style=\"text-decoration: underline;\"><strong>Die Entscheidung trifft ein Computer. <br \/>\n<\/strong><\/span>Entwurf eines Gesetzes zur Weiterentwicklung der Gesundheitsversorgung\u00a0 BTDrs. 19\/26822<br \/>\n(Gesundheitsversorgungsweiterentwicklungsgesetz \u2013 GVWG). Das Sterben (1#)darf weiter kein Tabu sein!<\/p>\n<h2><strong>7 # VdK-Pflegestudie: Machen Sie mit!<\/strong><\/h2>\n<p>Wunsch und Wirklichkeit in der h\u00e4uslichen Pflege gehen oft weit auseinander. Wie sich die Pflege zuhause gestaltet und woran es konkret mangelt, wissen meist nur die Betroffenen selbst.<\/p>\n<p>Die VdK-Pflegestudie richtet ihren Fokus genau darauf: Was ist f\u00fcr\u00a0<strong>pflegende Angeh\u00f6rige<\/strong>\u00a0anstrengend und kr\u00e4ftezehrend? Was sch\u00e4tzen die\u00a0<strong>Pflegebed\u00fcrftigen<\/strong>\u00a0an der Pflege in den eigenen vier W\u00e4nden? Aber auch\u00a0<strong>VdK-Mitglieder<\/strong>, die noch gar keine Ber\u00fchrung mit dem Thema hatten, sind eingeladen an der Befragung teilzunehmen.<\/p>\n<div class=\"Template-KASTEN\">\n<p><strong>Zur Studie \u00a0\u00a0 \u00a0<\/strong><strong><a class=\"Template-URL ext-link wpel-icon-right\" title=\"Externer Link: JETZT\u00a0\" href=\"https:\/\/umfrage3.zemit.wi.hs-osnabrueck.de\/limesurvey\/index.php\/999999?lang=de\" target=\"_blank\" rel=\"noopener nofollow external noreferrer\" data-wpel-link=\"external\">JETZT\u00a0<span class=\"wpel-icon wpel-image wpel-icon-6\"><\/span><\/a>\u00a0 Datenschutz-h\u00e4ckchen nicht vergessen.<\/strong><\/p>\n<h2><strong>8 # Basiswissen IT Sicherheit<\/strong><\/h2>\n<p>In den Zeiten der Pandemie suchen sehr viele den Kontakt mit und \u00fcbers Internet. Die Internet Kriminalit\u00e4t nimmt zu, verleitet andere schneller zu strafbaren Handlungen \u00fcbers Internet. In<a href=\"https:\/\/zac-niedersachsen.de\/videos\" target=\"_blank\" rel=\"noopener nofollow external noreferrer\" data-wpel-link=\"external\" title=\"Externer Link:  12 kleinen Videos\" class=\"ext-link wpel-icon-right\"> 12 kleinen Videos<span class=\"wpel-icon wpel-image wpel-icon-6\"><\/span><\/a> werden die Fallen anschaulich dargestellt. Den Link finden Sie jederzeit auf unserer Eingangsseite links unten.<\/p>\n<h2>9 # Einf\u00fchrung eines digitalen Impfpasses 2021<\/h2>\n<p>Der digitale Impfnachweis wird nach heutiger Planung sp\u00e4testens zu Beginn der zweiten Jahresh\u00e4lfte 2021 zur Verf\u00fcgung stehen. <a href=\"https:\/\/dip21.bundestag.de\/dip21\/btd\/19\/282\/1928275.pdf\" class=\"mtli_attachment mtli_pdf ext-link wpel-icon-right\" target=\"_blank\" rel=\"noopener nofollow external noreferrer\" data-wpel-link=\"external\" title=\"Externer Link: Gesamte Antwort der Bundesregierung\">Gesamte Antwort der Bundesregierung<span class=\"wpel-icon wpel-image wpel-icon-6\"><\/span><\/a>.\u00a0 Kosten von 2,7 Mio. Euro netto. Der digitale Impfnachweis ist eine zus\u00e4tzliche M\u00f6glichkeit zum gelben Impfpass, um Impfungen gegen Covid-19 zu dokumentieren. Statt nur im gelben Impfpass den Impfzeitpunkt, den Impfstoff und den Namen vorweisen zu k\u00f6nnen, sollen Nutzerinnen und Nutzer diese Informationen k\u00fcnftig auch personalisiert bequem auf ihren Smartphones digital speichern k\u00f6nnen. Der digitale Impfnachweis umfasst eine Impfnachweis-App, eine Pr\u00fcf-App und ein Backendsystem f\u00fcr die Integration in Arztpraxen und Impfzentren. Pro und Contra? Was machen Senioren, wenn sie einen Urlaub buchen, im Restaurant speisen wollen etc.?\u00a0<\/p>\n<\/div>\n","protected":false},"excerpt":{"rendered":"<p>1 # \u00a0Sterben in der Nachbarschaft. Noch immer ein Tabu? 2 # Kein Datenschutz ist auch keine L\u00f6sung 3 # Pflege T\u00dcV &#8211; Qualit\u00e4tspr\u00fcfung \u2013 4 # Wege aus der Pflegemisere 5 # Verpflichtende Beratungsbesuche bis 30.6.21 6 # Spahn plant Notfall (Triage) Software 7 # VdK-Pflegestudie: Machen Sie mit! 8 # Basiswissen IT-Sicherheit 9&hellip; <a class=\"continue\" href=\"https:\/\/unser-quartier.de\/oberhausen\/2021\/04\/news-april-2021\/sraebiger\/\" data-wpel-link=\"internal\"> \u00bb weiterlesen: <span> News April 2021<\/span><\/a><\/p>\n","protected":false},"author":612,"featured_media":12097,"comment_status":"open","ping_status":"closed","sticky":false,"template":"","format":"standard","meta":{"_monsterinsights_skip_tracking":false,"_monsterinsights_sitenote_active":false,"_monsterinsights_sitenote_note":"","_monsterinsights_sitenote_category":0,"generate_page_header":"","footnotes":""},"categories":[1520,6,1,1122,5,39],"tags":[2340,1134,2349,562,2351,1818,354,2332,2377,2335,2339,1023,2338,2348,2334,2350,2337,2336,1423,2333,243,2347,2346,2368,2378],"class_list":["post-12862","post","type-post","status-publish","format-standard","has-post-thumbnail","hentry","category-heimbeirat","category-computer-und-technik","category-dies-und-das","category-ernaehrung-hygiene","category-recht","category-tabus","tag-altenpflegeumlage","tag-begutachtung","tag-bt-drs-19-26822","tag-btdrs","tag-btdrs-19-27714","tag-coenen-marx","tag-datenschutz","tag-deutschlandfunk","tag-digitaler-impfpass","tag-dorothea-voss","tag-duale-ausbildung","tag-gewerkschaften","tag-grundsaetze","tag-gvwg","tag-hans-boeckler-stiftung","tag-impfpass","tag-kontaktverfolgung","tag-lucca-app","tag-pflege-tuev","tag-pflegemisere","tag-qualitaet","tag-software","tag-triage","tag-vdk-pflegestudie","tag-wirfuerdigitalisierung"],"_links":{"self":[{"href":"https:\/\/unser-quartier.de\/oberhausen\/wp-json\/wp\/v2\/posts\/12862","targetHints":{"allow":["GET"]}}],"collection":[{"href":"https:\/\/unser-quartier.de\/oberhausen\/wp-json\/wp\/v2\/posts"}],"about":[{"href":"https:\/\/unser-quartier.de\/oberhausen\/wp-json\/wp\/v2\/types\/post"}],"author":[{"embeddable":true,"href":"https:\/\/unser-quartier.de\/oberhausen\/wp-json\/wp\/v2\/users\/612"}],"replies":[{"embeddable":true,"href":"https:\/\/unser-quartier.de\/oberhausen\/wp-json\/wp\/v2\/comments?post=12862"}],"version-history":[{"count":0,"href":"https:\/\/unser-quartier.de\/oberhausen\/wp-json\/wp\/v2\/posts\/12862\/revisions"}],"wp:featuredmedia":[{"embeddable":true,"href":"https:\/\/unser-quartier.de\/oberhausen\/wp-json\/wp\/v2\/media\/12097"}],"wp:attachment":[{"href":"https:\/\/unser-quartier.de\/oberhausen\/wp-json\/wp\/v2\/media?parent=12862"}],"wp:term":[{"taxonomy":"category","embeddable":true,"href":"https:\/\/unser-quartier.de\/oberhausen\/wp-json\/wp\/v2\/categories?post=12862"},{"taxonomy":"post_tag","embeddable":true,"href":"https:\/\/unser-quartier.de\/oberhausen\/wp-json\/wp\/v2\/tags?post=12862"}],"curies":[{"name":"wp","href":"https:\/\/api.w.org\/{rel}","templated":true}]}}