{"id":13014,"date":"2021-05-04T10:50:14","date_gmt":"2021-05-04T08:50:14","guid":{"rendered":"https:\/\/unser-quartier.de\/oberhausen\/?p=13014"},"modified":"2021-05-04T16:38:27","modified_gmt":"2021-05-04T14:38:27","slug":"news-mai-2021","status":"publish","type":"post","link":"https:\/\/unser-quartier.de\/oberhausen\/2021\/05\/news-mai-2021\/sraebiger\/","title":{"rendered":"Mai 2021"},"content":{"rendered":"<h3>1. <strong><b># Digitaler Impfpass im zweiten Quartal 2021? <\/b><\/strong><\/h3>\n<h3><strong><b>2. # <\/b><\/strong><strong><b>Zu Hause pflegen \u2013 zwischen Wunsch und Wirklichkeit<\/b><\/strong><\/h3>\n<h3><strong><b>3. # Die Berge des Ruh<\/b><\/strong><strong><b>rgebietes<\/b><\/strong><\/h3>\n<h3><strong><b>4. # Was wurde aus den 13.000 versprochenen Pflegekr\u00e4ften<\/b><\/strong><\/h3>\n<h3><strong>5. # Krankenhausschlie\u00dfungen gef\u00e4hrden die Gesundheit<\/strong><\/h3>\n<h3><strong>6. # Virtuelle Tour durch das Wallraff-Richard-Museum<\/strong><\/h3>\n<h3>7. # Keine Aussagen zum Pflegereformgesetz<\/h3>\n<h3>8. # Wahlpr\u00fcfsteine f\u00fcnf Monate vor der Bundestagswahl<\/h3>\n<h3><strong><b>&#8212;&#8212;&#8212;&#8212;&#8212;&#8212;&#8212;&#8212;&#8212;&#8212;&#8212;&#8212;&#8212;&#8212;&#8212;<\/b><\/strong><\/h3>\n<h3><strong><b>1<\/b><\/strong> <a href=\"#hieralt\"><strong><b># Digitaler Impfpass in diesem Quartal? <\/b><\/strong><\/a><\/h3>\n<p>Der von der Europ\u00e4ischen Union geplante digitale Impfpass soll Mitte des zweiten Quartals auch in Deutschland zur Verf\u00fcgung stehen.<img loading=\"lazy\" decoding=\"async\" class=\"wp-image-12830 alignleft\" src=\"https:\/\/unser-quartier.de\/oberhausen\/files\/2021\/03\/EU-Impf_ausweis.jpg\" alt=\"\" width=\"134\" height=\"256\" srcset=\"https:\/\/unser-quartier.de\/oberhausen\/files\/2021\/03\/EU-Impf_ausweis.jpg 161w, https:\/\/unser-quartier.de\/oberhausen\/files\/2021\/03\/EU-Impf_ausweis-150x287.jpg 150w\" sizes=\"auto, (max-width: 134px) 100vw, 134px\" \/><\/p>\n<ol>\n<li><b> <\/b>Die erste Komponente soll ein Impf-Zertifikat-Service f\u00fcr Impfzentren und Arztpraxen sein, in dem m\u00f6glichst einfach Daten der geimpften Person eingegeben werden k\u00f6nnen. Als Ergebnis entstehe ein QR-Code, den Nutzer scannen oder ausdrucken k\u00f6nnen.<\/li>\n<li><b> <\/b>Die zweite Komponente sei eine Impf-Nachweis-App, in der der Code verwaltet werden k\u00f6nne.<\/li>\n<li><b> <\/b>Das dritte Modul sei eine Pr\u00fcf-App, in der der Code entgegengenommen werden k\u00f6nne und die G\u00fcltigkeit des Impfschutzes gepr\u00fcft werde. Erzeugt werde ein rotes oder gr\u00fcnes Ergebnis, das etwa an Flugh\u00e4fen bequem vorgezeigt werden k\u00f6nne. Die Impfbescheinigung werde nur lokal auf dem Smartphone gespeichert, eine dauerhafte Speicherung sei nur dezentral auf den digitalen Endger\u00e4ten der Nutzer vorgesehen.<\/li>\n<\/ol>\n<p>Den Zuschlag f\u00fcr den EU-weit standardisierten Impfnachweis hat ein Konsortium der Firmen IBM, Ubirch, Govdigital und Bechtle erhalten. Die Kosten f\u00fcr das Vorhaben belaufen sich auf zirka drei Millionen Euro. Der Pass solle vor allem die Reisefreiz\u00fcgigkeit st\u00e4rken.\u00a0 Siehe dazu auch <a href=\"https:\/\/unser-quartier.de\/oberhausen\/2021\/04\/news-april-2021\/\" target=\"_blank\" rel=\"noopener\" data-wpel-link=\"internal\">die April News.<\/a><\/p>\n<p><strong><u><b>Wir brauchen eine neue App, damit die Restaurants wieder f\u00fcr die geimpften und Genesenden \u00f6ffnen k\u00f6nnen!<\/b><\/u><\/strong><\/p>\n<h3><strong><b>2. # Zu Hause pflegen \u2013 zwischen Wunsch und Wirklichkeit<\/b><\/strong><\/h3>\n<table>\n<tbody>\n<tr>\n<td width=\"20\">\u00a0<\/td>\n<td>\n<p>\u201eDer gr\u00f6\u00dfte Pflegedienst der Nation\u201c bekommt endlich eine starke Stimme. Bislang ist die Situation pflegender Angeh\u00f6riger und generell die h\u00e4usliche Versorgung von Pflegebed\u00fcrftigen kaum erforscht. Der Sozialverband VdK f\u00fchrt noch bis zum 9. Mai die gr\u00f6\u00dfte Umfrage durch, die je zu diesem Thema gemacht wurde. <a href=\"https:\/\/www.vdk.de\/deutschland\/pages\/themen\/pflege\/pflege\/81778\/startschuss_fuer_die_vdk-pflegestudie\" data-wpel-link=\"external\" target=\"_self\" rel=\"nofollow external noopener noreferrer\" title=\"Externer Link: Mehr erfahren und mitmachen\" class=\"ext-link wpel-icon-right\">Mehr erfahren und mitmachen<span class=\"wpel-icon wpel-image wpel-icon-6\"><\/span><\/a><\/p>\n<\/td>\n<\/tr>\n<\/tbody>\n<\/table>\n<h3><strong><b>3.# Die Berge des Ruhrgebietes<\/b><\/strong><\/h3>\n<p>Mehr als 250 Halden gibt es im Ruhrgebiet. Die k\u00fcnstlichen Berge waren fr\u00fcher Lagerplatz f\u00fcr Abraum, Steine, Schlacke und Bauschutt aus der Kohle- und Stahlindustrie. Seit einigen Jahrzehnten schrumpft die Schwerindustrie im Ruhrgebiet. Die Halden werden nach und nach umgebaut, renaturiert und Besuchenden zug\u00e4nglich gemacht. Wolfgang Friese stellt in seinem Beitrag einige der Halden im Ruhrgebiet vor.\u00a0<a href=\"https:\/\/www.nrwision.de\/mediathek\/die-berge-des-ruhrgebiets-210406\" data-wpel-link=\"external\" target=\"_self\" rel=\"nofollow external noopener noreferrer\" title=\"Externer Link: Ein Video von 11 Minuten.\" class=\"ext-link wpel-icon-right\">Ein Video von 11 Minuten.<span class=\"wpel-icon wpel-image wpel-icon-6\"><\/span><\/a> Eine Anregung das Ruhrgebiet kennenzulernen.<\/p>\n<h3><strong><b>4.# Was wurde aus den 13.000 versprochenen Pflegekr\u00e4ften<\/b><\/strong><\/h3>\n<p>Auskunft gibt die Antwort der Bundesregierung in der <a href=\"https:\/\/dip21.bundestag.de\/dip21\/btd\/19\/281\/1928186.pdf\" class=\"mtli_attachment mtli_pdf ext-link wpel-icon-right\" data-wpel-link=\"external\" target=\"_self\" rel=\"nofollow external noopener noreferrer\" title=\"Externer Link: BT Drs. 19\/28186\">BT Drs. 19\/28186<span class=\"wpel-icon wpel-image wpel-icon-6\"><\/span><\/a>. 2019 wurde ganze 1.492 Stellen bei 3.237 Einrichtungen von insgesamt 15.094 Einrichtungen mit 1.135.867 besch\u00e4ftigten Personen gef\u00f6rdert. Die Bundesregierung kann keine Aussage \u00fcber die Abrufquote nach Bundesl\u00e4ndern machen. Eine Es muss wie ein Hohn in den Ohren der Besch\u00e4ftigen klingen; es hei\u00dft auf die Fragen<\/p>\n<p><strong><b>20 Welche Ma\u00dfnahmen m\u00f6chte die Bundesregierung in Zukunft ergreifen, um Pflegekr\u00e4fte langfristig und in Vollzeit im Beruf zu halten?<\/b><\/strong><\/p>\n<p><strong><b>Dem Hinweis auf den Pflegemindestlohn, Ausl\u00e4ndische Kr\u00e4fte, folgt:<\/b><\/strong> \u201eAu\u00dferdem sieht die Verordnung f\u00fcr Besch\u00e4ftigte in der Pflege neben dem gesetzlichen Urlaubsanspruch einen Anspruch auf zus\u00e4tzlichen bezahlten Urlaub vor. F\u00fcr die Jahre 2021 und 2022 betr\u00e4gt der Anspruch auf zus\u00e4tzlich bezahlten Urlaub bei Besch\u00e4ftigten mit einer 5-Tage-Woche jeweils sechs Tage.\u201c<\/p>\n<p>\u201ePflegefachpersonen sollen die M\u00f6glichkeit erhalten, Aufgaben in der Versorgung selbst[1]st\u00e4ndiger als bisher zu \u00fcbernehmen, um ihre Fachkompetenz zielgerichteter f\u00fcr die Patientinnen und Patienten sowie Pflegebed\u00fcrftigen einsetzen zu k\u00f6nnen und entsprechend st\u00e4rker in die Versorgungsverantwortung eingebunden zu werden.\u201c<\/p>\n<p>23 <strong><b>Welche Schl\u00fcsse zieht die Bundesregierung aus den Erfahrungen und Entwicklungen in der station\u00e4ren Pflege mit Corona<\/b><\/strong>, insbesondere in Bezug auf getroffene Ma\u00dfnahmen und M\u00f6glichkeiten?<\/p>\n<p>\u2026. \u201eVor Ort sind \u2013 auch durch die Anforderungen von Bund und L\u00e4ndern \u2013 wirkungsvolle Instrumente, wie Schutz- und Hygiene-, Besuchs- sowie Testkonzepte erarbeitet worden, die in angepasster Form auch in der weiteren Entwicklung anwendbar bleiben werden. Das BMG ist mit den ma\u00dfgeblichen Akteuren der Altenpflege in den L\u00e4ndern in einem regelm\u00e4\u00dfigen Austausch. Gemeinsam konnten gute, abgestimmte L\u00f6sungen f\u00fcr viele pandemiebedingten Herausforderungen gefunden werden. Die entsprechenden Beteiligungsformate sollen \u2013 weiterhin auch unter Einbeziehung wissenschaftlicher Erkenntnisse \u2013 kontinuierlich fortgef\u00fchrt werden.\u201c<\/p>\n<p><strong><b>Die Privaten Einrichtungstr\u00e4ger haben keine Veranlassung Ihr Verhalten zu \u00e4ndern. Es kommt kein allgemeinverbindlicher Tarifvertrag. CDU\/CSU sind f\u00fcr ausl\u00e4ndische Kr\u00e4fte. Wer soll die Einhaltung der Schutzgesetze, des Urlaubsanspruches kontrollieren und durchsetzen? Der gute Wille der SPD-Minister, Heil und Giffey, sind ins Leere gelaufen.<\/b><\/strong><\/p>\n<p>In NRW werden <a href=\"https:\/\/www.lokalkompass.de\/duesseldorf\/c-politik\/alle-pflegekraefte-muessen-zwangsmitglieder-werden_a1563326\" target=\"_blank\" rel=\"noopener nofollow external noreferrer\" data-wpel-link=\"external\" title=\"Externer Link: Pflegekr\u00e4fte nun in die Pflegekammer\" class=\"ext-link wpel-icon-right\">Pflegekr\u00e4fte nun in die Pflegekammer<span class=\"wpel-icon wpel-image wpel-icon-6\"><\/span><\/a> gezwungen, in Schleswig-Holstein wird die Pflegekammer gerade aufgel\u00f6st. In Niedersachsen die Beitr\u00e4ge 2018\/2019 zur\u00fcckerstattet.<\/p>\n<h3><strong>5. # Krankenhausschlie\u00dfungen gef\u00e4hrden die Gesundheit<\/strong><\/h3>\n<p>4 Mrd. \u20ac wurden vom Bund bereits f\u00fcr Krankenhausschlie\u00dfungen gezahlt. Die zunehmenden Klinikschlie\u00dfungen passieren nicht einfach, sie sind die Folge einer gezielten Politik. Krankenh\u00e4user werden geschlossen, weil ihnen die ben\u00f6tigten Gelder verweigert werden oder weil sie f\u00fcr private Tr\u00e4ger nicht mehr genug Rendite bringen. Vor allem aber werden sie geschlossen, weil eine Lobby aus privaten Stiftungen daf\u00fcr wirbt \u2013 auch in der Pandemie.\u00a0 Sollen die freigesetzten Pflegekr\u00e4fte die Statistik der Fehlstellen sch\u00f6nen?<\/p>\n<p>Ein interessantes <a href=\"https:\/\/www.youtube.com\/watch?v=yb8eoKQfOyU.\" target=\"_blank\" rel=\"noopener nofollow external noreferrer\" data-wpel-link=\"external\" title=\"Externer Link: kurzes Video\" class=\"ext-link wpel-icon-right\">kurzes Video<span class=\"wpel-icon wpel-image wpel-icon-6\"><\/span><\/a><\/p>\n<p><strong>Gewinne mit der Gesundheit schaden der Volksgesundheit.<\/strong><\/p>\n<h3><strong>6. # Virtuelle Tour durch das Wallraff-Richard-Museum<\/strong><\/h3>\n<p>Damit die Kultur auch in Pandemiezeiten erlebbar bleibt. <a href=\"https:\/\/www.wallraf.museum\/virtuelle-tour\/\" target=\"_blank\" rel=\"noopener nofollow external noreferrer\" data-wpel-link=\"external\" title=\"Externer Link: &gt;&gt;&gt;LINK &lt;&lt;&lt;\" class=\"ext-link wpel-icon-right\">&gt;&gt;&gt;LINK &lt;&lt;&lt;<span class=\"wpel-icon wpel-image wpel-icon-6\"><\/span><\/a><\/p>\n<h3>7. # Keine Aussagen zum Pflegereformgesetz<\/h3>\n<p>Bundesfinanzminister Scholz und Arbeitsminister Heil gegen Gesundheitsminister Spahn. Zum Ende der gro\u00dfen Koalition ist die Antwort der Bundesregierung(<a href=\"https:\/\/dip21.bundestag.de\/dip21\/btd\/19\/288\/1928850.pdf\" class=\"mtli_attachment mtli_pdf ext-link wpel-icon-right\" data-wpel-link=\"external\" target=\"_self\" rel=\"nofollow external noopener noreferrer\" title=\"Externer Link: &lt;strong&gt;19\/28850&lt;\/strong&gt;\"><strong>19\/28850<\/strong><span class=\"wpel-icon wpel-image wpel-icon-6\"><\/span><\/a>) auf eine Kleine Anfrage (<a href=\"https:\/\/dip21.bundestag.de\/dip21\/btd\/19\/280\/1928027.pdf\" class=\"mtli_attachment mtli_pdf ext-link wpel-icon-right\" data-wpel-link=\"external\" target=\"_self\" rel=\"nofollow external noopener noreferrer\" title=\"Externer Link: &lt;strong&gt;19\/28027&lt;\/strong&gt;\"><strong>19\/28027<\/strong><span class=\"wpel-icon wpel-image wpel-icon-6\"><\/span><\/a>) der Fraktion B\u00fcndnis 90\/Die Gr\u00fcnen, ist die St\u00e4rke der CDU\/CSU bezeichnend. Sie stellt\u00a0 klar, dass sie derzeit keine Ausk\u00fcnfte zur weiteren Entwicklung der Tarifvertr\u00e4ge in der Pflege geben kann. Die Gr\u00fcnen hatten vor allem nach Details eines sich in Arbeit befindlichen Pflegereformgesetzes und dessen aus ihrer Sicht m\u00f6glichen negativen Auswirkungen auf die Tariflandschaft in der Pflegebranche gefragt.\u00a0<\/p>\n<h3>8. # Wahlpr\u00fcfsteine f\u00fcnf Monate vor der Bundestagswahl<\/h3>\n<p><strong>Die BAGSO, die Bundesarbeitsgemeinschaft der Seniorenorganisationen, hat uns aktuell <a href=\"https:\/\/www.seele-und-sorge.de\/?nltr=MTE0OzIzMDUyO2h0dHBzOi8vd3d3LmJhZ3NvLmRlL3dhaGxwcnVlZnN0ZWluZS0yMDIxLzs7Yzg1NzgxOWM4YjE0MGE4NTEzOWMxM2NkZTdiYzZmMGE%3D\" data-wpel-link=\"external\" target=\"_self\" rel=\"nofollow external noopener noreferrer\" title=\"Externer Link: Wahlpr\u00fcfsteine\" class=\"ext-link wpel-icon-right\">Wahlpr\u00fcfsteine<span class=\"wpel-icon wpel-image wpel-icon-6\"><\/span><\/a><\/strong>\u00a0<strong>hingelegt:<\/strong> Fragen an Politiker*innen, in denen es darum geht, inwieweit sie sich f\u00fcr eine demokratische, offene Gesellschaft einsetzen, in der die Anliegen der \u00e4lteren Generation ber\u00fccksichtigt werden.\u00a0<\/p>\n<p><strong>Muss es eine besondere Arbeit mit \u00c4lteren geben oder ist es wichtiger, die Engagierten in der Quartiersarbeit zu st\u00e4rken und Generationendialoge anzubieten?<\/strong><\/p>\n<p>&#8212;&#8212;&#8212;&#8212;&#8212;&#8212;&#8212;&#8212;&#8212;&#8212;&#8212;&#8212;&#8212;&#8212;<\/p>\n<p>Mit unseren monatlichen\u00a0 News wollen wir Anregungen geben, Neuigkeiten mitteilen, die in der Flut der Informationen oft untergehen. Die n\u00e4chsten News erscheinen am 9.Juni.<\/p>\n","protected":false},"excerpt":{"rendered":"<p>1. # Digitaler Impfpass im zweiten Quartal 2021? 2. # Zu Hause pflegen \u2013 zwischen Wunsch und Wirklichkeit 3. # Die Berge des Ruhrgebietes 4. # Was wurde aus den 13.000 versprochenen Pflegekr\u00e4ften 5. # Krankenhausschlie\u00dfungen gef\u00e4hrden die Gesundheit 6. # Virtuelle Tour durch das Wallraff-Richard-Museum 7. # Keine Aussagen zum Pflegereformgesetz 8. # Wahlpr\u00fcfsteine&hellip; <a class=\"continue\" href=\"https:\/\/unser-quartier.de\/oberhausen\/2021\/05\/news-mai-2021\/sraebiger\/\" data-wpel-link=\"internal\"> \u00bb weiterlesen: <span> Mai 2021<\/span><\/a><\/p>\n","protected":false},"author":612,"featured_media":12097,"comment_status":"open","ping_status":"closed","sticky":false,"template":"","format":"standard","meta":{"_monsterinsights_skip_tracking":false,"_monsterinsights_sitenote_active":false,"_monsterinsights_sitenote_note":"","_monsterinsights_sitenote_category":0,"generate_page_header":"","footnotes":""},"categories":[6,3,1,1122,5,4],"tags":[2393,2395,2392,2377,2394,2399,556,1385,196,2412,2413,1079,715,2400,1881,2402,2396],"class_list":["post-13014","post","type-post","status-publish","format-standard","has-post-thumbnail","hentry","category-computer-und-technik","category-freizeit","category-dies-und-das","category-ernaehrung-hygiene","category-recht","category-unterstuetzung","tag-arbeitsminister-heil","tag-berge-des-ruhrgebietes","tag-bt-drs-19-28186","tag-digitaler-impfpass","tag-familienministerin-giffey","tag-krankenhausschliessungen","tag-mindestlohn","tag-pflegekammer","tag-pflegekraefte","tag-pflegereformgesetz","tag-tarifvertraege","tag-umfrage","tag-video","tag-volksgesundheit","tag-wahlpruefsteine","tag-wallraff-richard-museum","tag-zu-hause-pflegen"],"_links":{"self":[{"href":"https:\/\/unser-quartier.de\/oberhausen\/wp-json\/wp\/v2\/posts\/13014","targetHints":{"allow":["GET"]}}],"collection":[{"href":"https:\/\/unser-quartier.de\/oberhausen\/wp-json\/wp\/v2\/posts"}],"about":[{"href":"https:\/\/unser-quartier.de\/oberhausen\/wp-json\/wp\/v2\/types\/post"}],"author":[{"embeddable":true,"href":"https:\/\/unser-quartier.de\/oberhausen\/wp-json\/wp\/v2\/users\/612"}],"replies":[{"embeddable":true,"href":"https:\/\/unser-quartier.de\/oberhausen\/wp-json\/wp\/v2\/comments?post=13014"}],"version-history":[{"count":0,"href":"https:\/\/unser-quartier.de\/oberhausen\/wp-json\/wp\/v2\/posts\/13014\/revisions"}],"wp:featuredmedia":[{"embeddable":true,"href":"https:\/\/unser-quartier.de\/oberhausen\/wp-json\/wp\/v2\/media\/12097"}],"wp:attachment":[{"href":"https:\/\/unser-quartier.de\/oberhausen\/wp-json\/wp\/v2\/media?parent=13014"}],"wp:term":[{"taxonomy":"category","embeddable":true,"href":"https:\/\/unser-quartier.de\/oberhausen\/wp-json\/wp\/v2\/categories?post=13014"},{"taxonomy":"post_tag","embeddable":true,"href":"https:\/\/unser-quartier.de\/oberhausen\/wp-json\/wp\/v2\/tags?post=13014"}],"curies":[{"name":"wp","href":"https:\/\/api.w.org\/{rel}","templated":true}]}}