{"id":14438,"date":"2022-07-22T12:12:58","date_gmt":"2022-07-22T10:12:58","guid":{"rendered":"https:\/\/unser-quartier.de\/oberhausen\/?p=14438"},"modified":"2022-07-22T18:21:40","modified_gmt":"2022-07-22T16:21:40","slug":"rente-in-deutschland-ein-versagen-der-regierung-oder-eine-katastrophe","status":"publish","type":"post","link":"https:\/\/unser-quartier.de\/oberhausen\/2022\/07\/rente-in-deutschland-ein-versagen-der-regierung-oder-eine-katastrophe\/uwiemann\/","title":{"rendered":"Rente in Deutschland ein Versagen der Regierung, oder eine Katastrophe?"},"content":{"rendered":"<blockquote>\n<h2><strong>Das &#8222;Dreis\u00e4ulenmodell&#8220; in Deutschland f\u00fchrt zur Armut<\/strong><\/h2>\n<\/blockquote>\n<p>Die J\u00fcngeren unter uns, denen man jahrelang hartn\u00e4ckig die Rentenl\u00fcgen von Demografie und Generationengerechtigkeit aufgetischt hat, werden es kaum glauben. Genauso die \u00c4lteren, die heute schon in Armut leben. Die Rente k\u00f6nnte auch ganz anders aussehen, und zwar viel besser f\u00fcr alle. Wenn wir uns von der Gehirnw\u00e4sche durch die Lobbyisten befreien, die Rentenl\u00fcgen demaskieren, die Fehler durch die Leistungseinschnitter in der Rentenversicherung korrigieren und uns auf deren wirkliche St\u00e4rken besinnen,<\/p>\n<p><strong>kurz:<\/strong> <strong>Wenn wir den Kurswechsel einleiten, dann sind h\u00f6here Renten f\u00fcr alle drin, ohne \u00dcberlastung der Jungen. Und zwar sofort.<\/strong><\/p>\n<p>Manchmal m\u00fcssen auch heilige K\u00fche geschlachtet werden, wenn alles besser werden soll. Das deutsche <a href=\"https:\/\/www.deutsche-rentenversicherung.de\/OldenburgBremen\/DE\/Presse\/Pressemitteilungen\/Rententipps\/rententipp_monat_2018_09.html\" target=\"_blank\" rel=\"noopener nofollow external noreferrer\" data-wpel-link=\"external\" title=\"Externer Link: Dreis\u00e4ulenmodell der Altersvorsorge\" class=\"ext-link wpel-icon-right\">Dreis\u00e4ulenmodell der Altersvorsorge<span class=\"wpel-icon wpel-image wpel-icon-6\"><\/span><\/a>:<\/p>\n<ol>\n<li>der gesetzlichen Rentenversicherung,<\/li>\n<li>der betrieblichen Altersvorsorge und<\/li>\n<li>der privaten Altersvorsorge.<\/li>\n<\/ol>\n<p>genie\u00dft mittlerweile einen solchen Status.<\/p>\n<p><strong>Nicht zu verwechseln mit den drei Risiken:\u00a0 <\/strong>1. Alter (Risiko der Langlebigkeit); 2. Erwerbsminderung (fr\u00fcher auch Berufsunf\u00e4higkeit), 3. Todesfall (f\u00fcr Hinterbliebene).<\/p>\n<p>Beim <strong>Dreis\u00e4ulenmodells in der Schweiz<\/strong> zahlen alle Besch\u00e4ftigten solidarisch, ausnahmslos, ohne Begrenzung auf einen H\u00f6chstwert, prozentual in die erste S\u00e4ule ein, aber jeder erh\u00e4lt einen maximalen monatlichen Rentenbetrag. Die zweite S\u00e4ule ist obligatorische und der zu gew\u00e4hrende Zins wird gesetzlich festgelegt. Siehe auch: <a href=\"https:\/\/unser-quartier.de\/oberhausen\/2022\/07\/millionen-menschen-fuehlen-dass-es-in-diesem-staat-mit-der-rente-nicht-gerecht-zugeht\/\" target=\"_blank\" rel=\"noopener\" data-wpel-link=\"internal\">Millionen Menschen f\u00fchlen, es geht mit der Rente nicht gerecht zu,<\/a> mit dem Vergleich \u00d6sterreich u.a.<\/p>\n<p>Seit Jahrzehnten versucht die Finanzwirtschaft die Menschen zu \u00fcberzeugen, sie m\u00fcssten mehr tun, als sich nur auf die gesetzliche Rente zu verlassen. Die zus\u00e4tzliche Vorsorge per Riester-Rente wurde quasi zur Pflicht erkl\u00e4rt. Zeitgleich bekam jeder Arbeitnehmer das gesetzliche Recht auf einer Betriebsrente per Entgeltumwandlung. Zwar wurde weder die Riester-Rente noch die Entgeltumwandlung verpflichtend beschlossen, doch die Regierung machte deutlich, ihr sollt es tun! Damit war das Dreis\u00e4ulenmodell geboren. Immer wieder wird es beschworen, und die gew\u00fcnschte suggestive Wirkung ist naheliegend. Wenn ihr nicht alle drei S\u00e4ulen nutzt, br\u00f6ckelt eure Altersversorgung, st\u00fcrzt wom\u00f6glich ein.<\/p>\n<p><strong>Dieser Unsinn sollte schleunigst beendet werden!<\/strong><\/p>\n<p>Die <a href=\"https:\/\/archive.org\/details\/Altersrente-in-der-Kritik_Drei-Saeulen-Modell_ANK-Bremen-2015\" target=\"_blank\" rel=\"noopener nofollow external noreferrer\" data-wpel-link=\"external\" title=\"Externer Link: Arbeitnehmerkammer Bremen\" class=\"ext-link wpel-icon-right\">Arbeitnehmerkammer Bremen<span class=\"wpel-icon wpel-image wpel-icon-6\"><\/span><\/a> hat 2015 nachgewiesen, dass die Gesamtversorgung im Drei-S\u00e4ulen-Modell langfristig nicht das Niveau vor der Riesterreform erreicht, trotz h\u00f6herer Kosten f\u00fcr den Arbeitnehmer. Der Sicherungsgrad wird dabei immer schlechter, je l\u00e4nger der Rentenbezug dauert. Selbst die optimistischen Annahmen der Bundesregierung unterstellen, dass alle drei S\u00e4ulen im Alter weniger stark wachsen als die L\u00f6hne. Dies f\u00fchrt zwingend zu einem sinkenden Sicherungsgrad. Bezieht man Elemente wie den Hinterbliebenenschutz oder die Zahlung einer Erwerbsminderungsrente mit ein, wird der Vergleich zum Desaster f\u00fcr das hochgelobte Dreis\u00e4ulenmodell in Deutschland. Die Leistungen liegen deutlich unter jenen der Vor-Riester-\u00c4ra.<\/p>\n<p><strong>Und wie sieht es mit der Beitragsbelastung aus?<\/strong><\/p>\n<p>F\u00fcr das Jahr 2030 geht die Bundesregierung im Dreis\u00e4ulenmodell von einem Gesamtbeitragssatz von 29 Prozent aus. Das ist nicht nur sehr viel, sondern auch deutlich mehr als die 26 Prozent, die von den politisch Handelnden vor den Riester-Reformen als unzumutbar und politisch nicht vermittelbar diskreditiert wurden. Nun stellt sich heraus: Alles wird noch erheblich teurer. Die Bremer Studie hat errechnet, wie hoch der Beitragssatz im gemischten Drei-S\u00e4ulen-System in Deutschland klettern m\u00fcsste, um tats\u00e4chlich dasselbe Versorgungsniveau wie vor der Riester-Reform von 2001 zu bieten, auf sage und schreibe 32 Prozent.<span style=\"text-decoration: underline;\"> Den weitaus gr\u00f6\u00dften Teil davon m\u00fcssten die Arbeitnehmer zahlen. Daraus kann sich nur eine Konsequenz ergeben. Das Drei-S\u00e4ulen-Modell sollte aufgegeben werden.<\/span> Und der Versorgungsgrad in der gesetzlichen Rente muss wieder deutlich steigen, um so wenigstens ann\u00e4hernd den fr\u00fcheren Lebensstandard zu sichern. Der implizite Zwang zur Riester-Rente sowie zu einer schlecht gemachten zus\u00e4tzlichen Betriebsrente per Entgeltumwandlung sollte hingegen aufgegeben werden. Wer sich positiv \u00fcber das Deutsche Rentensystem \u00e4u\u00dfert, ist der Korruptionsvorwurf nicht weit. Die Bedienung der Interessen der Finanzindustrie lassen sich wunderbar mit den Interessen der Unternehmen in Deutschland nach Senkung der Lohnkosten (weniger Sozialversicherungsbeitr\u00e4ge) und den Interessen der Politik bzw. Spitzenbeamten, in kurzer Zeit zu sichern und so an hohen Pensionen zu kommen, verbinden.<\/p>\n<p><strong>Aber warum sollte Geld f\u00fcr sp\u00e4tere Renten verzinslich zur\u00fccklegen<\/strong>,<strong> wenn man von den Vorteilen des Umlageverfahrens \u00fcberzeugt ist?<\/strong><\/p>\n<p>Damit w\u00fcrde also nur ein falscher Weg ein wenig preiswerter fortgesetzt. Es muss darum gehen, m\u00f6glichst viel Geld ins umlagefinanzierte gesetzliche System zu bringen, die Gelder wo auch immer kapitalgedeckt f\u00fcr die Rente arbeiten zu lassen macht doch nachweislich keinen Sinn. Das wissen wir sp\u00e4testens seit der Finanzkrise. Auch die Entgeltumwandlung sollte in der bisherigen Form beendet werden. Sie lebt von der Illusion, es handelt sich um ein gutes Gesch\u00e4ft, wenn steuer- und abgabenfrei Gehalt umgewandelt wird. Solange aber im Alter die doppelten Krankenkassen- und Pflegebeitr\u00e4ge\u00a0 kassiert werden und die Rente komplett versteuert werden muss, bleibt es f\u00fcr viele wohl bei der Illusion.<span style=\"text-decoration: underline;\"> Was aber vor allem gegen die Entgeltumwandlung spricht: Sie h\u00f6hlt schleichend den Kern der Altersvorsorge aus, die gesetzliche Rente: Jeder umgewandelte Euro sorgt daf\u00fcr, dass die Renten f\u00fcr alle Versicherten ein klein wenig langsamer steigen. Und f\u00fcr den, der das fragw\u00fcrdige Instrument nutzt, f\u00fchrt es dar\u00fcber hinaus auch direkt zu einer Rentenk\u00fcrzung in der ersten S\u00e4ule, also bei der gesetzlichen Rente.<\/span> Was soll also ein Dreis\u00e4ulenmodell, das vorgeblich die Gesamtversorgung verbessern soll, aber in der Praxis genau das Gegenteil bewirkt? Es sollte schleunigst in die Mottenkiste der Sozialpolitik verbannt werden. Alles was, die gesetzliche Rente sch\u00e4digt, muss aufh\u00f6ren. Es ist doch v\u00f6llig absurd, dass man eine zweite und dritte S\u00e4ule erfindet, um damit die erste zu ruinieren. Wie undurchdacht ist das den in Deutschland?<\/p>\n<p>Nat\u00fcrlich bleibt es jedem unbenommen, sich privat auf rein freiwilliger Basis zus\u00e4tzlich abzusichern. Nur sollte dies nicht die Grundlage f\u00fcr eine armutsfeste Altersversorgung darstellen. Diese weitere private Vorsorge kann nur on top zu einer deutlich verbesserten gesetzlichen Rente hinzukommen, wenn dies jemand f\u00fcr n\u00f6tig h\u00e4lt. Sie sollte auch nicht mehr l\u00e4nger durch Steuervorteile oder direkte Zulagen vom Staat gef\u00f6rdert werden, Solche Geschenke verzerren nur die Wahrnehmung und machen so aus Kundensicht unter Umst\u00e4nden aus schlechten Finanzprodukten vermeintliche Schn\u00e4ppchen. Der Staat sollte sich voll und ganz auf die F\u00f6rderung der gesetzlichen Rente konzentrieren. Auch die Betriebe k\u00f6nnen und sollen im Wettbewerb um gute Arbeitskr\u00e4fte freiwillig zus\u00e4tzliche Betriebsrenten zusagen, so wie dies \u00fcber viele Jahre gute Praxis war. <span style=\"text-decoration: underline;\">Nur sollte dies im Wesentlichen arbeitgeberfinanziert geschehen. Ein gutes Beispiel ist die tarifliche geregelte Zusatzversorgung f\u00fcr die Besch\u00e4ftigten im \u00f6ffentlichen Dienst. Sie ist in der Regel voll arbeitgeberfinanziert und sorgt f\u00fcr keine K\u00fcrzung der gesetzlichen Rente bei den Arbeitnehmern.<\/span><\/p>\n<h2><strong><a href=\"https:\/\/unser-quartier.de\/oberhausen\/2022\/06\/sagt-das-rentenniveau-ueberhaupt-etwas-aus-ueber-altersamut\/\" target=\"_blank\" rel=\"noopener\" data-wpel-link=\"internal\">Chim\u00e4re Rentenniveau<\/a><br \/>\n<\/strong><\/h2>\n<h3><strong>Ziel muss wieder ein Netto-Gesamtversorgungsniveau von 70 Prozent als \u00bblebensstandardsichernd\u00ab f\u00fcr alle sein.<\/strong><\/h3>\n<p>Dies kann erreicht werden, durch<\/p>\n<ul>\n<li>Wegfall der Bemessungsgrundlage.<\/li>\n<li>Einbeziehung aller Einkommensbezieher. Angefangen beim Abgeordneten \u00fcber die Beamten und Selbstst\u00e4ndigen bis hin zum angestellten Vorstandsvorsitzenden.<\/li>\n<\/ul>\n<h2><strong>Der 20. Bundestag muss entscheiden.<\/strong><\/h2>\n<p><strong>***********************<\/strong><\/p>\n<p>Bitte beachten Sie die nebenstehenden Veranstaltungen, sie k\u00f6nnten interessant sein. Lernen Sie Gleichgesinnte kennen.<\/p>\n<p>Die zweite verbesserter Auflage &#8222;Der Bewohnerbeirat&#8220; ist erschienen. Zur Unterst\u00fctzung\u00a0 auch der An- und Zugeh\u00f6rigen von Heimbewohnern, Seniorenbeir\u00e4te, Betreuer. Nur wenn wir uns aktiv einbringen wird sich etwas in unserem Sinne \u00e4ndern.<strong> Nutzen Sie Ihren \u00c4rger positiv.<\/strong><\/p>\n<p>Abonieren Sie unseren<a href=\"https:\/\/unser-quartier.de\/oberhausen\/service\/newsletter\/\" target=\"_blank\" rel=\"noopener\" data-wpel-link=\"internal\"> kostenlosen Newsletter<\/a>, diskutieren Sie mit. Ihre Anregungen und Kritik nehmen wir gerne auf.<\/p>\n","protected":false},"excerpt":{"rendered":"<p>Das &#8222;Dreis\u00e4ulenmodell&#8220; in Deutschland f\u00fchrt zur Armut Die J\u00fcngeren unter uns, denen man jahrelang hartn\u00e4ckig die Rentenl\u00fcgen von Demografie und Generationengerechtigkeit aufgetischt hat, werden es kaum glauben. Genauso die \u00c4lteren, die heute schon in Armut leben. Die Rente k\u00f6nnte auch ganz anders aussehen, und zwar viel besser f\u00fcr alle. Wenn wir uns von der Gehirnw\u00e4sche&hellip; <a class=\"continue\" href=\"https:\/\/unser-quartier.de\/oberhausen\/2022\/07\/rente-in-deutschland-ein-versagen-der-regierung-oder-eine-katastrophe\/uwiemann\/\" data-wpel-link=\"internal\"> \u00bb weiterlesen: <span> Rente in Deutschland ein Versagen der Regierung, oder eine Katastrophe?<\/span><\/a><\/p>\n","protected":false},"author":617,"featured_media":9183,"comment_status":"open","ping_status":"closed","sticky":false,"template":"","format":"standard","meta":{"_monsterinsights_skip_tracking":false,"_monsterinsights_sitenote_active":false,"_monsterinsights_sitenote_note":"","_monsterinsights_sitenote_category":0,"generate_page_header":"","footnotes":""},"categories":[1],"tags":[1828,2763,256,1747,2983,2813,2810,1208,2811,2984,1532,394,1628,2812,160,2814],"class_list":["post-14438","post","type-post","status-publish","format-standard","has-post-thumbnail","hentry","category-dies-und-das","tag-altersversorgung","tag-arbeitnehmer","tag-armut","tag-bundesregierung","tag-dreisaeulen","tag-entgeltumwandlung","tag-finanzwirtschaft","tag-foerderung","tag-gehirnwaesche","tag-gesamtversorgung","tag-menschen","tag-rente","tag-schweiz","tag-volksverdummung","tag-vorsorge","tag-zusatzversorgung"],"_links":{"self":[{"href":"https:\/\/unser-quartier.de\/oberhausen\/wp-json\/wp\/v2\/posts\/14438","targetHints":{"allow":["GET"]}}],"collection":[{"href":"https:\/\/unser-quartier.de\/oberhausen\/wp-json\/wp\/v2\/posts"}],"about":[{"href":"https:\/\/unser-quartier.de\/oberhausen\/wp-json\/wp\/v2\/types\/post"}],"author":[{"embeddable":true,"href":"https:\/\/unser-quartier.de\/oberhausen\/wp-json\/wp\/v2\/users\/617"}],"replies":[{"embeddable":true,"href":"https:\/\/unser-quartier.de\/oberhausen\/wp-json\/wp\/v2\/comments?post=14438"}],"version-history":[{"count":0,"href":"https:\/\/unser-quartier.de\/oberhausen\/wp-json\/wp\/v2\/posts\/14438\/revisions"}],"wp:featuredmedia":[{"embeddable":true,"href":"https:\/\/unser-quartier.de\/oberhausen\/wp-json\/wp\/v2\/media\/9183"}],"wp:attachment":[{"href":"https:\/\/unser-quartier.de\/oberhausen\/wp-json\/wp\/v2\/media?parent=14438"}],"wp:term":[{"taxonomy":"category","embeddable":true,"href":"https:\/\/unser-quartier.de\/oberhausen\/wp-json\/wp\/v2\/categories?post=14438"},{"taxonomy":"post_tag","embeddable":true,"href":"https:\/\/unser-quartier.de\/oberhausen\/wp-json\/wp\/v2\/tags?post=14438"}],"curies":[{"name":"wp","href":"https:\/\/api.w.org\/{rel}","templated":true}]}}