{"id":14536,"date":"2022-04-05T11:58:45","date_gmt":"2022-04-05T09:58:45","guid":{"rendered":"https:\/\/unser-quartier.de\/oberhausen\/?p=14536"},"modified":"2022-03-27T18:08:56","modified_gmt":"2022-03-27T16:08:56","slug":"april-news","status":"publish","type":"post","link":"https:\/\/unser-quartier.de\/oberhausen\/2022\/04\/april-news\/sraebiger\/","title":{"rendered":"April News"},"content":{"rendered":"<h3><strong>1 # Demenz erkl\u00e4rt<\/strong><\/h3>\n<h3><strong>2 # Widerspruch gegen Ablehnung von Verordnung lohnt <br \/>\n<\/strong><\/h3>\n<h3><strong>3 # Offfene Fragen, Zukunft gestalten<\/strong><\/h3>\n<h3><strong>4 # Checklisten &#8222;Betreutes Wohnen&#8220; &#8222;Pflegeheim&#8220;<\/strong><\/h3>\n<h3><strong>5 # Unterst\u00fctzung im Alltag gem. \u00a7 45a SGB XI<\/strong><\/h3>\n<h3><strong>6 # Leistungen im Zusammenhang mit betreutem Wohnen umsatzsteuerfrei<\/strong><\/h3>\n<h3><strong>7 # Auszeiten einplanen<\/strong><\/h3>\n<h3><strong>8 # Literaturhinweis<\/strong><\/h3>\n<p><strong>*******************<\/strong><\/p>\n<hr \/>\n<h2><strong>1\u00a0 # Demenz erkl\u00e4rt<\/strong><\/h2>\n<figure id=\"attachment_9175\" aria-describedby=\"caption-attachment-9175\" style=\"width: 140px\" class=\"wp-caption alignleft\"><img loading=\"lazy\" decoding=\"async\" class=\"size-thumbnail wp-image-9175\" src=\"https:\/\/unser-quartier.de\/oberhausen\/files\/2019\/05\/dementia-3051832_1920-Gerd-Altmann-150x78.jpg\" alt=\"ein \u00e4lterer Mann vor dem blauen Himmel seine Gedanken entschwinden wie Puzzles\" width=\"150\" height=\"78\" srcset=\"https:\/\/unser-quartier.de\/oberhausen\/files\/2019\/05\/dementia-3051832_1920-Gerd-Altmann-150x78.jpg 150w, https:\/\/unser-quartier.de\/oberhausen\/files\/2019\/05\/dementia-3051832_1920-Gerd-Altmann-300x157.jpg 300w, https:\/\/unser-quartier.de\/oberhausen\/files\/2019\/05\/dementia-3051832_1920-Gerd-Altmann-768x401.jpg 768w, https:\/\/unser-quartier.de\/oberhausen\/files\/2019\/05\/dementia-3051832_1920-Gerd-Altmann-1024x534.jpg 1024w, https:\/\/unser-quartier.de\/oberhausen\/files\/2019\/05\/dementia-3051832_1920-Gerd-Altmann.jpg 1200w\" sizes=\"auto, (max-width: 150px) 100vw, 150px\" \/><figcaption id=\"caption-attachment-9175\" class=\"wp-caption-text\">Das Ged\u00e4chtnis schwindet<\/figcaption><\/figure>\n<p>Wenn jemand in der Familie an Demenz erkrankt, f\u00e4llt es Erwachsenen oft schwer, ihren Kindern die Erkrankung einfach und verst\u00e4ndlich zu erkl\u00e4ren. Der Animationsfilm \u201e<a href=\"https:\/\/www.youtube.com\/watch?v=fxHVE3vGZi4\" target=\"_blank\" rel=\"noopener nofollow external noreferrer\" data-wpel-link=\"external\" title=\"Externer Link: Knietzsche und die Demenz\" class=\"ext-link wpel-icon-right\">Knietzsche und die Demenz<span class=\"wpel-icon wpel-image wpel-icon-6\"><\/span><\/a>\u201c unterst\u00fctzt sie dabei. Knietzsche ist selbst ein Kind und der kleinste Philosoph der Welt. Er lernt im Film seine Oma ganz neu kennen und vermittelt anschaulich.\u00a0 Unsere Beitr\u00e4ge <a href=\"https:\/\/unser-quartier.de\/oberhausen\/2020\/09\/i-demenz-was-nun\/\" target=\"_blank\" rel=\"noopener\" data-wpel-link=\"internal\">&#8222;Demenz was nun&#8220;\u00a0 <\/a>und <a href=\"https:\/\/unser-quartier.de\/oberhausen\/2020\/09\/ii-demenz-was-nun\/\" target=\"_blank\" rel=\"noopener\" data-wpel-link=\"internal\">die Fortsetzung<\/a><\/p>\n<h2><strong>2 # Widerspruch gegen Ablehnung von Verordnung lohnt sich\u00a0<\/strong><\/h2>\n<p><span style=\"font-family: 'Arial',sans-serif;\">Die Taktik der Krankenkassen bei der Ablehnung von Verordnungen ist klar. Erst einmal ablehnen, man baut darauf, dass es nur selten Widerspr\u00fcche der Versicherten gibt. So kann &#8222;illegal&#8220; eine Menge Geld gespart werden. Das Gef\u00fchl kommt auf, dass die Ablehnungsorgien aus purer Boshaftigkeit und pers\u00f6nlicher Ego-Befriedigung erfolgen, vielleicht sind es aber Vorgaben. Spitzenreiter<\/span>\u201c bei den erfolgreichen Widerspruchsf\u00e4llen ist die Abwendung von Teilablehnungen (Befristungen) von langfristigen Verordnungen. Dies betrifft vor allem das<a href=\"https:\/\/www.daserste.de\/information\/wirtschaft-boerse\/plusminus\/videosextern\/Sendung-vom-23-02-2022-selbststaendige-Pflegekraefte-100.html\" target=\"_blank\" rel=\"noopener nofollow external noreferrer\" data-wpel-link=\"external\" title=\"Externer Link:  An- und Ausziehen von Kompressionsstr\u00fcmpfen\" class=\"ext-link wpel-icon-right\"> An- und Ausziehen von Kompressionsstr\u00fcmpfen<span class=\"wpel-icon wpel-image wpel-icon-6\"><\/span><\/a> und die Insulingabe. Hier zeigt sich ja ohnehin in der Praxis, dass Jahresverordnungen im erheblichen Ma\u00dfe zum B\u00fcrokratieabbau beitragen.<\/p>\n<p><span style=\"font-family: 'Arial',sans-serif;\">Die Krankenkassen versuchen immer wieder, ohne Rechtsgrundlage die Verordnungszeitr\u00e4ume auf 3 Monate einzuk\u00fcrzen. Widerspr\u00fcche sind regelm\u00e4\u00dfig erfolgreich. Haben Sie einen ambulanten Dienst beauftragt, \u00fcbergeben Sie ihm formal den Widerspruch einzulegen. Denken Sie an die Fristen, handeln Sie: <a href=\"https:\/\/www.hp-widerspruch.de\/\" target=\"_blank\" rel=\"noopener nofollow external noreferrer\" data-wpel-link=\"external\" title=\"Externer Link: kostenlos pr\u00fcfen lassen\" class=\"ext-link wpel-icon-right\">kostenlos pr\u00fcfen lassen<span class=\"wpel-icon wpel-image wpel-icon-6\"><\/span><\/a> und Widerspruch einlegen. Informieren Sie Ihre behandelnde \u00c4rztin oder Ihr behandelnder Arzt, der die H\u00e4usliche Krankenpflege oder Behandlungspflege verordnet hat.<\/span><\/p>\n<h2><strong>3 # Offfene Fragen, Zukunft gestalten<br \/>\n<\/strong><\/h2>\n<ul>\n<li>Fehlende station\u00e4re Einrichtungen\n<ul>\n<li>Betreutes Wohnen ( \u00a7 24 WTG NRW)\u00a0\u00a0 selbst- oder anbieterverantwortet<\/li>\n<li>Service-Wohnen\u00a0\u00a0\u00a0 (\u00a7 31 WTG NRW)<\/li>\n<\/ul>\n<\/li>\n<li>Fehlende ambulante Dienste<\/li>\n<li>geriatrischen Schwerpunktpraxen<\/li>\n<li>Palliative Care\n<ul>\n<li>Station\u00e4r<\/li>\n<li>ambulant<\/li>\n<\/ul>\n<\/li>\n<li>Rehabilitation vor Pflege\u00a0<\/li>\n<\/ul>\n<p>Haben Sie auch die Frage und wollen Antworten finden, <a href=\"https:\/\/unser-quartier.de\/oberhausen\/events\/sorglos-und-unbeschwert-im-alter-leben\/\" target=\"_blank\" rel=\"noopener\" data-wpel-link=\"internal\">&#8222;Wege aus der Pflegenot&#8220;<\/a>. Dann diskutieren Sie mit uns am 18.-20. Juli in K\u00f6nigswinter in angenehmer Atmosph\u00e4re.<\/p>\n<h2><strong>4 # Checklisten &#8222;Betreutes Wohnen&#8220; &#8222;Pflegeheim&#8220;<\/strong><\/h2>\n<p>Die Entscheidung f\u00fcr den Einzug in eine station\u00e4re Wohnform im Alter will sehr gut \u00fcberlegt und vorbereitet sein. Anhand eines Fragenkatalogs lassen sich Schritt f\u00fcr Schritt Qualit\u00e4t und Leistungen verschiedener Anbieter bewerten und vergleichen.\u00a0<a href=\"https:\/\/www.bagso.de\/publikationen\" target=\"_blank\" rel=\"noopener nofollow external noreferrer\" data-wpel-link=\"external\" title=\"Externer Link: &lt;strong&gt; &gt;&gt;&gt;Hier&lt;&lt;&lt;&lt;\/strong&gt;\" class=\"ext-link wpel-icon-right\"><strong> &gt;&gt;&gt;Hier&lt;&lt;&lt;<\/strong><span class=\"wpel-icon wpel-image wpel-icon-6\"><\/span><\/a> geht es zu den Checklisten. Bitte lassen Sie sich <strong>nicht<\/strong> von einem <a href=\"https:\/\/www.kuratorium-betreutes-wohnen.de\/downloads.php\" target=\"_blank\" rel=\"noopener nofollow external noreferrer\" data-wpel-link=\"external\" title=\"Externer Link: Qualit\u00e4tssiegel Betreutes Wohnen\" class=\"ext-link wpel-icon-right\">Qualit\u00e4tssiegel Betreutes Wohnen<span class=\"wpel-icon wpel-image wpel-icon-6\"><\/span><\/a> leiten; es werden bauliche Mindeststandards versprochen.<\/p>\n<h2><strong>5 # Unterst\u00fctzung im Alltag gem. \u00a7 45a SGB XI<\/strong><\/h2>\n<p>Es fehlen Heimpl\u00e4tze, ambulante Dienste! Vielleicht finden Sie notwendige Unterst\u00fctzung im Alltag. <a href=\"https:\/\/alter-pflege-demenz-nrw.de\/akteure\/themen\/unterstuetzung-im-alltag\/wissen-von-a-z\/\" target=\"_blank\" rel=\"noopener nofollow external noreferrer\" data-wpel-link=\"external\" title=\"Externer Link: Wissen A-Z\" class=\"ext-link wpel-icon-right\">Wissen A-Z<span class=\"wpel-icon wpel-image wpel-icon-6\"><\/span><\/a><\/p>\n<p>Einen guten \u00dcberblick und die Voraussetzung zur Nachbarschaftshilfe <a href=\"https:\/\/www.biva.de\/deutsches-pflegesystem\/pflege-leistungen-finanzierung\/ambulant\/nachbarschaftshilfe-pflege\/\" target=\"_blank\" rel=\"noopener nofollow external noreferrer\" data-wpel-link=\"external\" title=\"Externer Link: &lt;strong&gt;&gt;&gt;&gt; HIER &lt;&lt;&lt;&lt;\/strong&gt;\" class=\"ext-link wpel-icon-right\"><strong>&gt;&gt;&gt; HIER &lt;&lt;&lt;<\/strong><span class=\"wpel-icon wpel-image wpel-icon-6\"><\/span><\/a><\/p>\n<h2><strong>6 # Leistungen im Zusammenhang mit betreutem Wohnen umsatzsteuerfrei<\/strong><\/h2>\n<p>Die im Rahmen des betreuten Wohnens erbrachten Leistungen sind eng mit der Sozialf\u00fcrsorge und der sozialen Sicherheit verbunden. Angebot an Leistungen, die zur ambulanten Pflege geh\u00f6ren und der Altenhilfe im Sinne des \u00a7 71 SGB XII zuzurechnen sind, wie die Bereitstellung eines Notrufdienstes und bedarfsweise die kurzfristige \u00dcbernahme pflegerischer Leistungen, die hauswirtschaftliche Versorgung, das Einkaufen, Kochen, Reinigen der Wohnung und das Waschen der Kleidung. Auch soweit diese Leistungen auch der Befriedigung von Grundbed\u00fcrfnissen dienten, sind diese spezifisch auf die Behebung altersspezifischer Einschr\u00e4nkungen gerichtet, weil auch diese Leistungen durch das im Pflegeheim eingesetzte und hierf\u00fcr geschulte Personal erbracht w\u00fcrden und sind deshalb umsatzsteuerbefrei. <em><a href=\"https:\/\/www.juris.de\/jportal\/portal\/page\/homerl.psml\/js_peid\/012122?id=jnachr-JUNA220304858&amp;action=controls.Maximize&amp;wt_mc=pushservice\" target=\"_blank\" rel=\"noopener nofollow external noreferrer\" data-wpel-link=\"external\" title=\"Externer Link: FG M\u00fcnster Az:15 K 3554\/18 U\u00a0 6\/2022 v. 01.03.2022.\" class=\"ext-link wpel-icon-right\">FG M\u00fcnster Az:15 K 3554\/18 U\u00a0 6\/2022 v. 01.03.2022.<span class=\"wpel-icon wpel-image wpel-icon-6\"><\/span><\/a> <strong>Pr\u00fcfen Sie Ihre Rechnungen.<\/strong><\/em><\/p>\n<h2><strong>7 # Auszeiten einplanen<\/strong><\/h2>\n<p>F\u00fcr pflegende Angeh\u00f6rige wird es immer wichtiger auch Urlaub von der Pflege zu machen. Sie haben einen Anspruch. Potentiell laufen pflegende Angeh\u00f6rige Gefahr, selbst eine chronische Erkrankung durch die Be- und \u00dcberlastung zu bekommen, die sich stetig verschlimmert. Jeder Mensch kann reisen. <a href=\"https:\/\/reisemaulwurf.de\/reiseberatung\/\" target=\"_blank\" rel=\"noopener nofollow external noreferrer\" data-wpel-link=\"external\" title=\"Externer Link: BERATUNG\" class=\"ext-link wpel-icon-right\">BERATUNG<span class=\"wpel-icon wpel-image wpel-icon-6\"><\/span><\/a><\/p>\n<h2><strong>8 # Literaturhinweis<\/strong><\/h2>\n<p>Neu haben wir eine <a href=\"https:\/\/unser-quartier.de\/oberhausen\/links\/literatur\/\" target=\"_blank\" rel=\"noopener\" data-wpel-link=\"internal\">Seite Literatur<\/a> eingef\u00fcgt. Mit den Literaturhinweisen m\u00f6chten wir zur Vertiefung von aufgeworfenen Fragen beitragen und zur weiteren Diskussion anregen.\u00a0<\/p>\n<p><strong>******************<\/strong><\/p>\n<p><strong>W<\/strong>aren die Informationen hilfreich, sagen Sie es weiter. Kritik und Anregungen erbitten wir direkt an uns. <strong>Ihre Meinung ist gefragt.<\/strong><\/p>\n<p><strong>W<\/strong>ollen Sie keinen Beitrag verpassen, abonnieren Sie den, <a href=\"https:\/\/unser-quartier.de\/oberhausen\/service\/newsletter\/\" data-wpel-link=\"internal\">kostenfreie Newsletter<\/a>.\u00a0 Welche Themen sollen wir aufnehmen? Hinweise f\u00fcr Senioren, Veranstaltungen etc., nehmen wir gerne auf.<\/p>\n<p><strong>H<\/strong>elfen wir uns mit RAT und TAT unentgeltlich, ohne Werbung gegenseitig.<\/p>\n<p><strong>Wir<\/strong> sind unabh\u00e4ngig von Stiftungen, Parteien, Gewerkschaften, Unternehmen und staatlichen Institutionen. Unsere Arbeit k\u00f6nnen Sie mit einem <a class=\"ext-link wpel-icon-right\" title=\"Externer Link: Beitrag unterst\u00fctzen\" href=\"https:\/\/wp.me\/P91Zz0-pb\" rel=\"nofollow external noopener noreferrer\" data-wpel-link=\"external\" target=\"_self\">Beitrag unterst\u00fctzen<span class=\"wpel-icon wpel-image wpel-icon-6\"><\/span><\/a>.<\/p>\n","protected":false},"excerpt":{"rendered":"<p>1 # Demenz erkl\u00e4rt 2 # Widerspruch gegen Ablehnung von Verordnung lohnt 3 # Offfene Fragen, Zukunft gestalten 4 # Checklisten &#8222;Betreutes Wohnen&#8220; &#8222;Pflegeheim&#8220; 5 # Unterst\u00fctzung im Alltag gem. \u00a7 45a SGB XI 6 # Leistungen im Zusammenhang mit betreutem Wohnen umsatzsteuerfrei 7 # Auszeiten einplanen 8 # Literaturhinweis ******************* 1\u00a0 # Demenz erkl\u00e4rt&hellip; <a class=\"continue\" href=\"https:\/\/unser-quartier.de\/oberhausen\/2022\/04\/april-news\/sraebiger\/\" data-wpel-link=\"internal\"> \u00bb weiterlesen: <span> April News<\/span><\/a><\/p>\n","protected":false},"author":612,"featured_media":14082,"comment_status":"open","ping_status":"closed","sticky":false,"template":"","format":"standard","meta":{"_monsterinsights_skip_tracking":false,"_monsterinsights_sitenote_active":false,"_monsterinsights_sitenote_note":"","_monsterinsights_sitenote_category":0,"generate_page_header":"","footnotes":""},"categories":[1520,3,1,1122,5,2695],"tags":[2833,78,217,2825,151,2832,1016,2844,517,401,977,402,514,2845,2831,2828,715,1464,421,225],"class_list":["post-14536","post","type-post","status-publish","format-standard","has-post-thumbnail","hentry","category-heimbeirat","category-freizeit","category-dies-und-das","category-ernaehrung-hygiene","category-recht","category-seniorenbeirat","tag-auszeiten","tag-betreutes-wohnen","tag-biva","tag-ckeckliste","tag-demenz","tag-fg-muenster-6-2022","tag-krankenkassen","tag-literaturhinweis","tag-nachbarschaftshilfe","tag-pflegenot","tag-pruefen","tag-qualitaetssiegel","tag-reisen","tag-rettet-die-freundschaft","tag-umsatzsteuerfrei","tag-unterstuetzung-im-alltag","tag-video","tag-widerspruch","tag-zukunft","tag--45b-sgb-xi"],"_links":{"self":[{"href":"https:\/\/unser-quartier.de\/oberhausen\/wp-json\/wp\/v2\/posts\/14536","targetHints":{"allow":["GET"]}}],"collection":[{"href":"https:\/\/unser-quartier.de\/oberhausen\/wp-json\/wp\/v2\/posts"}],"about":[{"href":"https:\/\/unser-quartier.de\/oberhausen\/wp-json\/wp\/v2\/types\/post"}],"author":[{"embeddable":true,"href":"https:\/\/unser-quartier.de\/oberhausen\/wp-json\/wp\/v2\/users\/612"}],"replies":[{"embeddable":true,"href":"https:\/\/unser-quartier.de\/oberhausen\/wp-json\/wp\/v2\/comments?post=14536"}],"version-history":[{"count":0,"href":"https:\/\/unser-quartier.de\/oberhausen\/wp-json\/wp\/v2\/posts\/14536\/revisions"}],"wp:featuredmedia":[{"embeddable":true,"href":"https:\/\/unser-quartier.de\/oberhausen\/wp-json\/wp\/v2\/media\/14082"}],"wp:attachment":[{"href":"https:\/\/unser-quartier.de\/oberhausen\/wp-json\/wp\/v2\/media?parent=14536"}],"wp:term":[{"taxonomy":"category","embeddable":true,"href":"https:\/\/unser-quartier.de\/oberhausen\/wp-json\/wp\/v2\/categories?post=14536"},{"taxonomy":"post_tag","embeddable":true,"href":"https:\/\/unser-quartier.de\/oberhausen\/wp-json\/wp\/v2\/tags?post=14536"}],"curies":[{"name":"wp","href":"https:\/\/api.w.org\/{rel}","templated":true}]}}