{"id":15055,"date":"2022-12-16T11:55:46","date_gmt":"2022-12-16T10:55:46","guid":{"rendered":"https:\/\/unser-quartier.de\/oberhausen\/?p=15055"},"modified":"2022-12-15T18:04:42","modified_gmt":"2022-12-15T17:04:42","slug":"abgeschoben-aus-dem-krankenhaus","status":"publish","type":"post","link":"https:\/\/unser-quartier.de\/oberhausen\/2022\/12\/abgeschoben-aus-dem-krankenhaus\/sraebiger\/","title":{"rendered":"Abgeschoben aus dem Krankenhaus"},"content":{"rendered":"<h2><strong>Weihnachten steht vor der T\u00fcr, viele Senioren sind im Krankenhaus. <\/strong><\/h2>\n<h1><strong>Angeh\u00f6rige aufgepasst!<\/strong><\/h1>\n<h2><strong>\u201eMenschen mit<\/strong> <strong>h\u00e4uslichem Intensivversorgungsbedarf\u201c<\/strong><\/h2>\n<p>Die Entlassung aus dem Krankenhaus wird vordergr\u00fcndig gerade bei Senioren mit der Teilhabe und eine aktive Lebensweltgestaltung als oberstes Ziel und integraler Bestandteil im Selbstverst\u00e4ndnis begr\u00fcndet. Nein es sind die Fallpauschalen. Lieber schnell entlassen und bei Bedarf mit neuer Begr\u00fcndung aufnehmen. Dazu kommt erschwerend:<\/p>\n<p>Ausgeblendet wird die Frage: Wie kann und soll in der H\u00e4uslichkeit eine &#8222;h\u00e4usliche Krankenpflege&#8220; nach \u00a7 37 SGB V gew\u00e4hrleistet werden?\u00a0<\/p>\n<p><strong> Der<a href=\"https:\/\/www.test.de\/Entlassung-aus-dem-Krankenhaus-Kliniken-muessen-Hilfe-organisieren-5205086-5205091\/\" target=\"_blank\" rel=\"noopener nofollow external noreferrer\" data-wpel-link=\"external\" title=\"Externer Link:  Sozialdienst des Krankenhauses\" class=\"ext-link wpel-icon-right\"> Sozialdienst des Krankenhauses<span class=\"wpel-icon wpel-image wpel-icon-6\"><\/span><\/a> hat eine gesetzliche Lotsenfunktion.<\/strong><\/p>\n<ul class=\"list list--ul\">\n<li class=\"list__item\">sch\u00e4tzt den Bedarf an Unterst\u00fct\u00adzung ein, den der Patient bei Entlassung haben wird,<\/li>\n<li class=\"list__item\">entwickelt mit Patienten und Angeh\u00f6rigen einen Versorgungs\u00adplan.<\/li>\n<\/ul>\n<h3><strong>Definition:<\/strong><\/h3>\n<p>Der h\u00e4usliche Intensivversorgungsbedarf ist im Wesentlichen begr\u00fcndet in der Notwendigkeit, eine lebensbedrohliche Risikoabwehr zu jeder Zeit sicherstellen zu k\u00f6nnen.<\/p>\n<h3><strong>Lebens- und alltagsunterst\u00fctzende Hilfsmittel und Technologienutzung<\/strong><\/h3>\n<ul>\n<li>die technikunterst\u00fctzteAufrechterhaltung der Atmung.<\/li>\n<li>Mobilit\u00e4t (Patientenlifter, Rollstuhl)<\/li>\n<li>Nutzung von telematischen und telemedizinischen<br \/>\nGerade vor dem Hintergrund einer sich abzeichnenden Versorgungsproblematik (pflegerisch sowie \u00e4rztlich- und fach\u00e4rztlich), kann in der Digitalisierung eine hilfreiche und Sicherheit vermittelnde Chance bestehen<\/li>\n<\/ul>\n<h3><strong>Sicherung der pflegerischen Versorgung<\/strong><\/h3>\n<p>F\u00fcr Menschen mit h\u00e4uslichem Intensivversorgungsbedarf, bei denen aufgrund der Schwere ihrer Erkrankung jederzeit und unvorhersehbar lebensbedrohliche Situationen eintreten k\u00f6nnen, besteht ein Anspruch auf sogenannte au\u00dferklinische Intensivversorgung im Sinne des \u00a737c SGB V.<\/p>\n<h3><strong>Ein formaler Anspruch zur Beruhigung<\/strong><\/h3>\n<p>Die fachpflegerische Unterst\u00fctzung bei der Sicherstellung der h\u00e4uslichen Intensivversorgung ist von herausgehobener Bedeutung und wird angesichts eines zunehmenden Fachkr\u00e4ftemangels in der Pflege insgesamt ein best\u00e4ndiges und begleitendes Thema f\u00fcr die ambulanten Dienste sowie die Menschen mit h\u00e4uslichem Intensivversorgungsbedarf bleiben.<\/p>\n<p>Nicht zu vergessen die An- und Zugeh\u00f6rigen bei<\/p>\n<ul>\n<li>der hauswirtschaftlichen Versorgung<\/li>\n<li>Organisation der Versorgung<\/li>\n<li>Organisation und Durchf\u00fchrung der Teilhabe<\/li>\n<li>\u00dcbernahme der Grundpflege<\/li>\n<li>Durchf\u00fchrung \u00e4rztlich verordneter Ma\u00dfnahmen<\/li>\n<\/ul>\n<h2><strong>Pers\u00f6nliches Budget<\/strong><\/h2>\n<p>\u00dcber die Leistungsform des Pers\u00f6nlichen Budgets stellen die Kostentr\u00e4ger Menschen mit Intensivversorgungsbedarf anstelle von Dienst- oder Sachleistungen ein Budget zur Verf\u00fcgung, das diese eigenverantwortlich und selbstbestimmt verwalten und einsetzen k\u00f6nnen. \u00dcber dieses Pers\u00f6nliche Budget k\u00f6nnen Menschen mit Intensivversorgungsbedarf in Form eines sog. Arbeitgebermodells Pflegende oder Assistenzkr\u00e4fte besch\u00e4ftigen.<\/p>\n<p>Der bestehende Fachkr\u00e4ftemangel in den ambulanten Diensten und Einrichtungen wird zunehmen. Dazu kommt die Personalfluktuation als eine wesentliche Problematik.<\/p>\n<h3><strong>Das Pers\u00f6nliche Pflegebudget ist f\u00fcr alle eine Notwendigkeit.<\/strong><\/h3>\n<figure id=\"attachment_15057\" aria-describedby=\"caption-attachment-15057\" style=\"width: 290px\" class=\"wp-caption alignleft\"><img loading=\"lazy\" decoding=\"async\" class=\"wp-image-15057 size-medium\" src=\"https:\/\/unser-quartier.de\/oberhausen\/files\/2022\/07\/Abb4-aus-Pflege-Thermometer-2022-300x244.png\" alt=\"\" width=\"300\" height=\"244\" srcset=\"https:\/\/unser-quartier.de\/oberhausen\/files\/2022\/07\/Abb4-aus-Pflege-Thermometer-2022-300x244.png 300w, https:\/\/unser-quartier.de\/oberhausen\/files\/2022\/07\/Abb4-aus-Pflege-Thermometer-2022-150x122.png 150w, https:\/\/unser-quartier.de\/oberhausen\/files\/2022\/07\/Abb4-aus-Pflege-Thermometer-2022.png 724w\" sizes=\"auto, (max-width: 300px) 100vw, 300px\" \/><figcaption id=\"caption-attachment-15057\" class=\"wp-caption-text\">Als zentraler Ausgangspunkt im inneren Kreis die Pflegebed\u00fcrftige Person mit den Leistungsanbietern, den Organisationskreisen und Verantwortungstr\u00e4gern.<\/figcaption><\/figure>\n<p>Wenn eine interdisziplin\u00e4re Zusammenarbeit aller Beteiligten gew\u00e4hrleistet ist, kann eine notwendige Pflege verantwortlich vom Pflegebed\u00fcrftigen abgefragt und von den Beteiligten geleistet werden.<\/p>\n<p>Die Rosinenpickerei und Bevorzugung der gewerblichen Anbieter in der Pflege durch Sachleistungsentgelte muss beendet werden. Vorteile einer verbesserten Dienstleistungsqualit\u00e4t und einer h\u00f6heren Flexibilit\u00e4t durch ein neues Verg\u00fctungssystem ist notwendig. Durch Mitwirkung der Betroffenen kann mehr Zeit, Kompetenz und Flexibilit\u00e4t in der Versorgung pflegebed\u00fcrftiger Menschen in ihrer H\u00e4uslichkeit erreicht werden. Nehmen wir die AOK-Chefin Carola Reimann beim Wort, wenn sie sagt: \u201eWir brauchen strukturelle und qualitative Ver\u00e4nderungen, vor allem einen sektoren\u00fcbergreifenden Austausch der unterschiedlichen Professionen und Hospizdienste.\u201c<\/p>\n<p>Abb.4 aus <a href=\"https:\/\/www.dip.de\/fileadmin\/data\/pdf\/Pressemitteilungen_Institut\/Pflege-Thermometer_2022_Studie.pdf\" class=\"mtli_attachment mtli_pdf ext-link wpel-icon-right\" target=\"_blank\" rel=\"noopener nofollow external noreferrer\" data-wpel-link=\"external\" title=\"Externer Link: Pflege-Thermometer-2022\u00a0 \">Pflege-Thermometer-2022\u00a0 <span class=\"wpel-icon wpel-image wpel-icon-6\"><\/span><\/a><\/p>\n<p>Wer weiss schon, dass es in jedem Krankenhaus, neben dem Beschwerdemanagement des Tr\u00e4gers, <a href=\"https:\/\/www.bundesgesundheitsministerium.de\/fileadmin\/Dateien\/5_Publikationen\/Gesundheit\/Broschueren\/BMG_Leitfaden_fuer_Patientenfuersprecherinnen__2018.pdf\" class=\"mtli_attachment mtli_pdf ext-link wpel-icon-right\" target=\"_blank\" rel=\"noopener nofollow external noreferrer\" data-wpel-link=\"external\" title=\"Externer Link: Patientenf\u00fcrsprecher\">Patientenf\u00fcrsprecher<span class=\"wpel-icon wpel-image wpel-icon-6\"><\/span><\/a> gibt.<\/p>\n<hr \/>\n<p><strong>Ihre Erfahrungen werden ben\u00f6tigt, diskutieren Sie mit<\/strong>. Es wird sich nur etwas \u00e4ndern, wenn wir uns einbringen. Demokratie lebt vom mitmachen. Siehe dazu auch das Seminar &#8222;<a href=\"https:\/\/www.azk-csp.de\/seminars\/selbst-aktiv-werden-zukunftswerkstatt-fuer-buergerbeteiligung\/\" target=\"_blank\" rel=\"noopener nofollow external noreferrer\" data-wpel-link=\"external\" title=\"Externer Link: Selbst aktiv werden\" class=\"ext-link wpel-icon-right\">Selbst aktiv werden<span class=\"wpel-icon wpel-image wpel-icon-6\"><\/span><\/a>&#8222;<\/p>\n<p>Die zweite verbesserter Auflage \u201eDer Bewohnerbeirat\u201c ist erschienen. Zur Unterst\u00fctzung\u00a0 auch der An- und Zugeh\u00f6rigen von Heimbewohnern, Seniorenbeir\u00e4te, Betreuer. Nur wenn wir uns aktiv einbringen wird sich etwas in unserem Sinne \u00e4ndern.<strong> Nutzen Sie Ihren \u00c4rger positiv. Bei Bestellung bis zum 30.12.22 \u00fcber uns, geben wir 20% Nachlass.<br \/>\n<\/strong><\/p>\n<p>Abonieren Sie unseren<a href=\"https:\/\/unser-quartier.de\/oberhausen\/service\/newsletter\/\" rel=\"noopener\" data-wpel-link=\"internal\"> kostenlosen Newsletter<\/a>, diskutieren Sie mit. Ihre Anregungen und Kritik nehmen wir gerne auf.\u00a0 Im n\u00e4chsten Jahr sind Kommunalwahlen. <strong>Die Daseinsvorsorge muss verbindlich werden.<\/strong><\/p>\n<p><strong>Wir w\u00fcnschen allen Lesern ein gesegnetes Weihnachtsfest 2022<\/strong><\/p>\n","protected":false},"excerpt":{"rendered":"<p>Weihnachten steht vor der T\u00fcr, viele Senioren sind im Krankenhaus. Angeh\u00f6rige aufgepasst! \u201eMenschen mit h\u00e4uslichem Intensivversorgungsbedarf\u201c Die Entlassung aus dem Krankenhaus wird vordergr\u00fcndig gerade bei Senioren mit der Teilhabe und eine aktive Lebensweltgestaltung als oberstes Ziel und integraler Bestandteil im Selbstverst\u00e4ndnis begr\u00fcndet. Nein es sind die Fallpauschalen. Lieber schnell entlassen und bei Bedarf mit neuer&hellip; <a class=\"continue\" href=\"https:\/\/unser-quartier.de\/oberhausen\/2022\/12\/abgeschoben-aus-dem-krankenhaus\/sraebiger\/\" data-wpel-link=\"internal\"> \u00bb weiterlesen: <span> Abgeschoben aus dem Krankenhaus<\/span><\/a><\/p>\n","protected":false},"author":612,"featured_media":9186,"comment_status":"open","ping_status":"closed","sticky":false,"template":"","format":"standard","meta":{"_monsterinsights_skip_tracking":false,"_monsterinsights_sitenote_active":false,"_monsterinsights_sitenote_note":"","_monsterinsights_sitenote_category":0,"generate_page_header":"","footnotes":""},"categories":[1,5,2695,4],"tags":[2988,2990,2987,2989,2849,2787,2985,1324,2986],"class_list":["post-15055","post","type-post","status-publish","format-standard","has-post-thumbnail","hentry","category-dies-und-das","category-recht","category-seniorenbeirat","category-unterstuetzung","tag-an-und-zugehoerige","tag-ausserklinisch","tag-carola-reimann","tag-intensivversorgung","tag-patientenfuersprecher","tag-persoenliches-budget","tag-pflege-thermometer-2022","tag--37-sgb-v","tag--37c-sgb-v"],"_links":{"self":[{"href":"https:\/\/unser-quartier.de\/oberhausen\/wp-json\/wp\/v2\/posts\/15055","targetHints":{"allow":["GET"]}}],"collection":[{"href":"https:\/\/unser-quartier.de\/oberhausen\/wp-json\/wp\/v2\/posts"}],"about":[{"href":"https:\/\/unser-quartier.de\/oberhausen\/wp-json\/wp\/v2\/types\/post"}],"author":[{"embeddable":true,"href":"https:\/\/unser-quartier.de\/oberhausen\/wp-json\/wp\/v2\/users\/612"}],"replies":[{"embeddable":true,"href":"https:\/\/unser-quartier.de\/oberhausen\/wp-json\/wp\/v2\/comments?post=15055"}],"version-history":[{"count":4,"href":"https:\/\/unser-quartier.de\/oberhausen\/wp-json\/wp\/v2\/posts\/15055\/revisions"}],"predecessor-version":[{"id":15626,"href":"https:\/\/unser-quartier.de\/oberhausen\/wp-json\/wp\/v2\/posts\/15055\/revisions\/15626"}],"wp:featuredmedia":[{"embeddable":true,"href":"https:\/\/unser-quartier.de\/oberhausen\/wp-json\/wp\/v2\/media\/9186"}],"wp:attachment":[{"href":"https:\/\/unser-quartier.de\/oberhausen\/wp-json\/wp\/v2\/media?parent=15055"}],"wp:term":[{"taxonomy":"category","embeddable":true,"href":"https:\/\/unser-quartier.de\/oberhausen\/wp-json\/wp\/v2\/categories?post=15055"},{"taxonomy":"post_tag","embeddable":true,"href":"https:\/\/unser-quartier.de\/oberhausen\/wp-json\/wp\/v2\/tags?post=15055"}],"curies":[{"name":"wp","href":"https:\/\/api.w.org\/{rel}","templated":true}]}}