{"id":15885,"date":"2023-03-24T11:51:42","date_gmt":"2023-03-24T10:51:42","guid":{"rendered":"https:\/\/unser-quartier.de\/oberhausen\/?p=15885"},"modified":"2023-03-07T21:20:34","modified_gmt":"2023-03-07T20:20:34","slug":"neue-wohn-konzepte-statt-weitere-pflegeheime","status":"publish","type":"post","link":"https:\/\/unser-quartier.de\/oberhausen\/2023\/03\/neue-wohn-konzepte-statt-weitere-pflegeheime\/sraebiger\/","title":{"rendered":"Neue (Wohn)-Konzepte statt weiterer Pflegeheime"},"content":{"rendered":"<h1><strong> 1\/3 der Ausgaben, \u00fcber 20 Mrd. Euro, werden den Versicherten f\u00fcr die Pflege vorenthalten!<\/strong><\/h1>\n<div class=\"wp-block-image\"><img loading=\"lazy\" decoding=\"async\" class=\"alignleft wp-image-15318\" src=\"https:\/\/unser-quartier.de\/oberhausen\/files\/2022\/09\/Frage-150x151.jpg\" alt=\"Die Wirklichkeit\" width=\"102\" height=\"103\" srcset=\"https:\/\/unser-quartier.de\/oberhausen\/files\/2022\/09\/Frage-150x151.jpg 150w, https:\/\/unser-quartier.de\/oberhausen\/files\/2022\/09\/Frage.jpg 220w\" sizes=\"auto, (max-width: 102px) 100vw, 102px\" \/><\/div>\n<p><strong>Die Pflegeversicherung zahlte 2021 \u00fcber 55 Mrd. Euro.<\/strong><strong> Um die Pflegeversicherung finanziell zu stabilisieren, will das <\/strong><a href=\"https:\/\/www.bundesgesundheitsministerium.de\/index.html\" data-wpel-link=\"external\" target=\"_self\" rel=\"nofollow external noopener noreferrer\" title=\"Externer Link: &lt;strong&gt;Bundesgesundheitsministerium&lt;\/strong&gt;\" class=\"ext-link wpel-icon-right\"><strong>Bundesgesundheitsministerium<\/strong><span class=\"wpel-icon wpel-image wpel-icon-6\"><\/span><\/a><strong> den Beitragssatz zum 1. Juli 2023 um 0,35 Prozentpunkte erh\u00f6hen. Das entspricht j\u00e4hrlichen Mehreinnahmen von 6,6 Milliarden Euro. Sieht so die Entlastung und Unterst\u00fctzung der Pflegebed\u00fcrftigen aus? Rund 14 Mrd. \u20acuro aus der Pflegekasse erhielten die 86% Pflegebed\u00fcrftigen in der H\u00e4uslichkeit, wie die 14% in den station\u00e4ren Einrichtungen. Dies <a href=\"https:\/\/www.altenheim.net\/christofczik-kritisiert-referentenentwurf-haben-nichts-erwartet-und-genau-das-bekommen\/\" target=\"_blank\" rel=\"noopener nofollow external noreferrer\" data-wpel-link=\"external\" title=\"Externer Link: reicht den Tr\u00e4gern nicht\" class=\"ext-link wpel-icon-right\">reicht den Tr\u00e4gern nicht<span class=\"wpel-icon wpel-image wpel-icon-6\"><\/span><\/a>.<\/strong><\/p>\n<h2><strong>Pressenotizen:<\/strong><\/h2>\n<p><strong><a href=\"https:\/\/www.welt.de\/wirtschaft\/article243410587\/100-Einrichtungen...\" data-wpel-link=\"external\" target=\"_self\" rel=\"nofollow external noopener noreferrer\" title=\"Externer Link:  Jan. 2023\u00a0\" class=\"ext-link wpel-icon-right\"> Jan. 2023\u00a0<span class=\"wpel-icon wpel-image wpel-icon-6\"><\/span><\/a>\u00b7 <\/strong>Wohn- und Pflegeheimbetreiber insolvent, gab Convivo am Dienstag bekannt.\u00a0<\/p>\n<p><strong> Feb. 2023\u00b7 <\/strong>Altenheim soll geschlossen werden: Bewohner gehen auf die Stra\u00dfe &#8211; Rund 200 Bewohnerinnen und Bewohner des L\u00fcbecker Heiligen-Geist-Hospitals haben nach Polizeiangaben am Freitag gegen die Pl\u00e4ne der Stadt protestiert, eine der \u00e4ltesten Sozialeinrichtungen Deutschlands zu schlie\u00dfen. <a href=\"https:\/\/www.ndr.de\/fernsehen\/sendungen\/schleswig-holstein_magazin\/Luebecker-Buergerschaft-will-Heiligen-Geist-Hospital-erhalten,shmag102260.html\" target=\"_blank\" rel=\"noopener nofollow external noreferrer\" data-wpel-link=\"external\" title=\"Externer Link: B\u00fcrgerschaft will erhalten!\" class=\"ext-link wpel-icon-right\">B\u00fcrgerschaft will erhalten!<span class=\"wpel-icon wpel-image wpel-icon-6\"><\/span><\/a><\/p>\n<p><strong> Feb. 2023<\/strong><strong>\u00b7 <\/strong>Vielen Heimen steht das Wasser bis zum Hals \u00a0<strong><a href=\"https:\/\/www.ndr.de\/nachrichten\/niedersachsen\/braunschweig_harz...\" data-wpel-link=\"external\" target=\"_self\" rel=\"nofollow external noopener noreferrer\" title=\"Externer Link: NDR\" class=\"ext-link wpel-icon-right\">NDR<span class=\"wpel-icon wpel-image wpel-icon-6\"><\/span><\/a><\/strong><\/p>\n<p><strong> Feb. 2023<\/strong><strong>\u00b7\u00a0<\/strong>Pflegeheim-Bautr\u00e4ger Primus Concept Holding ist insolvent.<\/p>\n<p><strong>3.M\u00e4rz.2023 <\/strong>Heimbeirat: Aus f\u00fcr Fallersleber DRK-Altenheim kam aus dem Nichts \u2013 Wolfsburg; Braunschweiger Zeitung .<\/p>\n<p><strong>3.M\u00e4rz.2023 <\/strong>ASB im Oberallg\u00e4u: <a href=\"https:\/\/www.br.de\/nachrichten\/bayern\/personalnot-in-der-pflege-wir-haben-ein-massives-problem,TXLCxuU\" target=\"_blank\" rel=\"noopener nofollow external noreferrer\" data-wpel-link=\"external\" title=\"Externer Link: Personalnot in der Pflege: &#8222;Wir haben ein massives Problem&#8220;\" class=\"ext-link wpel-icon-right\">Personalnot in der Pflege: &#8222;Wir haben ein massives Problem&#8220;<span class=\"wpel-icon wpel-image wpel-icon-6\"><\/span><\/a><\/p>\n<p>Dies ist nur eine kleine Auswahl nach Misswirtschaft und\/oder Gewinnmitnahmen.<strong>\u00a0Wir brauchen keine Symptombehandlung.<\/strong><\/p>\n<h2><strong>Aus der Not eine Tugend machen.<\/strong><\/h2>\n<p>Investoren fl\u00fcchten sich aus der station\u00e4ren Pflege und bieten \u201eService Wohnen\u201c und brechen aus der formalen Kontrolle der Pflegekassen aus. Dazu kommen die fehlenden Investitionskosten der L\u00e4nder. Die bestehende \u201eVersorgungsl\u00fccke\u201c ist dem Geld geschuldet, es kann nur einmal verteilt werden. Die heutigen <a href=\"https:\/\/www.altenheim.net\/ah-neue-wege-2023\" target=\"_blank\" rel=\"noopener nofollow external noreferrer\" data-wpel-link=\"external\" title=\"Externer Link: Tr\u00e4ger suchen einen sicherem Kurs\" class=\"ext-link wpel-icon-right\">Tr\u00e4ger suchen einen sicherem Kurs<span class=\"wpel-icon wpel-image wpel-icon-6\"><\/span><\/a> weiter daran festhalten, nach besten M\u00f6glichkeiten zeitgem\u00e4\u00dfe Pflegekapazit\u00e4ten f\u00fcr Deutschland zu schaffen und diese nachhaltig wirtschaftlich zu betreiben.<\/p>\n<h4><strong>Pflegende Angeh\u00f6rige f\u00fchlen sich oft nicht richtig geh\u00f6rt, obwohl sie die gr\u00f6\u00dfte Bedeutung f\u00fcr das System haben. Zu Hause werden \u00fcber 86 % der Pflegebed\u00fcrftigen \u00fcberwiegend ohne fachliche Hilfe gepflegt. In der \u00f6ffentlichen Diskussion geht es eher um die 14 %\u00a0 professionelle Pflege in Einrichtungen der Betreiber. Die Laienpflege liegt im Schatten und wird mit sch\u00f6nen Worten bedient.<\/strong><\/h4>\n<p>\u00a073,5 Millionen Menschen waren Ende 2021 in der sozialen Pflegeversicherung (SPV) versichert.\u00a0Die gesetzlichen Pflegekassen <a href=\"https:\/\/www.vdek.com\/presse\/daten\/f_pflegeversicherung.html\" data-wpel-link=\"external\" target=\"_self\" rel=\"nofollow external noopener noreferrer\" title=\"Externer Link: zahlten 53,9 Milliarden Euro\" class=\"ext-link wpel-icon-right\">zahlten 53,9 Milliarden Euro<span class=\"wpel-icon wpel-image wpel-icon-6\"><\/span><\/a>, bei 52,5 Milliarden Euro Einnahmen. Die station\u00e4ren Einrichtungen erhielten davon 14,10 Milliarden Euro und die Versicherten in der H\u00e4uslichkeit 13,92 Milliarden \u20acuro. <strong>Wer erhielt die nicht n\u00e4her aufgeschl\u00fcsselten 20,33 Mrd. Euro?<\/strong><\/p>\n<p>Die \u201eKonzertierte Aktion Pflege\u201c, sollte die professionelle Pflege st\u00e4rken. Drei Ziele wurden verfolgt: Mehr Geld, mehr Personal und mehr Kompetenzen f\u00fcr Pflegekr\u00e4fte, um den Beruf attraktiver zu machen. Das Ergebnis ist niederschmetternd.<\/p>\n<p>Wohnprojekte mit ambulanten Angeboten oder Tages- und Nachtpflegepl\u00e4tzen werden den Bed\u00fcrfnissen der Menschen besser gerecht, sagen viele \u201eExperten\u201c. Hier wird unterschwellig auf die Unterst\u00fctzung eines festen ambulanten Dienstes abgestellt, um die R\u00fcstzeiten zu mindern, zur Erhaltung des Gewinns.<\/p>\n<p><strong>Wenn Pflegekr\u00e4fte fehlen, m\u00fcssen Angeh\u00f6rige und Nachbar*innen weiter verst\u00e4rkt die Pflege \u00fcbernehmen. <\/strong><\/p>\n<p>In Leipzig soll die <a href=\"https:\/\/www.gemeinsinn-st\u00e4rken.de\/quartierpflege\" data-wpel-link=\"external\" target=\"_self\" rel=\"nofollow external noopener noreferrer\" title=\"Externer Link: Quartierpflege\" class=\"ext-link wpel-icon-right\">Quartierpflege<span class=\"wpel-icon wpel-image wpel-icon-6\"><\/span><\/a> als Pilot-Vorbild 2022-2024 weiter erprobt und in anderen St\u00e4dten etabliert werden. Gedacht ist: Ein Kreis von f\u00fcnf bis acht festen Nachbarn helfen einem\/er Senior:in bei der Grundversorgung. Koordiniert wird die Unterst\u00fctzung der hilfebed\u00fcrftigen Menschen von hauptamtlichem Personal.\u00a0Damit <a href=\"https:\/\/www.gemeinsinn-st\u00e4rken.de\/quartierpflege-app\" data-wpel-link=\"external\" target=\"_self\" rel=\"nofollow external noopener noreferrer\" title=\"Externer Link: Sorgegemeinschaften\" class=\"ext-link wpel-icon-right\">Sorgegemeinschaften<span class=\"wpel-icon wpel-image wpel-icon-6\"><\/span><\/a> funktionieren, m\u00fcssen sich Angeh\u00f6rige, Menschen mit Unterst\u00fctzungsbedarf, ihre Angeh\u00f6rige, Nachbar:innen und ambulante Pflegedienste gut miteinander vernetzen und eng abstimmen k\u00f6nnen. Was nutzen neue Ideen und Projekte, die sich im Gesetz nicht abbilden. Solange die F\u00f6rdergelder flie\u00dfen, bew\u00e4hren sich Pilotprojekt. Gesetzliche Anspr\u00fcche scheitern derzeit mit j\u00e4hrlich 12 Milliarden \u20acuro an der Beitragsstabilit\u00e4t der Pflegekassen.<\/p>\n<h2><strong>Die Hauptlast tragen Angeh\u00f6rige und Nachbarn.<\/strong><\/h2>\n<p>Es ist nicht mit einer kosmetischen Korrektur f\u00fcr ein \u201eEntlastungsbudget\u201c getan, es bedarf eines neuen tragenden Ansatzes. Die Leistungen der Pflegeversicherung kann nicht l\u00e4nger \u00fcber die K\u00f6pfe und einseitig zu Lasten der Versicherten verteilt werden.<\/p>\n<ul>\n<li>Wer zahlt sollte mitbestimmen und nicht nur mitarbeiten m\u00fcssen.<\/li>\n<li>Wer einen Anspruch hat, muss ihn zur Erhaltung der W\u00fcrde und Kontrolle direkt erhalten.<\/li>\n<\/ul>\n<p>Es darf nicht l\u00e4nger sein, dass Versprechen, Anspruch und Wirklichkeit so eklatant auseinanderfallen.<\/p>\n<p>Qualit\u00e4t in der station\u00e4ren Pflege wird versprochen, es fehlen Pflegekr\u00e4fte, damit die Leistung, doch das Entgelt wird in voller H\u00f6he als doppelte Sachleistung im Verh\u00e4ltnis zur Geldleistung gezahlt. Die Kontrollen der Pflegekassen erfolgen nach Ank\u00fcndigung. Entgeltk\u00fcrzungen sind Ausnahmen.<\/p>\n<p>Qualit\u00e4t in der Pflege ist vielschichtig und endet nicht bei formal dokumentierten Leistungen zu Abrechnungszwecken.<\/p>\n<h2><strong>Wir brauchen eine breite Diskussion \u00fcber Qualit\u00e4t in der Pflege. <\/strong><\/h2>\n<p>Die bisherigen Diskussionen, ohne die zuk\u00fcnftig Betroffenen und heutigen Zahlern, allein zwischen Pflegekassen und Betreibern dreht sich um die optimale Verteilung der Gelder, nicht um die optimale Pflege. Der erste Schritt zur \u00dcberwindung ist die Aufhebung der unterschiedlichen Leistungsentgelte von Sach- und Geldleistung.\u00a0 Eine einheitliche Geldleistung je nach Pflegegrad an den Pflegebed\u00fcrftigen ist zu verankern. Das Budget ist allein auf die anerkannt Pflegebed\u00fcrftigen aufzuteilen; es ist aus dem Aufkommen der Versicherten. Damit entfallen die heutigen Quersubventionen von den <strong>nicht aufgeschl\u00fcsselten 20,33 Mrd. Euro. Allein dieser Betrag f\u00fchrte derzeit zu einer Verdoppelung der Entgelte in der H\u00e4uslichkeit und nicht, wie im Gesetzentwurf vorgesehen, zu einer l\u00e4cherlichen Erh\u00f6hung von 5 %.<\/strong><\/p>\n<p>Wir brauchen eine Verbesserung des Gesundheitssystems, das unter anderem barrierefrei, krisenfest und bedarfsgerecht werden muss. <strong>Pflege ist keine Ware!<\/strong><\/p>\n<p>Dazu geh\u00f6rt die notwendige Verantwortung, die Sanktionsm\u00f6glichkeiten und die Ausstattung der Entscheidungstr\u00e4ger mit den notwendigen Mitteln unter Mitwirkung der Versicherten im Gesundheitswesen.<\/p>\n<ul>\n<li>Die Verantwortungsaufteilung Krankenhaus als Bundes- und Pflege als Landesangelegenheit ist aufzugeben.<\/li>\n<li>Sanktionsm\u00f6glichkeiten bei Nichteinhaltung der gesetzlichen Vorgaben und Leistungsversprechen sind zu normieren, entstandene Gewinne sind pro Gesellschaft abzusch\u00f6pfen. In 2022 fuhren die Gesetzlichen Krankenkassen ein Defizit von 28,5 Milliarden Euro ein. Zahlen m\u00fcssen dies die Versicherten und demn\u00e4chst durch eine 2<a href=\"https:\/\/www.focus.de\/finanzen\/versicherungen\/krankenversicherung\/milliardendefizit-im-deutschen-gesundheitssystem-2000-euro-selbstbeteiligung-in-der-krankenversicherung-das-muessen-sie-dazu-wissen_id_186677879.html?xing_share=news\" data-wpel-link=\"exclude\">000 \u20ac j\u00e4hrliche Selbstbeteiligung<\/a>.<\/li>\n<li>Der Griff in Taschen der Versicherten ohne entsprechende Kontrolle und Mitwirkung ist nicht demokratisch.<\/li>\n<\/ul>\n<p>Wir brauchen ein neues Bewusstsein, einen Neuanfang. \u00a0Einen Schutz des Einzelnen und nicht der Anbieter! Die Pilotstudien m\u00fcssen intensiv begleitet werden.<\/p>\n<h2><strong>Quartierpflege als Grundversorgung ist notwendig.<\/strong><\/h2>\n<p>Im Koalitionsvertrag hat sich die Ampelregierung nicht nur auf Leistungsverbesserungen der gewerblichen Anbieter, sondern auch auf eine dauerhafte finanzielle St\u00e4rkung der Pflegeversicherung zu Lasten der Versicherten verst\u00e4ndigt.<\/p>\n<p>Die notwendige Pflicht zur Daseinsvorsorge des Staates seiner B\u00fcrger ist weiterhin nicht in Sicht. Wann werden wir uns endlich entscheiden f\u00fcr \u201ePrivat vor Staat\u201c dann ohne Subvention oder vertrauen die B\u00fcrger einem starken Sozialstaat, der entsprechend ohne Gewinne handelt.<\/p>\n<h2><strong>Forderungen:<\/strong><\/h2>\n<ul>\n<li>\n<h3>Eine fachliche Pflegeunterst\u00fctzung in der H\u00e4uslichkeit!<\/h3>\n<\/li>\n<li>\n<h3>Wir brauchen ein tragf\u00e4higes Gesamtkonzept im Quartier!<\/h3>\n<\/li>\n<li>\n<h3>Die Gelder der Versicherten m\u00fcssen allen Pflegebed\u00fcrftigen im gleichen Verh\u00e4ltnis zur Verf\u00fcgung stehen.<\/h3>\n<\/li>\n<li>\n<h3>Pflegequalit\u00e4t ist unabh\u00e4ngig vom Pflegeort zu gew\u00e4hrleisten.<\/h3>\n<\/li>\n<\/ul>\n<h1><strong>Teill\u00f6sungen nach Interessenlagen m\u00fcssen beendet werden.<\/strong><\/h1>\n<p>Es darf und kann nicht l\u00e4nger sein, dass 1\/3 der Ausgaben, \u00fcber 20 Mrd. Euro den Versicherten f\u00fcr die Pflege vorenthalten werden. Wir haben kein Erkenntnisdefizit. Mit diesem Aufriss wollen wir den Ansto\u00df f\u00fcr die notwendige ganzheitliche Diskussion in den Parteien, den Seniorenorganisationen und Beir\u00e4ten geben.<\/p>\n<p><strong>Ist es den versicherten Arbeitnehmern wirklich egal, <\/strong><\/p>\n<ul>\n<li><strong>wo 20 Mrd. Euro j\u00e4hrlich verschwinden,<\/strong><\/li>\n<li><strong>ob Sie eine gute Pflege bei Bedarf erwarten k\u00f6nnen?<\/strong><\/li>\n<\/ul>\n<p><strong>\u00dcberlassen wir nicht l\u00e4nger den Experten das Feld; es ist unser Geld, unsere fehlende Pflege. Mit dem Beitrag wollen wir Zusammenh\u00e4nge offenlegen.<\/strong><\/p>\n<h3>Hintergrunds-Information: \u00a0<\/h3>\n<p><a href=\"https:\/\/www.vdk.de\/berlin-brandenburg\/pages\/podcast\/80459\/in_guter_gesellschaft_welchen_ausweg_gibt_es_aus_dem_pflegenotstand?\" target=\"_blank\" rel=\"noopener nofollow external noreferrer\" data-wpel-link=\"external\" title=\"Externer Link: Welchen Ausweg gibt es aus dem Pflegenotstand?\" class=\"ext-link wpel-icon-right\">Welchen Ausweg gibt es aus dem Pflegenotstand?<span class=\"wpel-icon wpel-image wpel-icon-6\"><\/span><\/a><\/p>\n<h3 class=\"jp-relatedposts-headline\"><em>\u00c4hnliche Beitr\u00e4ge:<\/em><\/h3>\n<ul>\n<li class=\"entry-title\"><a href=\"https:\/\/unser-quartier.de\/oberhausen\/2021\/05\/reicht-ein-umbau-pflegeversicherung\/\" target=\"_blank\" rel=\"noopener\" data-wpel-link=\"internal\">Der Sozialstaat wird erpresst<\/a><\/li>\n<li>\n<p class=\"entry-title\"><a href=\"https:\/\/unser-quartier.de\/oberhausen\/2020\/04\/gewollte-armut-in-der-pflege-von-angehoerigen\/\" target=\"_blank\" rel=\"noopener\" data-wpel-link=\"internal\">Gewollte Armut durch Pflege von Angeh\u00f6rigen?<\/a><\/p>\n<\/li>\n<\/ul>\n<p>Reicht allein die bessere Qualifizierung der Pflegekr\u00e4fte ohne gesellschaftliches Bewusstsein?<\/p>\n<p>Wir w\u00fcnschen allen Lesern ein frohes Osterfest.\u00a0Vielleicht finden Sie die Zeit den Text intensiv zu lesen und uns entsprechende Anregungen und Hinweise zur weiteren Diskussion zu geben. Pflege geht uns alle direkt oder indirekt an.<\/p>\n<h2><strong>Werden wir die Lobby f\u00fcr uns im Alter.<\/strong><\/h2>\n<p>*******************<\/p>\n<p>Hat Ihnen der Beitrag geholfen, sagen sie es weiter, nutzen Sie\u00a0 unten stehende M\u00f6glichkeiten. Schreiben Sie einen Kommentar.<\/p>\n<p><strong>Wir hoffen auf R\u00fcckmeldungen, Anregungen.<\/strong><\/p>\n<p>Waren die Informationen hilfreich, sagen Sie es weiter. Wollen Sie keinen Beitrag verpassen, abonnieren Sie den,\u00a0<a href=\"https:\/\/unser-quartier.de\/oberhausen\/service\/newsletter\/\" data-wpel-link=\"internal\">kostenfreie Newsletter<\/a>.<\/p>\n","protected":false},"excerpt":{"rendered":"<p>1\/3 der Ausgaben, \u00fcber 20 Mrd. Euro, werden den Versicherten f\u00fcr die Pflege vorenthalten! Die Pflegeversicherung zahlte 2021 \u00fcber 55 Mrd. Euro. Um die Pflegeversicherung finanziell zu stabilisieren, will das Bundesgesundheitsministerium den Beitragssatz zum 1. Juli 2023 um 0,35 Prozentpunkte erh\u00f6hen. Das entspricht j\u00e4hrlichen Mehreinnahmen von 6,6 Milliarden Euro. Sieht so die Entlastung und Unterst\u00fctzung&hellip; <a class=\"continue\" href=\"https:\/\/unser-quartier.de\/oberhausen\/2023\/03\/neue-wohn-konzepte-statt-weitere-pflegeheime\/sraebiger\/\" data-wpel-link=\"internal\"> \u00bb weiterlesen: <span> Neue (Wohn)-Konzepte statt weiterer Pflegeheime<\/span><\/a><\/p>\n","protected":false},"author":612,"featured_media":10357,"comment_status":"open","ping_status":"closed","sticky":false,"template":"","format":"standard","meta":{"_monsterinsights_skip_tracking":false,"_monsterinsights_sitenote_active":false,"_monsterinsights_sitenote_note":"","_monsterinsights_sitenote_category":0,"generate_page_header":"","footnotes":""},"categories":[1,1122,5,2695,4,38],"tags":[1208,3232,3231,1326,3233,243,3230],"class_list":["post-15885","post","type-post","status-publish","format-standard","has-post-thumbnail","hentry","category-dies-und-das","category-ernaehrung-hygiene","category-recht","category-seniorenbeirat","category-unterstuetzung","category-wohnen","tag-foerderung","tag-gesamtkonzept","tag-grundversorgung","tag-insolvenz","tag-pressenotiz","tag-qualitaet","tag-quartierpflege"],"_links":{"self":[{"href":"https:\/\/unser-quartier.de\/oberhausen\/wp-json\/wp\/v2\/posts\/15885","targetHints":{"allow":["GET"]}}],"collection":[{"href":"https:\/\/unser-quartier.de\/oberhausen\/wp-json\/wp\/v2\/posts"}],"about":[{"href":"https:\/\/unser-quartier.de\/oberhausen\/wp-json\/wp\/v2\/types\/post"}],"author":[{"embeddable":true,"href":"https:\/\/unser-quartier.de\/oberhausen\/wp-json\/wp\/v2\/users\/612"}],"replies":[{"embeddable":true,"href":"https:\/\/unser-quartier.de\/oberhausen\/wp-json\/wp\/v2\/comments?post=15885"}],"version-history":[{"count":3,"href":"https:\/\/unser-quartier.de\/oberhausen\/wp-json\/wp\/v2\/posts\/15885\/revisions"}],"predecessor-version":[{"id":15923,"href":"https:\/\/unser-quartier.de\/oberhausen\/wp-json\/wp\/v2\/posts\/15885\/revisions\/15923"}],"wp:featuredmedia":[{"embeddable":true,"href":"https:\/\/unser-quartier.de\/oberhausen\/wp-json\/wp\/v2\/media\/10357"}],"wp:attachment":[{"href":"https:\/\/unser-quartier.de\/oberhausen\/wp-json\/wp\/v2\/media?parent=15885"}],"wp:term":[{"taxonomy":"category","embeddable":true,"href":"https:\/\/unser-quartier.de\/oberhausen\/wp-json\/wp\/v2\/categories?post=15885"},{"taxonomy":"post_tag","embeddable":true,"href":"https:\/\/unser-quartier.de\/oberhausen\/wp-json\/wp\/v2\/tags?post=15885"}],"curies":[{"name":"wp","href":"https:\/\/api.w.org\/{rel}","templated":true}]}}