{"id":15896,"date":"2023-03-31T12:47:33","date_gmt":"2023-03-31T10:47:33","guid":{"rendered":"https:\/\/unser-quartier.de\/oberhausen\/?p=15896"},"modified":"2023-03-26T13:57:01","modified_gmt":"2023-03-26T11:57:01","slug":"april-news-2","status":"publish","type":"post","link":"https:\/\/unser-quartier.de\/oberhausen\/2023\/03\/april-news-2\/sraebiger\/","title":{"rendered":"April News"},"content":{"rendered":"<div class=\"wp-block-image\"><img loading=\"lazy\" decoding=\"async\" class=\"wp-image-8982 size-thumbnail alignleft\" src=\"https:\/\/unser-quartier.de\/oberhausen\/files\/2019\/03\/IMG_20190328_142329-150x113.jpg\" alt=\"Osterhasenaufmarsch\" width=\"150\" height=\"113\" srcset=\"https:\/\/unser-quartier.de\/oberhausen\/files\/2019\/03\/IMG_20190328_142329-150x113.jpg 150w, https:\/\/unser-quartier.de\/oberhausen\/files\/2019\/03\/IMG_20190328_142329-300x225.jpg 300w, https:\/\/unser-quartier.de\/oberhausen\/files\/2019\/03\/IMG_20190328_142329-768x576.jpg 768w, https:\/\/unser-quartier.de\/oberhausen\/files\/2019\/03\/IMG_20190328_142329-1024x768.jpg 1024w, https:\/\/unser-quartier.de\/oberhausen\/files\/2019\/03\/IMG_20190328_142329.jpg 1200w\" sizes=\"auto, (max-width: 150px) 100vw, 150px\" \/><\/div>\n<p>Allen Lesern w\u00fcnschen wir ein frohes Osterfest.<\/p>\n<h2><strong>Gute Nachricht f\u00fcr Arbeitnehmer und Rentner. <\/strong><\/h2>\n<p>Das Landgerichts K\u00f6ln (Az. 26 O 12\/22) urteilte gegen die Z\u00fcrich Lebensversicherung, nachdem der <a href=\"https:\/\/www.finanztip.de\/private-rentenversicherung\/rentenfaktor\/\" data-wpel-link=\"external\" target=\"_self\" rel=\"nofollow external noopener noreferrer\" title=\"Externer Link: Rentenfaktor\" class=\"ext-link wpel-icon-right\">Rentenfaktor<span class=\"wpel-icon wpel-image wpel-icon-6\"><\/span><\/a> in seinem fondsgebundenen Vertrag von 37,34\u20ac auf 27,97\u20ac pro 10.000\u20ac gesenkt wurde, also um stolze 25%. Niedrige Zinsen allein sind nach dem Gesetz kein Grund, den Rentenfaktor zu senken, so das Gericht. Der Versicherer kann das niedrige Zinsniveau also nicht auf abw\u00e4lzen<strong>. Was vereinbart wurde, gilt!<\/strong><\/p>\n<p>Wenn Dein Rentenfaktor gesenkt worden ist, schreib dem Versicherer! Bitte jetzt schnellstens darauf hinweisen, dass die Senkung nicht korrekt ist, damit die Anspr\u00fcche nicht in ein paar Jahren verwirkt sind \u2013 egal, wann der Rentenfaktor gesenkt worden ist. Wir helfen Dir, das zu verhindern. N\u00e4heres siehe Ratgeber Finanztipp.<\/p>\n<h2><strong>Mehr Kurzzeitpflegeangebote?<\/strong><\/h2>\n<p><strong>Selten wird ein Kurzzeitpflegeplatz gefunden. Den Mehraufwand scheuten die Betreiber. <\/strong>\u00a0 Der Bundesgesetzgeber hat den Vertragspartnern nach \u00a7 88a SGB XI aufgegeben, Empfehlungen zur Sicherstellung einer tragf\u00e4higen Verg\u00fctung in der Kurzzeitpflege abzugeben. Das Geld f\u00fcr die Betreiber ist jetzt gesichert; sie k\u00f6nnen mit einer Auslastung von 78 % die Entgelte berechnen, bei 100% Belegungssicherheit. Zur <a href=\"https:\/\/www.gkv-spitzenverband.de\/media\/dokumente\/pflegeversicherung\/richtlinien__vereinbarungen__formulare\/rahmenvertraege__richlinien_und_bundesempfehlungen\/2023_03_15_Kurzzeitpflege_Empfehlungen_88a_SGB_XI.pdf\" class=\"mtli_attachment mtli_pdf ext-link wpel-icon-right\" target=\"_blank\" rel=\"noopener nofollow external noreferrer\" data-wpel-link=\"external\" title=\"Externer Link: verbindlichen Empfehlung\">verbindlichen Empfehlung<span class=\"wpel-icon wpel-image wpel-icon-6\"><\/span><\/a>.<\/p>\n<h2><strong>Sch\u00f6ffenwahl 2023<\/strong><\/h2>\n<p>F\u00fcr die kommende Amtsperiode 2024\u20132028 werden in diesem Jahr bundesweit erneut rund 60.000 Sch\u00f6ffinnen und Sch\u00f6ffen gesucht, bis zum Alter von 70 Jahre. Sie wirken an Amts- und Landgerichten als ehrenamtliche Richter\/innen an Verfahren im Erwachsenstrafrecht oder an Jugendgerichtsverfahren mit. Eine juristische Vor- oder Ausbildung ist keine Voraussetzung f\u00fcr die \u00dcbernahme des Ehrenamts. Interessierte k\u00f6nnen sich derzeit bei ihrer Kommune \u00fcber Bewerbungsm\u00f6glichkeiten und den Bewerbungszeitraum informieren. Vielerorts ist eine Bewerbung bis in das Fr\u00fchjahr hinein m\u00f6glich. Wer zum Sch\u00f6ffen berufen wird, kann das &#8222;Ehren&#8220;-Amt nur bedingt ablehnen.<strong>\u00a0 In diesem Jahr stehen auch die Sozialwahlen an. Was nutzen Schein-Wahlen, weil gerade soviel Kandidaten gelistet, wie zu w\u00e4hlen sind!<\/strong><\/p>\n<h2><strong>Brosch\u00fcre: \u00bbT\u00fcren zur Kommunalpolitik \u00f6ffnen\u00ab<\/strong><\/h2>\n<p>Viele Menschen k\u00f6nnen sich nicht ohne Barrieren in lokale Planungs- und Entscheidungsprozesse einbringen. Auch Menschen mit Behinderungen und chronischen Erkrankungen geh\u00f6ren regelm\u00e4\u00dfig zu den unterrepr\u00e4sentierten Gruppen in der Kommunalpolitik.\u00a0 <a href=\"https:\/\/www.lag-selbsthilfe-nrw.de\/wp-content\/uploads\/2022\/06\/LAG_PPP_Tueren-%C3%B6ffnen_gruen_BF_220509.pdf\" class=\"mtli_attachment mtli_pdf ext-link wpel-icon-right\" data-wpel-link=\"external\" target=\"_self\" rel=\"nofollow external noopener noreferrer\" title=\"Externer Link: Brosch\u00fcre\">Brosch\u00fcre<span class=\"wpel-icon wpel-image wpel-icon-6\"><\/span><\/a><\/p>\n<h2><strong>Brosch\u00fcre: \u00bb Computer Internet, Fachbegriffe einfach erkl\u00e4rt\u00ab<\/strong><\/h2>\n<p>Immer diese englischen Begriffe! Was bedeuten Sie: <a href=\"https:\/\/grundbildung.trier.de\/File\/neumann-design-knotenpunkte-pc-glossar-web-160ppi-221208.pdf\" class=\"mtli_attachment mtli_pdf ext-link wpel-icon-right\" data-wpel-link=\"external\" target=\"_self\" rel=\"nofollow external noopener noreferrer\" title=\"Externer Link: Brosch\u00fcre\">Brosch\u00fcre<span class=\"wpel-icon wpel-image wpel-icon-6\"><\/span><\/a><\/p>\n<h2><strong>Entwurf des Gesetzes zur &#8222;Unterst\u00fctzung und Entlastung in der Pflege&#8220;<\/strong><\/h2>\n<p>Das Bundesgesundheitsministerium (BMG) plant, die Pflegeversicherung zu reformieren: Zum 1. Juli 2023 soll die Finanzgrundlage stabilisiert werden, unter anderem durch eine Anhebung des Beitragssatzes um 0,35 Beitragssatzpunkte f\u00fcr alle Versicherten und eine weitere Beitragssatzanhebung f\u00fcr kinderlose Versicherten. Im Gegenzug dann die kinderreichen Eltern ab 2 Kindern bei der Beitragssatzh\u00f6he entlastet. Dadurch sollen j\u00e4hrlich 6,6 Mrd. Euro mehr in die gesetzlichen Pflegekassen kommen.<\/p>\n<p>Dies soll eine Leistungsverbesserungen beim Pflegegeld, bei den Pflegesachleistungen und bei den prozentualen Zusch\u00fcssen zu den Eigenanteilen nach \u00a7 43c SGB XI zum 01.01.2024 um 5 % erm\u00f6glichen. Zus\u00e4tzlich wird ein gemeinsamer Jahresbetrag (ohne Leistungserh\u00f6hungen) aus den Leistungen der Verhinderungspflege und der Kurzzeitpflege eingef\u00fchrt. Siehe auch unseren Beitrag: <a href=\"https:\/\/wp.me\/p91Zz0-48d\" data-wpel-link=\"external\" target=\"_self\" rel=\"nofollow external noopener noreferrer\" title=\"Externer Link: Neue (Wohn)-Konzepte statt weitere Pflegeheime\" class=\"ext-link wpel-icon-right\">Neue (Wohn)-Konzepte statt weitere Pflegeheime<span class=\"wpel-icon wpel-image wpel-icon-6\"><\/span><\/a><\/p>\n<p>Die Diakonie Deutschland hat im Rahmen der BAGFW gemeinsam mit den anderen Spitzenverb\u00e4nden der Freien Wohlfahrtspflege <a href=\"https:\/\/www.diakonie.de\/fileadmin\/user_upload\/Diakonie\/PDFs\/Stellungnahmen_PDF\/2023-03-06_BAG-Stena_zum_PUEG__FINAL_2_.pdf\" class=\"mtli_attachment mtli_pdf ext-link wpel-icon-right\" data-wpel-link=\"external\" target=\"_self\" rel=\"nofollow external noopener noreferrer\" title=\"Externer Link: Stellung zu Referentenentwurf\">Stellung zu Referentenentwurf<span class=\"wpel-icon wpel-image wpel-icon-6\"><\/span><\/a>\u00a0<a href=\"https:\/\/www.diakonie.de\/fileadmin\/user_upload\/Diakonie\/PDFs\/Stellungnahmen_PDF\/2023-03-06_BAG-Stena_zum_PUEG__FINAL_2_.pdf\" class=\"mtli_attachment mtli_pdf ext-link wpel-icon-right\" data-wpel-link=\"external\" target=\"_self\" rel=\"nofollow external noopener noreferrer\" title=\"Externer Link: bezogen\">bezogen<span class=\"wpel-icon wpel-image wpel-icon-6\"><\/span><\/a>.<\/p>\n<p>Auch die <a href=\"https:\/\/www.n-tv.de\/panorama\/Lauterbachs-Pflegereform-laut-Krankenkassen-voellig-unzureichend-article23968603.html\" target=\"_blank\" rel=\"noopener nofollow external noreferrer\" data-wpel-link=\"external\" title=\"Externer Link: Krankenkassen laufen Sturm\" class=\"ext-link wpel-icon-right\">Krankenkassen laufen Sturm<span class=\"wpel-icon wpel-image wpel-icon-6\"><\/span><\/a>.<\/p>\n<p>Die St\u00e4rke der Gesellschaft zeigt sich am Wohl der Schwachen. <strong>Werden die Schwachen entlastet, wer soll unterst\u00fctzt werden?<\/strong><\/p>\n<h2><strong>Alzheimer und Demenz<\/strong><\/h2>\n<p>Hans F\u00f6rstl: Alzheimer und Demenz. Grundlagen, Diagnose, Therapie.\u00a0<a href=\"http:\/\/www.beck.de\/\" target=\"_blank\" rel=\"noopener nofollow external noreferrer\" data-wpel-link=\"external\" title=\"Externer Link: Verlag C.H. Beck\" class=\"ext-link wpel-icon-right\">Verlag C.H. Beck<span class=\"wpel-icon wpel-image wpel-icon-6\"><\/span><\/a>\u00a0(M\u00fcnchen) 2021. 128\u00a0Seiten. ISBN\u00a0978-3-406-77557-4. 9,95\u202fEUR.<br \/>\nReihe: C.H. Beck Wissen &#8211; 2923.<\/p>\n<p>Das Wissen \u00fcber Diagnose und Behandlung bei Demenz entwickelt sich st\u00e4ndig weiter. Aktuelle Informationen an demenzkranke Menschen und ihre Angeh\u00f6rigen weiterzugeben, unterst\u00fctzt diese darin, Verantwortung f\u00fcr ihre Situation \u00fcbernehmen und Hilfen beanspruchen zu k\u00f6nnen.<\/p>\n<p>Eine Buchbeschreibung finden Sie &gt;<a href=\"https:\/\/www.socialnet.de\/rezensionen\/29692.php\" target=\"_blank\" rel=\"noopener nofollow external noreferrer\" data-wpel-link=\"external\" title=\"Externer Link: &gt;HIER&lt;\" class=\"ext-link wpel-icon-right\">&gt;HIER&lt;<span class=\"wpel-icon wpel-image wpel-icon-6\"><\/span><\/a>&lt;<\/p>\n<h2><strong>H\u00e4usliche Pflegehilfe<\/strong><\/h2>\n<p>F\u00fcr die Einstufung als h\u00e4usliche Pflegehilfe kommt es nicht auf den Aufenthaltsort des Pflegebed\u00fcrftigen an, sondern allein auf die Art der Leistung. Wird die Pflege von einem ambulanten Pflegedienst oder einer einzelnen Pflegekraft durchgef\u00fchrt, handelt es sich um \u201eh\u00e4usliche\u201c Pflegehilfe \u2013 unabh\u00e4ngig davon, ob sie zu Hause beim Pflegebed\u00fcrftigen erfolgt oder anderswo, z.B. am Arbeitsplatz. Der Begriff der \u201eh\u00e4uslichen\u201c Pflegehilfe in \u00a7 64b SGB XII ist allein der Abgrenzung zur station\u00e4ren Pflege geschuldet. So das Landessozialgericht Baden-W\u00fcrttemberg (LSG) mit Urteil vom 17.08.2022 \u2013 L 2 SO 1906\/18.<\/p>\n<p><strong>*******************<\/strong><\/p>\n<p>Ihre Anregungen, Erfahrungen, sei es bei der Hilfe von Freunden oder Nachbarn, nehmen wir auf. Hat Ihnen einer der Beitr\u00e4ge geholfen, sagen sie es weiter, nutzen Sie\u00a0 unten stehende M\u00f6glichkeiten. Was vermissen Sie? Schreiben Sie einen Kommentar.<\/p>\n<p>Wollen Sie keinen Beitrag verpassen, abonnieren Sie den, <a href=\"https:\/\/unser-quartier.de\/oberhausen\/service\/newsletter\/\" data-wpel-link=\"internal\">kostenfreie Newsletter<\/a>.<\/p>\n","protected":false},"excerpt":{"rendered":"<p>Allen Lesern w\u00fcnschen wir ein frohes Osterfest. Gute Nachricht f\u00fcr Arbeitnehmer und Rentner. Das Landgerichts K\u00f6ln (Az. 26 O 12\/22) urteilte gegen die Z\u00fcrich Lebensversicherung, nachdem der Rentenfaktor in seinem fondsgebundenen Vertrag von 37,34\u20ac auf 27,97\u20ac pro 10.000\u20ac gesenkt wurde, also um stolze 25%. Niedrige Zinsen allein sind nach dem Gesetz kein Grund, den Rentenfaktor&hellip; <a class=\"continue\" href=\"https:\/\/unser-quartier.de\/oberhausen\/2023\/03\/april-news-2\/sraebiger\/\" data-wpel-link=\"internal\"> \u00bb weiterlesen: <span> April News<\/span><\/a><\/p>\n","protected":false},"author":612,"featured_media":14082,"comment_status":"open","ping_status":"closed","sticky":false,"template":"","format":"standard","meta":{"_monsterinsights_skip_tracking":false,"_monsterinsights_sitenote_active":false,"_monsterinsights_sitenote_note":"","_monsterinsights_sitenote_category":0,"generate_page_header":"","footnotes":""},"categories":[1520,6,1,1122,5,2695,4,38],"tags":[104,3235,3258,3240,3236,3239,88,3238,3237,3234,3241],"class_list":["post-15896","post","type-post","status-publish","format-standard","has-post-thumbnail","hentry","category-heimbeirat","category-computer-und-technik","category-dies-und-das","category-ernaehrung-hygiene","category-recht","category-seniorenbeirat","category-unterstuetzung","category-wohnen","tag-broschuere","tag-entlastungsgesetz-pflege","tag-gkv-empfehlung--88a-sgb-xi","tag-haeusliche-pflegehilfe","tag-internetbegriffe","tag-kommunalpolitik","tag-kurzzeitpflege","tag-rentenfaktor","tag-schoeffenwahl","tag-stellungnahme-der-wohlfahrtspflege","tag--64b-sgb-xii"],"_links":{"self":[{"href":"https:\/\/unser-quartier.de\/oberhausen\/wp-json\/wp\/v2\/posts\/15896","targetHints":{"allow":["GET"]}}],"collection":[{"href":"https:\/\/unser-quartier.de\/oberhausen\/wp-json\/wp\/v2\/posts"}],"about":[{"href":"https:\/\/unser-quartier.de\/oberhausen\/wp-json\/wp\/v2\/types\/post"}],"author":[{"embeddable":true,"href":"https:\/\/unser-quartier.de\/oberhausen\/wp-json\/wp\/v2\/users\/612"}],"replies":[{"embeddable":true,"href":"https:\/\/unser-quartier.de\/oberhausen\/wp-json\/wp\/v2\/comments?post=15896"}],"version-history":[{"count":4,"href":"https:\/\/unser-quartier.de\/oberhausen\/wp-json\/wp\/v2\/posts\/15896\/revisions"}],"predecessor-version":[{"id":15998,"href":"https:\/\/unser-quartier.de\/oberhausen\/wp-json\/wp\/v2\/posts\/15896\/revisions\/15998"}],"wp:featuredmedia":[{"embeddable":true,"href":"https:\/\/unser-quartier.de\/oberhausen\/wp-json\/wp\/v2\/media\/14082"}],"wp:attachment":[{"href":"https:\/\/unser-quartier.de\/oberhausen\/wp-json\/wp\/v2\/media?parent=15896"}],"wp:term":[{"taxonomy":"category","embeddable":true,"href":"https:\/\/unser-quartier.de\/oberhausen\/wp-json\/wp\/v2\/categories?post=15896"},{"taxonomy":"post_tag","embeddable":true,"href":"https:\/\/unser-quartier.de\/oberhausen\/wp-json\/wp\/v2\/tags?post=15896"}],"curies":[{"name":"wp","href":"https:\/\/api.w.org\/{rel}","templated":true}]}}