{"id":16237,"date":"2023-06-03T11:15:09","date_gmt":"2023-06-03T09:15:09","guid":{"rendered":"https:\/\/unser-quartier.de\/oberhausen\/?p=16237"},"modified":"2023-06-02T19:15:21","modified_gmt":"2023-06-02T17:15:21","slug":"news-in-kuerze","status":"publish","type":"post","link":"https:\/\/unser-quartier.de\/oberhausen\/2023\/06\/news-in-kuerze\/sraebiger\/","title":{"rendered":"News in K\u00fcrze"},"content":{"rendered":"<p>News Juni 2023,\u00a0 rechtzeitig zu Fronleichnam<\/p>\n<ul>\n<li><strong>Reform der Pflegeversicherung<\/strong><\/li>\n<li><strong>Der n\u00e4chste hei\u00dfe Sommer kommt<\/strong><\/li>\n<li><strong>Podcast rund um das Thema Demenz<\/strong><\/li>\n<li><strong>Notwendige regionale Gesundheitsversorgung<\/strong><\/li>\n<li><strong>Wohnrecht auf Lebenszeit<\/strong><\/li>\n<\/ul>\n<p><!--more--><\/p>\n<h2><strong>Reform der Pflegeversicherung<\/strong><\/h2>\n<p>Alle schreien und fordern, es ist nicht genug. Die Bundesregierung informiert: <a href=\"https:\/\/www.bundesgesundheitsministerium.de\/presse\/pressemitteilungen\/pflegereform-beschluss-bundestag-26-05-23.html\" data-wpel-link=\"external\" target=\"_self\" rel=\"nofollow external noopener noreferrer\" title=\"Externer Link: Mehr Leistungen f\u00fcr station\u00e4re und ambulante Pflege\" class=\"ext-link wpel-icon-right\">Mehr Leistungen f\u00fcr station\u00e4re und ambulante Pflege<span class=\"wpel-icon wpel-image wpel-icon-6\"><\/span><\/a>. Doch wer bis zu Ende liest erkennt, es geht vorrangig um Mehreinnahmen in H\u00f6he von rund 6,6\u00a0Mrd.\u00a0Euro\/Jahr, die die Zwangsversicherten erst aufbringen m\u00fcssen, damit die Landespflegekassen die \u201eWohltaten\u201c den gewerblichen Betreibern nach dem Motto: <strong>Privat vor Staat <\/strong>verteilen k\u00f6nnen. In den Kommunen sp\u00fcren die Misere die Pflegebed\u00fcrftigen und Angeh\u00f6rigen. Alle schauen weg. Keiner will die Not sehen oder gar handeln. Medien- und Gremienvertreter sind oft \u00fcberfordert, unwissend. Der Blick ins SGB XI allein hilft nicht, stiftet zum Vorteil der Pflegekassen und Leistungsanbieter Verwirrung. Echte <strong>Aufkl\u00e4rung tut Not, nicht erst vor den n\u00e4chsten Wahlen, jetzt.<\/strong><\/p>\n<p><strong>Etablierung der Nachbarschaftshilfe im Pflegegesetz nicht gewollt!<\/strong><\/p>\n<p>Worte und Taten fallen auseinander. Wer verweigert niederschwellige Hilfe in der H\u00e4uslichkeit?<\/p>\n<p>Mit der <a href=\"https:\/\/www.bundesrat.de\/SharedDocs\/drucksachen\/2023\/0101-0200\/165-1-23.pdf\" class=\"mtli_attachment mtli_pdf ext-link wpel-icon-right\" target=\"_blank\" rel=\"noopener nofollow external noreferrer\" data-wpel-link=\"external\" title=\"Externer Link: Bundesratsdrucksache 165-1-23\">Bundesratsdrucksache 165-1-23<span class=\"wpel-icon wpel-image wpel-icon-6\"><\/span><\/a> vom 28.4.23\u00a0 die <strong>L\u00e4nder fordern nicht<\/strong>, sie empfehlen unteranderem ab Seite 19f. die Anerkennung von Nachbarschaftshilfe f\u00fcr 125 \u20ac, um die Pflegenot in der H\u00e4uslichkeit zu mildern.<\/p>\n<ul>\n<li>45 b SGB XI soll durch eine neue Nummer 5 erg\u00e4nzt werden: <strong>5. Leistungen b\u00fcrgerschaftlich engagierter Einzelpersonen (Nachbarschaftshilfe)<\/strong><\/li>\n<li>\n<p>Fragen Sie Ihre Bundestags- und Landtagsabgeordneten welche Argumente gegen die Nachbarschaftshilfe f\u00fcr 125 \u20ac sprechen.<\/p>\n<\/li>\n<\/ul>\n<h2><strong>Der n\u00e4chste hei\u00dfeste Sommer kommt<\/strong><\/h2>\n<p>Tropenn\u00e4chte, W\u00fcstentage, Hitzewellen, Rekordhitze\u2026 Im Sommer 2022 sind nach Sch\u00e4tzungen des Robert Koch-Instituts etwa 4.500 Menschen infolge von Hitze in Deutschland verstorben.<\/p>\n<p>Die schweren Auswirkungen des Klimawandels, anhaltender Trockenperioden und extremer Sommerhitze auf die Gesundheit sind schon lange keine Spekulation mehr, sondern Realit\u00e4t. Die Bundeszentrale f\u00fcr gesundheitliche Aufkl\u00e4rung (BZgA) informiert die Bev\u00f6lkerung unter dem Internetportal \u201e<a href=\"https:\/\/www.klima-mensch-gesundheit.de\/\" data-wpel-link=\"external\" target=\"_self\" rel=\"nofollow external noopener noreferrer\" title=\"Externer Link: Klima Mensch Gesundheit\" class=\"ext-link wpel-icon-right\">Klima Mensch Gesundheit<span class=\"wpel-icon wpel-image wpel-icon-6\"><\/span><\/a>\u201c \u00fcber durch extreme Hitze bedingte Gesundheitsrisiken. Es bietet Hintergrundinformationen zum Klimawandel und zahlreiche Tipps zum Umgang mit Extremtemperaturen und UV-Strahlung.<\/p>\n<p>Die Gefahr steigt mit <a href=\"https:\/\/www.medhochzwei-verlag.de\/News\/Details\/125284\" target=\"_blank\" rel=\"noopener nofollow external noreferrer\" data-wpel-link=\"external\" title=\"Externer Link: zunehmendem Alter\" class=\"ext-link wpel-icon-right\">zunehmendem Alter<span class=\"wpel-icon wpel-image wpel-icon-6\"><\/span><\/a>, weil die F\u00e4higkeit des K\u00f6rpers zur Selbstk\u00fchlung durch Schwitzen abnimmt.<\/p>\n<p>Dazu auch: <strong>5. Juni 2023 von 18:00 &#8211; 19:30 Uhr eine <a href=\"https:\/\/www.dbfk.de\/de\/themen\/Nachhaltigkeit.php\" data-wpel-link=\"external\" target=\"_self\" rel=\"nofollow external noopener noreferrer\" title=\"Externer Link: Informationsveranstaltung\" class=\"ext-link wpel-icon-right\">Informationsveranstaltung<span class=\"wpel-icon wpel-image wpel-icon-6\"><\/span><\/a>, <\/strong>in der die Bedeutung der notwendigen Nachhaltigkeit zur Vermeidung der Klimaerw\u00e4rmung im Einzelnen vertieft dargestellt werden.<strong> Interessierte sind herzlich eingeladen &#8211; jetzt gleich kostenfrei <a href=\"https:\/\/us02web.zoom.us\/meeting\/register\/tZwtcuirqT4pHt3EUqoxDCBcXBBtpWtrYzHB#\/registration\" data-wpel-link=\"external\" target=\"_self\" rel=\"nofollow external noopener noreferrer\" title=\"Externer Link: registrieren\" class=\"ext-link wpel-icon-right\">registrieren<span class=\"wpel-icon wpel-image wpel-icon-6\"><\/span><\/a>!<\/strong><\/p>\n<h2><strong>Podcast rund um das Thema Demenz<\/strong><\/h2>\n<p>Wenn ein Mensch mit Demenz seine Erkrankung nicht anerkennt, entstehen oftmals schwierige Situationen. Es k\u00f6nnen sich Gefahren ergeben, wenn eine Person z. B. ganz selbstverst\u00e4ndlich weiter Auto f\u00e4hrt, es kann aber auch eine Sprachlosigkeit zwischen der Person und ihren An- und Zugeh\u00f6rigen entstehen (Podcast 51). Fragen zu Demenz und Medikamenten (Podcast 50) und 49 weitere Folgen decken ein ausgesprochen weites Themenfeld ab. Der Podcast ist auf der Internetseite <a href=\"https:\/\/login.mailingwork.de\/-link2\/26560\/2899\/51\/619\/4801\/m8vUVKOD\/D3tzJky3Zd\/0\/MDUyMDIz\/Mjg5OQ..\" data-wpel-link=\"external\" target=\"_self\" rel=\"nofollow external noopener noreferrer\" title=\"Externer Link: www.demenz-podcast.de\" class=\"ext-link wpel-icon-right\">www.demenz-podcast.de<span class=\"wpel-icon wpel-image wpel-icon-6\"><\/span><\/a> erh\u00e4ltlich<\/p>\n<h2><strong>Notwendige regionale Gesundheitsversorgung<\/strong><\/h2>\n<p><strong>Die St\u00e4rkung der regionalen Gesundheitsversorgung ist ein im Koalitionsvertrag sowie den aktuellen Gesetzesvorhaben verfolgtes Ziel der Bundesregierung.\u00a0Es fehlen Taten!<\/strong><\/p>\n<p>Der Schl\u00fcssel f\u00fcr einen zukunftsgerichteten Umbau der Gesundheitsversorgung liegt bei den Akteuren vor Ort. Vielerorts haben Krankenkassen und Partner in der Versorgung schon bewiesen, dass sie innovative L\u00f6sungen f\u00fcr Versorgungsbedarfe entwickeln k\u00f6nnen. Ihre Gestaltungskraft m\u00fcssen wir nutzen\u201c, erkl\u00e4rt der <a href=\"https:\/\/www.bmcev.de\/der-bmc\/ueber-uns\/\" data-wpel-link=\"external\" target=\"_self\" rel=\"nofollow external noopener noreferrer\" title=\"Externer Link: BMC-Vorstandsvorsitzende Prof. Dr. Lutz Hager\" class=\"ext-link wpel-icon-right\">BMC-Vorstandsvorsitzende Prof. Dr. Lutz Hager<span class=\"wpel-icon wpel-image wpel-icon-6\"><\/span><\/a>. Neben den Akteuren der Krankenversorgung geh\u00f6rten dazu ebenso die Pflege, Kommunen und Kreise, Vereine, die soziale Infrastruktur oder Partner mit digitalen Angeboten.<\/p>\n<p>Viele aktuell diskutierte Vorhaben wie die Krankenhausstrukturreform, die geplanten Gesundheitskioske und Prim\u00e4rversorgungszentren oder koordinierende Patientenlotsen setzten auf eine regionale Umsetzung. Die Region als aktiver Gestalter komme in den Regierungspl\u00e4nen bislang jedoch nicht vor. \u201eRegionalisierung erfordert eine Strukturreform, die \u00fcber blo\u00dfe F\u00f6rderprogramme hinausgedacht und langfristig angelegt sein muss.\u00a0<a href=\"https:\/\/www.bmcev.de\/wp-content\/uploads\/2023-05-22-BMC-Positionspapier-Besser-regional.pdf\" class=\"mtli_attachment mtli_pdf ext-link wpel-icon-right\" data-wpel-link=\"external\" target=\"_self\" rel=\"nofollow external noopener noreferrer\" title=\"Externer Link: Das Positionspapier des BMC\">Das Positionspapier des BMC<span class=\"wpel-icon wpel-image wpel-icon-6\"><\/span><\/a>.\u00a0 <strong>Eine breite Diskussion ist notwendig,<\/strong> es geht nicht ums Geldverteilen, es sollte um das Wohl der B\u00fcrger gehen, es bedarf einer ganzheitlichen Gesundheitsversorgung, einschlie\u00dflich der Pflege am Ende des Lebens.<\/p>\n<h2><strong>Wohnrecht auf Lebenszeit<\/strong><\/h2>\n<p><strong>Im Grundbuch eingetragenes Wohnungsrecht bleibt bestehen, auch bei Umzug ins Heim.<\/strong><\/p>\n<p class=\"col-sm-offset-1\">Ist ein Wohnrecht im Grundbuch eingetragen und zieht der\/die Berechtigte aus der Wohnung aus, geht es dadurch nicht unter. Ein subjektives Aus\u00fcbungshindernis, wie die Unterbringung des Berechtigten in ein Senioren- oder Pflegeheim, begr\u00fcndet regelm\u00e4\u00dfig auch keinen L\u00f6schungsanspruch des Wohnungseigent\u00fcmers.<\/p>\n<div class=\"col-sm-offset-1\">\n<p>Das Wohnungsrecht nach \u00a7 1093 BGB erlischt gem\u00e4\u00df den \u00a7\u00a7 1090 Abs. 2, 1061 BGB erst mit dem Tod des Wohnungsberechtigten. Ein nur\u00a0<strong>subjektives Aus\u00fcbungshindernis\u00a0<\/strong>reicht nach Rechtsprechung und Literatur nicht (Schleswig-Holsteinisches OLG, Urteil v. 2.1.2007, 3 U 116\/06. Auch abgelegt unter Urteilen.<\/p>\n<p>Selbst ein dauerhafter Wechsel in eine Wohnung oder in ein Pflegeheim bringe das Wohnrecht nicht zum Erl\u00f6schen. In diesem Fall stehe dem Berechtigten die M\u00f6glichkeit offen, das Recht mit Zustimmung des Grundst\u00fcckeigent\u00fcmers einem anderen zu \u00fcberlassen (OLG Saarbr\u00fccken, Beschluss v. 5.8.2010, 5 W 175\/10-65).<\/p>\n<h4><strong>Verzicht auf das Wohnrecht birgt Gefahr des Sozialregresses<\/strong><\/h4>\n<p>Selbst wenn der Berechtigte wegen des Umzugs auf sein Wohnungsrecht verzichtet (BGH, Beschluss v. 25.1.2012, XII ZB 479\/11),\u00a0 droht im Falle der Verarmung ein R\u00fcckforderungsanspruch seitens des Heimtr\u00e4gers, indem der Verzicht auf das Wohnungsrecht als\u00a0<strong>Schenkung\u00a0<\/strong>behandelt wird (OLG N\u00fcrnberg, Urteil v. 22.7.2013, 4 U 1571\/12).<strong>\u00a0<\/strong><\/p>\n<\/div>\n<p><strong>*******************************<\/strong><\/p>\n<p>Waren die Informationen interessant, hilfreich, sagen Sie es weiter.<\/p>\n<p>Wollen Sie keinen Beitrag verpassen, abonnieren Sie den <a href=\"https:\/\/unser-quartier.de\/oberhausen\/service\/newsletter\/\" target=\"_blank\" rel=\"noopener\" data-wpel-link=\"internal\">kostenfreie Newsletter<\/a>. \u00a0<\/p>\n<p>Interessante Hinweise f\u00fcr Senioren, Veranstaltungen etc., nehmen wir gerne auf. Helfen wir uns mit RAT und TAT unentgeltlich gegenseitig. Unsere Arbeit k\u00f6nnen Sie mit einem\u00a0<a class=\"ext-link wpel-icon-right\" href=\"https:\/\/wp.me\/P91Zz0-pb\" rel=\"nofollow external noopener noreferrer\" data-wpel-link=\"external\" target=\"_self\" title=\"Externer Link: Beitrag unterst\u00fctzen\">Beitrag unterst\u00fctzen<span class=\"wpel-icon wpel-image wpel-icon-6\"><\/span><\/a>:<\/p>\n","protected":false},"excerpt":{"rendered":"<p>News Juni 2023,\u00a0 rechtzeitig zu Fronleichnam Reform der Pflegeversicherung Der n\u00e4chste hei\u00dfe Sommer kommt Podcast rund um das Thema Demenz Notwendige regionale Gesundheitsversorgung Wohnrecht auf Lebenszeit<\/p>\n","protected":false},"author":612,"featured_media":0,"comment_status":"open","ping_status":"closed","sticky":false,"template":"","format":"standard","meta":{"_monsterinsights_skip_tracking":false,"_monsterinsights_sitenote_active":false,"_monsterinsights_sitenote_note":"","_monsterinsights_sitenote_category":0,"generate_page_header":"","footnotes":""},"categories":[1,1122,5],"tags":[151,3329,3005,517,765,2802,2108,2096,1207,3330,3336],"class_list":["post-16237","post","type-post","status-publish","format-standard","hentry","category-dies-und-das","category-ernaehrung-hygiene","category-recht","tag-demenz","tag-infoveranstaltung","tag-klima","tag-nachbarschaftshilfe","tag-pflegeversicherung","tag-podcast","tag-positionspapier","tag-reform","tag-urteil","tag-wohnrecht","tag--45-b-abs-1-ziffer-5-sgb-xi"],"_links":{"self":[{"href":"https:\/\/unser-quartier.de\/oberhausen\/wp-json\/wp\/v2\/posts\/16237","targetHints":{"allow":["GET"]}}],"collection":[{"href":"https:\/\/unser-quartier.de\/oberhausen\/wp-json\/wp\/v2\/posts"}],"about":[{"href":"https:\/\/unser-quartier.de\/oberhausen\/wp-json\/wp\/v2\/types\/post"}],"author":[{"embeddable":true,"href":"https:\/\/unser-quartier.de\/oberhausen\/wp-json\/wp\/v2\/users\/612"}],"replies":[{"embeddable":true,"href":"https:\/\/unser-quartier.de\/oberhausen\/wp-json\/wp\/v2\/comments?post=16237"}],"version-history":[{"count":4,"href":"https:\/\/unser-quartier.de\/oberhausen\/wp-json\/wp\/v2\/posts\/16237\/revisions"}],"predecessor-version":[{"id":16275,"href":"https:\/\/unser-quartier.de\/oberhausen\/wp-json\/wp\/v2\/posts\/16237\/revisions\/16275"}],"wp:attachment":[{"href":"https:\/\/unser-quartier.de\/oberhausen\/wp-json\/wp\/v2\/media?parent=16237"}],"wp:term":[{"taxonomy":"category","embeddable":true,"href":"https:\/\/unser-quartier.de\/oberhausen\/wp-json\/wp\/v2\/categories?post=16237"},{"taxonomy":"post_tag","embeddable":true,"href":"https:\/\/unser-quartier.de\/oberhausen\/wp-json\/wp\/v2\/tags?post=16237"}],"curies":[{"name":"wp","href":"https:\/\/api.w.org\/{rel}","templated":true}]}}