{"id":16283,"date":"2023-07-04T15:46:05","date_gmt":"2023-07-04T13:46:05","guid":{"rendered":"https:\/\/unser-quartier.de\/oberhausen\/?p=16283"},"modified":"2023-06-19T12:10:22","modified_gmt":"2023-06-19T10:10:22","slug":"news-6","status":"publish","type":"post","link":"https:\/\/unser-quartier.de\/oberhausen\/2023\/07\/news-6\/sraebiger\/","title":{"rendered":"News"},"content":{"rendered":"<p>Juli News, f\u00fcr Sie als Hintergrundinformation zusammengestellt:<\/p>\n<ul>\n<li><strong>Wie sicher sind Pflegebed\u00fcrftige in Einrichtungen in der Nacht <\/strong><\/li>\n<li><strong>Pflegeunterst\u00fctzungsgeld in der H\u00e4uslichkeit <\/strong><\/li>\n<li><strong>Neue Perspektiven f\u00fcr die Gesundheitswirtschaft<\/strong><\/li>\n<li><strong>Bayrische Initiative zur Leiharbeit<\/strong><\/li>\n<\/ul>\n<p><strong>__________________________________________<\/strong><\/p>\n<h2><strong>Wie sicher sind Pflegebed\u00fcrftige in Einrichtungen in der Nacht<\/strong><\/h2>\n<p><em>Angeh\u00f6rige, Bewohner \u00e4rgern sich \u00fcber fehlende Versorgung, doch eine Beschwerde wird gescheut. <\/em>Eine Ausarbeitung der Regelungen f\u00fcr Personalschl\u00fcssel in der Nachtwache in den Bundesl\u00e4ndern zeigt gravierende Unterschiede auf. In Kliniken und Krankenh\u00e4usern gelten bundesweit einheitliche Regelungen, wie viele Pflegekr\u00e4fte auf welcher Station im Einsatz sein m\u00fcssen. In den Bundesl\u00e4ndern verhandeln dies die Landes-Pflegekassen mit den Verb\u00e4nden der Einrichtungstr\u00e4gern, soweit das zust\u00e4ndige Ministerium keine diesbez\u00fcgliche Verordnung erl\u00e4sst. Was nutzen allgemeine Vorgaben wie im Wohn- und Teilhabegesetz in NRW. Eine Ausarbeitung auf <a href=\"https:\/\/www.pflegen-online.de\/16-regelungen-fuer-personalschluessel-in-der-nachtwache\" data-wpel-link=\"external\" target=\"_self\" rel=\"nofollow external noopener noreferrer\" title=\"Externer Link: Pflege-online\" class=\"ext-link wpel-icon-right\">Pflege-online<span class=\"wpel-icon wpel-image wpel-icon-6\"><\/span><\/a> von Herrn Hans-Georg Sausse. Pflegekr\u00e4fte werden im Regen stehen gelassen. Tr\u00e4ger sehen die Rendite. Die WTG-Beh\u00f6rden reagieren in \u00e4u\u00dferster Not.<\/p>\n<p>72\u00a0Prozent\u00a0der Pfleger\u00a0sind nachts\u00a0allein f\u00fcr eine Station oder Einrichtung zust\u00e4ndig und f\u00fcr\u00a0durchschnittlich 52\u00a0Bewohner verantwortlich. Dies kann organisatorisch entzerrt werden, wenn in der Zeit mit h\u00f6chstem Unruhepegel, 21 Uhr bis 1 Uhr, immer zwei Pflegekr\u00e4fte Dienst haben.<\/p>\n<p><strong><em>Wer pr\u00fcft die notwendigen Gefahren-, Notfallpl\u00e4ne? Wer plant die \u00dcbungen bei Unfall oder Brand?<\/em><\/strong><\/p>\n<h2><strong>Pflegeunterst\u00fctzungsgeld in der H\u00e4uslichkeit<\/strong><\/h2>\n<p>Wenn Angeh\u00f6rige akut, unerwartet erkranken, m\u00fcssen oftmals arbeitende Familienmitglieder f\u00fcr die Pflege sorgen, weil kein Pflegedienst mangels Mitarbeiter einspringt. In diesem Fall k\u00f6nnen sie bis zu zehn Tage 90 % des Nettoentgeltes <a href=\"https:\/\/www.gesetze-im-internet.de\/sgb_11\/__44a.html\" data-wpel-link=\"external\" target=\"_self\" rel=\"nofollow external noopener noreferrer\" title=\"Externer Link: nach \u00a7 44a SGB XI\" class=\"ext-link wpel-icon-right\">nach \u00a7 44a SGB XI<span class=\"wpel-icon wpel-image wpel-icon-6\"><\/span><\/a> von der Arbeit fernbleiben und f\u00fcr diese Zeit das sogenannte Pflegeunterst\u00fctzungsgeld bei der Pflegekasse des Erkrankten beantragen. Das sind im Jahre 2023 maximal 116,38 Euro pro Tag. Wer Pflegeunterst\u00fctzungsgeld erh\u00e4lt, ist gesetzlich in <a href=\"https:\/\/www.gesetze-im-internet.de\/pflegezg\/BJNR089600008.html\" data-wpel-link=\"external\" target=\"_self\" rel=\"nofollow external noopener noreferrer\" title=\"Externer Link: Paragraf 7 PflegeZG\" class=\"ext-link wpel-icon-right\">Paragraf 7 PflegeZG<span class=\"wpel-icon wpel-image wpel-icon-6\"><\/span><\/a> geregelt. Gilt nur, wenn mehr als 15 Besch\u00e4ftigten im Unternehmen sind und muss dies dem Arbeitgeber sp\u00e4testens zehn Arbeitstage vor Beginn schriftlich ank\u00fcndigen und gleichzeitig erkl\u00e4ren, f\u00fcr welchen Zeitraum und in welchem Umfang die Freistellung von der Arbeitsleistung in Anspruch genommen werden soll. <strong>Wichtig sind die beiden Antr\u00e4ge. Schnelles handeln ist angesagt. Was geschieht in den ersten zwei Wochen?<\/strong><strong>\u00a0<\/strong><\/p>\n<h2><strong>Neue Perspektiven f\u00fcr die Gesundheitswirtschaft<\/strong><\/h2>\n<p>\u00c4rzte, Tr\u00e4ger und Kassen sind f\u00fcr eine Krankenhausreform. Es geht ums Geld, fehlende Pflegekr\u00e4fte. Mit der Krankenhausplanung sollen Krankenh\u00e4user schlie\u00dfen. Es wird behauptet: Eine wirksame Begrenzung der Gesundheitsausgaben ist aufgrund der demografischen Entwicklung und des enormen Fachkr\u00e4ftemangels dringend notwendig. Die Zeit titelte am 15. Juni 23: &gt;&gt; Wir stehen am Vorabend eines Krankenhaussterbens &lt;&lt;.\u00a0<strong>Die Hauptpunkte der Struktur\u00e4nderung<\/strong>: Krankenh\u00e4user sollen in drei Kategorien eingruppiert werden: 1.\u00a0\u00a0\u00a0\u00a0\u00a0\u00a0 Grundversorgung, 2. Regel- und Schwerpunktversorgung, 3. Maximalversorgung <strong>und <\/strong>Behandlung nur nach den qualifizierten von maximal 128 Leistungsgruppen <strong>und<\/strong>60 % der Kosten werden pauschal verg\u00fctet, 40 % nach den Fallpauschalen der Leistungsgruppe.\u00a0Wir brauchen keine Panikmache, wir ben\u00f6tigen eine Aufkl\u00e4rung, ein ganzheitliches Denken; das <a href=\"https:\/\/health.ec.europa.eu\/system\/files\/2016-11\/sowhat_en_0.pdf\" class=\"mtli_attachment mtli_pdf ext-link wpel-icon-right\" data-wpel-link=\"external\" target=\"_self\" rel=\"nofollow external noopener noreferrer\" title=\"Externer Link: Gesundheitssystem ist komplex\">Gesundheitssystem ist komplex<span class=\"wpel-icon wpel-image wpel-icon-6\"><\/span><\/a>. Die alternde Gesellschaft braucht ortsnahe Erst- und Grundversorgung. Die Qualit\u00e4t der Gesundheitsversorgung ist abh\u00e4ngig vom notwendigen Angebot aus Sicht der B\u00fcrger und nicht aus den einseitig formulierten Qualit\u00e4tsangaben aus Sicht der Kosten der Anbieter oder Kostentr\u00e4ger. Patientenvertreter aus dem Krankenhausbereich (SGB V) haben im Gemeinsamen Bundesausschuss kein Stimmrecht, d\u00fcrfen am Katzentisch Dabeisein. <strong>Der Altenhilfebereich wird nicht diskutiert<\/strong>; Pflege ist L\u00e4ndersache und darf nicht l\u00e4nger Privatsache sein. Totschweigen hilft nicht den B\u00fcrgern! Solange Qualit\u00e4t und <a href=\"Bundesgesundheitsbl%202022%20\u00b7%2065:335\u2013341\" data-wpel-link=\"internal\">Qualit\u00e4tssicherung im Gesundheitswesen<\/a> unter den Bedingungen der Erl\u00f6se und Kosten diskutiert und gesehen wird (<a href=\"https:\/\/www.bagfw.de\/themen\/qualitaetsindikatoren-in-der-stationaeren-pflege\" data-wpel-link=\"external\" target=\"_self\" rel=\"nofollow external noopener noreferrer\" title=\"Externer Link: \u00a7 113 SGB XI\" class=\"ext-link wpel-icon-right\">\u00a7 113 SGB XI<span class=\"wpel-icon wpel-image wpel-icon-6\"><\/span><\/a>), ist der notwendige ethische Ansatz verfehlt. Dem B\u00fcrger helfen keine Geldt\u00f6pfe. Leistungsentgelte werden ohne Zutun der Betroffen kreiert, oft gegen sie verwandt. \u00a0<strong>Wir brauchen eine breite Diskussion aller Beteiligten unter Beachtung von SGB V, SGB IX, SGB XI. <\/strong>Nicht Technik ist das Ma\u00df des Wohlbefindens. Technik muss wieder untergeordnetes Hilfsmittel werden. An der Finanzierung der Daseinsvorsorge m\u00fcssen sich prozentual alle B\u00fcrger ohne Begrenzung beteiligen. Warum nicht in der \u201e<strong>Kommunalen Konferenz Alter und Pflege<\/strong>\u201c den Anfang wagen.\u00a0<\/p>\n<h2><strong>Bayrische Initiative zur Leiharbeit<\/strong><\/h2>\n<p>Am 16. Juni hat der Bundesrat die Initiative, <a href=\"https:\/\/www.bundesrat.de\/SharedDocs\/beratungsvorgaenge\/2023\/0201-0300\/0214-23.html\" data-wpel-link=\"external\" target=\"_self\" rel=\"nofollow external noopener noreferrer\" title=\"Externer Link: die Drucksachen\" class=\"ext-link wpel-icon-right\">die Drucksachen<span class=\"wpel-icon wpel-image wpel-icon-6\"><\/span><\/a>, behandelt. Die Pflegekr\u00e4fte erhalten in Leiharbeitsfirmen bessere Arbeitsbedingungen. Das Land will die kleinen Pflegeeinrichtungen und Krankenh\u00e4user durch entsprechende Springerpools entlasten. Die Rede des bayrischen Gesundheitsministers Holetscheck im Bundesrat <a href=\"https:\/\/www.bundesrat.de\/DE\/service\/mediathek\/mediathek-node.html?cms_id=0_o79b2s1w\" data-wpel-link=\"external\" target=\"_self\" rel=\"nofollow external noopener noreferrer\" title=\"Externer Link: ist h\u00f6renswert\" class=\"ext-link wpel-icon-right\">ist h\u00f6renswert<span class=\"wpel-icon wpel-image wpel-icon-6\"><\/span><\/a>. \u00a0Die Beratungen in den Aussch\u00fcssen erfolgten vom 22.- 23.6.23 auch der Entwurf eines Gesetzes zur St\u00e4rkung der hochschulischen Pflegeausbildung, zu Erleichterungen bei der Anerkennung ausl\u00e4ndischer Abschl\u00fcsse in der Pflege und zur \u00c4nderung weiterer Vorschriften (<a href=\"https:\/\/www.bundesrat.de\/SharedDocs\/drucksachen\/2023\/0201-0300\/225-23.pdf\" class=\"mtli_attachment mtli_pdf ext-link wpel-icon-right\" data-wpel-link=\"external\" target=\"_self\" rel=\"nofollow external noopener noreferrer\" title=\"Externer Link: Pflegestudiumst\u00e4rkungsgesetz\">Pflegestudiumst\u00e4rkungsgesetz<span class=\"wpel-icon wpel-image wpel-icon-6\"><\/span><\/a> &#8211; PflStudStG) Mangels einer ausk\u00f6mmlichen Finanzierung des praktischen Teils der hochschulischen Pflegeausbildung kann das vorhandene Potential an Pflegestudierenden derzeit nicht umfassend genutzt werden. J\u00e4hrliche Mehrkosten sollen f\u00fcr die Ausbildung zahlen,<strong> die Krankenkassen 40 Mio. \u20ac, die Pflegekassen 3 Mio. und keinen \u00a0\u20acuro zahlen <u>die beg\u00fcnstigten Einrichtungstr\u00e4ger<\/u>. <\/strong>\u00a0Wir werden den Fortgang beobachten.<\/p>\n<p><em>\u00a0<\/em><\/p>\n","protected":false},"excerpt":{"rendered":"<p>Juli News, f\u00fcr Sie als Hintergrundinformation zusammengestellt: Wie sicher sind Pflegebed\u00fcrftige in Einrichtungen in der Nacht Pflegeunterst\u00fctzungsgeld in der H\u00e4uslichkeit Neue Perspektiven f\u00fcr die Gesundheitswirtschaft Bayrische Initiative zur Leiharbeit __________________________________________ Wie sicher sind Pflegebed\u00fcrftige in Einrichtungen in der Nacht Angeh\u00f6rige, Bewohner \u00e4rgern sich \u00fcber fehlende Versorgung, doch eine Beschwerde wird gescheut. Eine Ausarbeitung der Regelungen&hellip; <a class=\"continue\" href=\"https:\/\/unser-quartier.de\/oberhausen\/2023\/07\/news-6\/sraebiger\/\" data-wpel-link=\"internal\"> \u00bb weiterlesen: <span> News<\/span><\/a><\/p>\n","protected":false},"author":612,"featured_media":14082,"comment_status":"open","ping_status":"closed","sticky":false,"template":"","format":"standard","meta":{"_monsterinsights_skip_tracking":false,"_monsterinsights_sitenote_active":false,"_monsterinsights_sitenote_note":"","_monsterinsights_sitenote_category":0,"generate_page_header":"","footnotes":""},"categories":[1,1122,5,2695,4],"tags":[583,3346,1866,3348,3349,3347,340,243,1487,325],"class_list":["post-16283","post","type-post","status-publish","format-standard","has-post-thumbnail","hentry","category-dies-und-das","category-ernaehrung-hygiene","category-recht","category-seniorenbeirat","category-unterstuetzung","tag-bundesrat","tag-krankenhausreform","tag-leiharbeit","tag-nachtpflege","tag-pflege-online","tag-pflegestudium","tag-pflegeunterstuetzungsgeld","tag-qualitaet","tag-sicherheit","tag-wtg"],"_links":{"self":[{"href":"https:\/\/unser-quartier.de\/oberhausen\/wp-json\/wp\/v2\/posts\/16283","targetHints":{"allow":["GET"]}}],"collection":[{"href":"https:\/\/unser-quartier.de\/oberhausen\/wp-json\/wp\/v2\/posts"}],"about":[{"href":"https:\/\/unser-quartier.de\/oberhausen\/wp-json\/wp\/v2\/types\/post"}],"author":[{"embeddable":true,"href":"https:\/\/unser-quartier.de\/oberhausen\/wp-json\/wp\/v2\/users\/612"}],"replies":[{"embeddable":true,"href":"https:\/\/unser-quartier.de\/oberhausen\/wp-json\/wp\/v2\/comments?post=16283"}],"version-history":[{"count":3,"href":"https:\/\/unser-quartier.de\/oberhausen\/wp-json\/wp\/v2\/posts\/16283\/revisions"}],"predecessor-version":[{"id":16308,"href":"https:\/\/unser-quartier.de\/oberhausen\/wp-json\/wp\/v2\/posts\/16283\/revisions\/16308"}],"wp:featuredmedia":[{"embeddable":true,"href":"https:\/\/unser-quartier.de\/oberhausen\/wp-json\/wp\/v2\/media\/14082"}],"wp:attachment":[{"href":"https:\/\/unser-quartier.de\/oberhausen\/wp-json\/wp\/v2\/media?parent=16283"}],"wp:term":[{"taxonomy":"category","embeddable":true,"href":"https:\/\/unser-quartier.de\/oberhausen\/wp-json\/wp\/v2\/categories?post=16283"},{"taxonomy":"post_tag","embeddable":true,"href":"https:\/\/unser-quartier.de\/oberhausen\/wp-json\/wp\/v2\/tags?post=16283"}],"curies":[{"name":"wp","href":"https:\/\/api.w.org\/{rel}","templated":true}]}}