{"id":16386,"date":"2023-07-18T11:09:56","date_gmt":"2023-07-18T09:09:56","guid":{"rendered":"https:\/\/unser-quartier.de\/oberhausen\/?p=16386"},"modified":"2023-07-18T11:16:07","modified_gmt":"2023-07-18T09:16:07","slug":"die-oekonomische-vernunft-der-solidaritaet","status":"publish","type":"post","link":"https:\/\/unser-quartier.de\/oberhausen\/2023\/07\/die-oekonomische-vernunft-der-solidaritaet\/sraebiger\/","title":{"rendered":"Die \u00f6konomische Vernunft der Solidarit\u00e4t"},"content":{"rendered":"<blockquote>\n<p><strong>Perspektiven einer demokratischen Sozialpolitik<\/strong><\/p>\n<\/blockquote>\n<p>Ein notwendiges Buch zur aktuellen Diskussion der Rentensicherung. Wem Lindners <a href=\"https:\/\/www.deutschlandfunk.de\/-rente-altersvorsorge-aktienrente-christian-lindner-fdp-risiken-kritik-100.html\" target=\"_blank\" rel=\"noopener nofollow external noreferrer\" data-wpel-link=\"external\" title=\"Externer Link: Aktiensparfond\" class=\"ext-link wpel-icon-right\">Aktiensparfond<span class=\"wpel-icon wpel-image wpel-icon-6\"><\/span><\/a> in jedem Fall zum Gewinn verhilft, kann der Leser fundiert beantworten. In der \u00e4lterwerdenden, sich ver\u00e4nderten globalen Gesellschaft reicht es nicht, die Rente kurzfristig zu stabilisieren. Es bedarf einer <a href=\"https:\/\/www.dgb.de\/rente\/++co++91327056-9348-11ed-b85f-001a4a160123\" target=\"_blank\" rel=\"noopener nofollow external noreferrer\" data-wpel-link=\"external\" title=\"Externer Link: breiten Diskussion\" class=\"ext-link wpel-icon-right\">breiten Diskussion<span class=\"wpel-icon wpel-image wpel-icon-6\"><\/span><\/a> unter Einbeziehung der B\u00fcrger. Parteien brauchen Akzeptanz, um die Gesellschaft zu befrieden. Im Buch werden die Zusammenh\u00e4nge in der Sozialpolitik verst\u00e4ndlich dargestellt.<\/p>\n<h2><strong>Die Brisanz<\/strong><\/h2>\n<p>Politiker und \u00d6konomen sehen im Sozialstaat nur einen Kostenfaktor. Aktuell geistert die Zahl 40,8 % der Arbeitskosten als Sozialkosten durch die Medien. Nicht gesagt wird, dass die Arbeitnehmer \u00fcber die H\u00e4lfte von Ihrem Bruttogehalt zahlen und dass durch die Bemessungsgrenze von derzeit 7.100 \u20ac nicht alle daran gleicherma\u00dfen beteiligt werden. Das Sozial-Budget des Arbeits- und Sozialministers im Bundeshaushalt, ist knapp ein Drittel des Bundeshaushaltes.\u00a0Verschwiegen wird dabei, nur 1\/3 wird vom Staat \u00fcber Steuern aufgebracht, die <strong>\u00fcbrigen 2\/3 von den sozialversicherten Besch\u00e4ftigten<\/strong>.<\/p>\n<p>Die \u00f6konomischen Aufbereitungen des Sozialstaats passen in die Argumentationswelt des\u00a0 Neoliberalismus, der alle sozialen und \u00f6konomischen Beziehungen in seine Kosten-Nutzen-Relationen presst und gegen den Staat gelten l\u00e4sst.<\/p>\n<p>Der Autor\u00a0Hartmut Reiners\u00a0ist ein ausgewiesener Fachmann auf dem Felde des Gesundheitswesens. Die Gesundheitspolitik hat sein Berufsleben gepr\u00e4gt, zun\u00e4chst als Wissenschaftler bei der AOK, dann Jahrzehnte lang als Ministerialbeamter in NRW und Brandenburg.<\/p>\n<h2><strong>Aufbau und Stil<\/strong><\/h2>\n<p>Sowohl in der Form als auch nach dem Stil ist das Buch eine wissenschaftliche Abhandlung. F\u00fcr unge\u00fcbte Leser verst\u00e4ndlich geschrieben. Es ist in sieben Kapiteln mit entsprechenden Untertiteln gegliedert:<\/p>\n<ol>\n<li>Die \u00d6konomie und der Sozialstaat<\/li>\n<li>Sozialpolitik und soziale Gerechtigkeit<\/li>\n<li>Die Revision des Sozialstaates<\/li>\n<li>Risiko Arbeitslosigkeit<\/li>\n<li>Soziale Sicherheit im Alter<\/li>\n<li>Die Krankenversicherung; Privat oder Kasse?<\/li>\n<li>Risiko Pflegebed\u00fcrftigkeit<\/li>\n<\/ol>\n<p><strong>Ausblick:<\/strong> Wer soll das bezahlen?<\/p>\n<p>Hier ein Auszug (Kapitel 5.5) Seite 176<\/p>\n<div class=\"wp-block-image\"><img loading=\"lazy\" decoding=\"async\" class=\"alignleft wp-image-15318 size-thumbnail\" src=\"https:\/\/unser-quartier.de\/oberhausen\/files\/2022\/09\/Frage-150x151.jpg\" alt=\"\" width=\"150\" height=\"151\" srcset=\"https:\/\/unser-quartier.de\/oberhausen\/files\/2022\/09\/Frage-150x151.jpg 150w, https:\/\/unser-quartier.de\/oberhausen\/files\/2022\/09\/Frage.jpg 220w\" sizes=\"auto, (max-width: 150px) 100vw, 150px\" \/><\/div>\n<p>&#8222;Die Pensionsfonds in den Niederlanden haben einen Kapitalstock von \u00fcber 800 Milliarden Euro und sind damit, gemessen am BIP, das gr\u00f6\u00dfte kapitalgedeckte Pensionssystem der Welt. 2020 wanderten neun Milliarden Euro, das sind <strong>29 Prozent<\/strong> der ausgezahlten Renten, <strong>als Verwaltungs- und Anlagegeb\u00fchren an globale Verm\u00f6gensfonds wie Blackrock und Vanguard.<\/strong> Rund um dieses Rentensystem hat sich eine eigene provisionstr\u00e4chtige Beratungs- und Agenturbranche gebildet.&#8220;<\/p>\n<p>Das Ende bildet ein umfassendes Literaturverzeichnis. Zum Nacharbeiten und Nachschlagen hilft das Stichwortverzeichnis.<\/p>\n<h2><strong>Zusammenfassung<\/strong><\/h2>\n<p>Die Privatisierung der abgesicherten sozialen Risiken ist nicht nur aus sozialer, sondern auch aus \u00f6konomischer Perspektive gesellschaftlich sch\u00e4dlich.<\/p>\n<p>Auch wer in einigen Punkten eine andere Ansicht als der Autor vertritt, wird einr\u00e4umen, dass das Buch durch die Hintergrundinformationen und der aufgezeigten Zusammenh\u00e4nge einen wichtigen Beitrag zur besseren Informiertheit und damit zu einer h\u00f6heren Sachlichkeit der \u00f6ffentlichen Debatte darstellt. In der aktuellen Umgestaltung der Sozialpolitik werden Perspektiven aufgezeigt. Das Buch ist ein notwendiger Einstieg in die laufende Diskussion f\u00fcr jeden.<\/p>\n<p>Reiners, Hartmut: <strong><a href=\"https:\/\/mediashop.at\/buecher\/die-oekonomische-vernunft-der-solidaritaet\/\" target=\"_blank\" rel=\"noopener nofollow external noreferrer\" data-wpel-link=\"external\" title=\"Externer Link: Die \u00f6konomische Vernunft der Solidarit\u00e4t\" class=\"ext-link wpel-icon-right\">Die \u00f6konomische Vernunft der Solidarit\u00e4t<span class=\"wpel-icon wpel-image wpel-icon-6\"><\/span><\/a>.<\/strong><br \/>\nPerspektiven einer demokratischen Sozialpolitik<br \/>\nPromediaverlag 2023. 272 S. 10,7 x 17,5. broschiert<br \/>\nPrint: \u20ac 23,00. ISBN: 978-3-85371-516-1.<br \/>\nE-Book: \u20ac 18,99. ISBN: 978-3-85371-909-1.<\/p>\n","protected":false},"excerpt":{"rendered":"<p>Perspektiven einer demokratischen Sozialpolitik Ein notwendiges Buch zur aktuellen Diskussion der Rentensicherung. Wem Lindners Aktiensparfond in jedem Fall zum Gewinn verhilft, kann der Leser fundiert beantworten. In der \u00e4lterwerdenden, sich ver\u00e4nderten globalen Gesellschaft reicht es nicht, die Rente kurzfristig zu stabilisieren. Es bedarf einer breiten Diskussion unter Einbeziehung der B\u00fcrger. Parteien brauchen Akzeptanz, um die&hellip; <a class=\"continue\" href=\"https:\/\/unser-quartier.de\/oberhausen\/2023\/07\/die-oekonomische-vernunft-der-solidaritaet\/sraebiger\/\" data-wpel-link=\"internal\"> \u00bb weiterlesen: <span> Die \u00f6konomische Vernunft der Solidarit\u00e4t<\/span><\/a><\/p>\n","protected":false},"author":612,"featured_media":16385,"comment_status":"open","ping_status":"closed","sticky":false,"template":"","format":"standard","meta":{"_monsterinsights_skip_tracking":false,"_monsterinsights_sitenote_active":false,"_monsterinsights_sitenote_note":"","_monsterinsights_sitenote_category":0,"generate_page_header":"","footnotes":""},"categories":[1,5],"tags":[1595,3378,3377,3376,3375,2805,3379,3374,1158],"class_list":["post-16386","post","type-post","status-publish","format-standard","has-post-thumbnail","hentry","category-dies-und-das","category-recht","tag-blackrock","tag-dgb-position","tag-hartmut-reiners","tag-kosten-nutzen-relation","tag-neoliberalismus","tag-niederlande","tag-oekonomische-vernunft","tag-rentenfond","tag-sozialstaat"],"_links":{"self":[{"href":"https:\/\/unser-quartier.de\/oberhausen\/wp-json\/wp\/v2\/posts\/16386","targetHints":{"allow":["GET"]}}],"collection":[{"href":"https:\/\/unser-quartier.de\/oberhausen\/wp-json\/wp\/v2\/posts"}],"about":[{"href":"https:\/\/unser-quartier.de\/oberhausen\/wp-json\/wp\/v2\/types\/post"}],"author":[{"embeddable":true,"href":"https:\/\/unser-quartier.de\/oberhausen\/wp-json\/wp\/v2\/users\/612"}],"replies":[{"embeddable":true,"href":"https:\/\/unser-quartier.de\/oberhausen\/wp-json\/wp\/v2\/comments?post=16386"}],"version-history":[{"count":3,"href":"https:\/\/unser-quartier.de\/oberhausen\/wp-json\/wp\/v2\/posts\/16386\/revisions"}],"predecessor-version":[{"id":16390,"href":"https:\/\/unser-quartier.de\/oberhausen\/wp-json\/wp\/v2\/posts\/16386\/revisions\/16390"}],"wp:featuredmedia":[{"embeddable":true,"href":"https:\/\/unser-quartier.de\/oberhausen\/wp-json\/wp\/v2\/media\/16385"}],"wp:attachment":[{"href":"https:\/\/unser-quartier.de\/oberhausen\/wp-json\/wp\/v2\/media?parent=16386"}],"wp:term":[{"taxonomy":"category","embeddable":true,"href":"https:\/\/unser-quartier.de\/oberhausen\/wp-json\/wp\/v2\/categories?post=16386"},{"taxonomy":"post_tag","embeddable":true,"href":"https:\/\/unser-quartier.de\/oberhausen\/wp-json\/wp\/v2\/tags?post=16386"}],"curies":[{"name":"wp","href":"https:\/\/api.w.org\/{rel}","templated":true}]}}