{"id":16530,"date":"2023-11-10T11:29:16","date_gmt":"2023-11-10T10:29:16","guid":{"rendered":"https:\/\/unser-quartier.de\/oberhausen\/?p=16530"},"modified":"2023-10-25T14:45:38","modified_gmt":"2023-10-25T12:45:38","slug":"vorbeugender-brandschutz-durch-vernetzte-rauchmelder","status":"publish","type":"post","link":"https:\/\/unser-quartier.de\/oberhausen\/2023\/11\/vorbeugender-brandschutz-durch-vernetzte-rauchmelder\/sraebiger\/","title":{"rendered":"Vorbeugender Brandschutz durch vernetzte Rauchmelder ein Minimum"},"content":{"rendered":"<h2><strong>Rauchfreie Fluchtwege retten Leben von Behinderten, Pflegebed\u00fcrftigen und Senioren?<\/strong><\/h2>\n<blockquote>\n<p><strong>Rauchmelder <a href=\"https:\/\/rauchmelder-info.de\/rauchmelder-pflicht-nrw\" target=\"_blank\" rel=\"noopener nofollow external noreferrer\" data-wpel-link=\"external\" title=\"Externer Link: sind Pflicht\" class=\"ext-link wpel-icon-right\">sind Pflicht<span class=\"wpel-icon wpel-image wpel-icon-6\"><\/span><\/a>! <\/strong><\/p>\n<ul>\n<li><strong>NUR wenn die Rauchmelder vernetzt sind, werden alle Bewohner rechtzeitig alarmiert. <\/strong><\/li>\n<li><strong>KOMMEN Sie in Sicherheit?<\/strong><\/li>\n<\/ul>\n<\/blockquote>\n<h3><strong>Alarmierende M\u00e4ngel im Brandschutz in Pflegeheimen:<\/strong><\/h3>\n<p>Jede f\u00fcnfte Brandmeldeanlage und jedes vierte Rauchabzugssystem weisen gravierende M\u00e4ngel auf. Der T\u00dcV-Verband warnt in seinem aktuellen Pr\u00fcfbericht vor gef\u00e4hrlichen Sicherheitsl\u00fccken. In den <a href=\"https:\/\/www.tuev-verband.de\/presse\/publikationen\/reporte\/baurechts-report\" target=\"_blank\" rel=\"noopener nofollow external noreferrer\" data-wpel-link=\"external\" title=\"Externer Link: Baurechtsreport 2023\" class=\"ext-link wpel-icon-right\">Baurechtsreport 2023<span class=\"wpel-icon wpel-image wpel-icon-6\"><\/span><\/a> flie\u00dfen die Brandschutzpr\u00fcfungen von fast 70.000 Geb\u00e4uden ein. Bei gut jeder f\u00fcnften Brandmeldeanlage (22%), gut jeder vierten Feuerl\u00f6sch- und Sprinkleranlage (26%), Rauch- und W\u00e4rmeabzugssystem (27%) und gut jeder dritten L\u00fcftungsanlage (35%) wurden &#8222;wesentliche M\u00e4ngel&#8220; festgestellt.\u00a0<\/p>\n<h2><strong>In Wohnungen werden \u00fcber 4,2 Millionen gepflegt <\/strong><\/h2>\n<p>Alle reden von Energieeinsparung und Hausd\u00e4mmung,<strong> wer denkt an die notwendige Sicherheit durch rauchfreie Fluchtwege f\u00fcr Behinderte, Pflegebed\u00fcrftige und Senioren?<\/strong><\/p>\n<p>Was nutzen D\u00e4mmungen, die im Brandfall zur Falle werden. Bei einem Hausbrand kann sich das Feuer vor allem durch <a href=\"https:\/\/www.energie-fachberater.de\/daemmung\/fassadendaemmung\/waermedaemm-verbundsystem-wdvs\/neue-regeln-fuer-brandschutz-bei-fassadendaemmung-aus-styropor.php\" target=\"_blank\" rel=\"noopener nofollow external noreferrer\" data-wpel-link=\"external\" title=\"Externer Link: das D\u00e4mmmaterial\" class=\"ext-link wpel-icon-right\">das D\u00e4mmmaterial<span class=\"wpel-icon wpel-image wpel-icon-6\"><\/span><\/a> rasend schnell auf die gesamte Fassade ausbreiten. Wer denkt da nicht an den <a href=\"https:\/\/www.spiegel.de\/panorama\/essen-grossbrand-zerstoert-wohnblock-a-e92275fe-42b2-490b-b625-c2a8c3eca04c\" target=\"_blank\" rel=\"noopener nofollow external noreferrer\" data-wpel-link=\"external\" title=\"Externer Link: Gro\u00dfbrand 2022\" class=\"ext-link wpel-icon-right\">Gro\u00dfbrand 2022<span class=\"wpel-icon wpel-image wpel-icon-6\"><\/span><\/a> in Essen oder den <a href=\"https:\/\/de.wikipedia.org\/wiki\/Grenfell_Tower\" target=\"_blank\" rel=\"noopener nofollow external noreferrer\" data-wpel-link=\"external\" title=\"Externer Link: Grenfell&lt;strong&gt;\u00a0Tower&lt;\/strong&gt; \" class=\"ext-link wpel-icon-right\">Grenfell<strong>\u00a0Tower<\/strong> <span class=\"wpel-icon wpel-image wpel-icon-6\"><\/span><\/a>in London. Der Brand breitete sich\u00a0 \u00fcber die in 2015\/16 \u00a0neu w\u00e4rmeged\u00e4mmte <a title=\"Externer Link: vorgeh\u00e4ngte hinterl\u00fcftete Fassade\" href=\"https:\/\/de.wikipedia.org\/wiki\/Vorgeh%C3%A4ngte_hinterl%C3%BCftete_Fassade\" data-wpel-link=\"external\" target=\"_self\" rel=\"nofollow external noopener noreferrer\" class=\"ext-link wpel-icon-right\">vorgeh\u00e4ngte hinterl\u00fcftete Fassade<span class=\"wpel-icon wpel-image wpel-icon-6\"><\/span><\/a>\u00a0innerhalb weniger Minuten aus. 72 Menschen kamen dabei ums Leben.<sup id=\"cite_ref-What_happened_6-0\" class=\"reference\"><\/sup><\/p>\n<p>Senioren haben ein doppelt so hohes Risiko bei einem Wohnungsbrand ums Leben zu kommen, wie Menschen anderer Altersgruppen. Laut Statistischem Bundesamt sind 61 Prozent der Brandtoten in Deutschland \u00e4lter als 60 Jahre. <strong>Was nutzt die Wohnungssicherheit, wenn der Fluchtweg versperrt ist.<\/strong><\/p>\n<p>Wer alt ist, ist gebrechlich und behindert, nicht im Sinne des Gesetzes, \u00a7 2 Abs.1 Satz 2 SGB IX. Der notwendige Schutz wird h\u00e4ufig vergessen! In der dunklen Jahreszeit wird viel Strom verbraucht und ist deshalb besonders gef\u00e4hrlich.<\/p>\n<p><strong>Brandursache mit 28 % \u2013 Elektrizit\u00e4t &#8211; Nr. 1<\/strong><\/p>\n<p>Oft sorgen Kurzschl\u00fcsse, \u00dcberhitzung oder ein falscher Anschluss bei solchen Haushaltsgro\u00dfger\u00e4ten f\u00fcr einen\u00a0<a href=\"https:\/\/deutsche-schadenshilfe.de\/brandschaden\/hausbrand-was-zahlt-welche-versicherung\/\" data-wpel-link=\"external\" target=\"_self\" rel=\"nofollow external noopener noreferrer\" title=\"Externer Link: Hausbrand\" class=\"ext-link wpel-icon-right\">Hausbrand<span class=\"wpel-icon wpel-image wpel-icon-6\"><\/span><\/a>. Defekte Kabel und \u00fcberlastete Leitungen k\u00f6nnen sowohl\u00a0<a href=\"https:\/\/deutsche-schadenshilfe.de\/brandschaden\/schmorbrand-schwelbrand-sengschaeden-versicherung\/\" data-wpel-link=\"external\" target=\"_self\" rel=\"nofollow external noopener noreferrer\" title=\"Externer Link: Schwelbr\u00e4nde\" class=\"ext-link wpel-icon-right\">Schwelbr\u00e4nde<span class=\"wpel-icon wpel-image wpel-icon-6\"><\/span><\/a> als auch offenes Feuer f\u00f6rdern. Ein Essen, ein B\u00fcgeleisen, das \u201cvergessen\u201d worden ist, kann ebenso einen Brand verursachen wie eine Duftkerze, ein Teelicht, gl\u00fchende Zigaretten oder ein K\u00fchlschrank.<\/p>\n<p><strong>Etwa 50% aller Wohnungsbr\u00e4nde beginnen in der K\u00fcche \u2013 ein Gro\u00dfteil davon am Herd, wenn zum Beispiel das Essen auf dem Herd vergessen wird. <\/strong><\/p>\n<p><strong>Der Herdw\u00e4chter<\/strong> sorgt f\u00fcr einen sicheren Umgang mit dem Herd auch im hohen Alter. Damit tr\u00e4gt er dazu bei, dass Betroffene m\u00f6glichst lange zuhause wohnen bleiben k\u00f6nnen. Ab sofort k\u00f6nnen <strong>Personen, die in einen Pflegegrad eingestuft wurden, einen Herdw\u00e4chter bei ihrer Pflegekasse beantragen<\/strong> (Pflegehilfsmittel-Nr.: 52.40.03.3001).<\/p>\n<p>Die Tagepresse schreibt \u00f6rtlich von den Vorkommissen, ein Bewusstsein der Gefahr kann sich \u00fcber\u00f6rtlich und allgemein nicht bilden. Es hat Methode, Deutschland ist Entwicklungsland in Sachen Statistik bei Senioren und\u00a0 Brandschutz.\u00a0 Die Vorreiter in der Erhebung und Erfassung sind die USA und Gro\u00dfbritannien. Ein einheitliches Meldesystem der Feuerwehren in Deutschland an eine einzige Erhebungsstelle existiert nicht. Statistiken \u00fcber Senioren und Pflege werden alle zwei Jahre verz\u00f6gert vorgelegt, im November 2023\u00a0 wird oft noch mit Daten aus 2019 argumentiert.<\/p>\n<p>Vom 01. Januar bis 31. Dezember 2022 wurden die \u00f6ffentlichen Feuerwehren (das sind die Berufsfeuerwehren und die Freiwillige Feuerwehren) in Nordrhein-Westfalen zur Bek\u00e4mpfung von insgesamt 54.838 Br\u00e4nden und Explosionen eingesetzt. Drei Objekte werden genannt:<\/p>\n<ul>\n<li>27,38 % der Br\u00e4nde entstanden in Wohn- und Hochh\u00e4usern = 15.000 allein in NRW oder t\u00e4glich \u00fcber 40 Brandeins\u00e4tze im Land.<\/li>\n<li>5,29 % in Beherbergungs-, Pflege- und Betreuungseinrichtungen,<\/li>\n<li>33,05 % waren sonstige Brandstellen.<\/li>\n<\/ul>\n<p>F\u00fcr Wohnh\u00e4user zum Schutz von Menschenleben ist bisher keine vorbeugende Brandschutzbegehung vorgesehen. <strong>In jedem dritten Haushalt lebt eine \u00fcber 65j\u00e4hrige Person.<\/strong> Rund 6,0 Millionen Menschen ab 65 Jahren wohnten im Jahr 2022 in Hauptwohnsitzhaushalten allein, das war gut jede dritte Person (34 %) in dieser Altersgruppe. Die Vermieter beachten den notwendigen Brandschutz im Sinne von Behinderten und Senioren selten, wenn \u00fcberhaupt.\u00a0<\/p>\n<p><strong>Ist die Sicherheit des Treppenhauses<\/strong> f\u00fcr den Brandfall gegeben? <strong>Mieter sollten<\/strong> ihr Leben Sch\u00fctzen und kritisch <strong>pr\u00fcfen. <\/strong>Schnell kann es einen K\u00fcchenbrand oder eine Brand durch elektrischen Defekt gerade in der Kalten Jahreszeit geben.<\/p>\n<ul>\n<li>Ist ein Rauchabzug an der obersten Stelle gegeben,<\/li>\n<li>wird im Brandfall\n<ul>\n<li>der Rauchabzug und<\/li>\n<li>die Haust\u00fcre automatisch ge\u00f6ffnet oder ein Gebl\u00e4se in Betrieb genommen.<\/li>\n<\/ul>\n<\/li>\n<\/ul>\n<p>In Mehrfamilienh\u00e4usern ist eine <strong>zentrale Alarmierung(-einrichtung)<\/strong> notwendig, eine Vernetzung der Rauchmelder; nur so werden alle Mieter rechtzeitig alarmiert. <strong>Die Bauordnungen sind zu erg\u00e4nzen.<\/strong><\/p>\n<p>In \u00d6sterreich oder der Schweiz sind\u00a0<strong><a href=\"http:\/\/www.secupedia.info\/wiki\/Druckbel%C3%BCftung\" data-wpel-link=\"external\" target=\"_self\" rel=\"nofollow external noopener noreferrer\" title=\"Externer Link: Druckbel\u00fcftungsanlagen\" class=\"ext-link wpel-icon-right\">Druckbel\u00fcftungsanlagen<span class=\"wpel-icon wpel-image wpel-icon-6\"><\/span><\/a><\/strong>, zertifiziert nach DIN EN 12101-6,\u00a0f\u00fcr H\u00e4user mit mehr als 4 Etagen vorgeschrieben, damit wird das Treppenhaus als Fluchtweg rauchfrei gehalten.<\/p>\n<h2><a href=\"https:\/\/unser-quartier.de\/oberhausen\/2017\/10\/spuernasen-riechen-keinen-rauch-im-schlaf\/\" data-wpel-link=\"internal\">Sp\u00fcrnasen riechen keinen Rauch im Schlaf<\/a><\/h2>\n<p>Siehe auch:<\/p>\n<p><strong><a href=\"https:\/\/unser-quartier.de\/oberhausen\/2020\/12\/haeusliche-pflege-und-unterstuetzung\/\" data-wpel-link=\"internal\">H\u00e4usliche Pflege und Unterst\u00fctzung<\/a><\/strong><\/p>\n<p><strong>***********************<\/strong><\/p>\n<p><strong>Diskutieren Sie mit uns oder Gleichgesinnten; <\/strong>Stillstand ist R\u00fcckschritt. Geben Sie uns eine bitte R\u00fcckmeldung, wenn Sie an der Fortsetzung der Beitr\u00e4ge oder an bestimmten Schwerpunkten interessiert sind oder haben Sie eine <strong>Bildungsveranstaltung gefunden<\/strong>, die sich mit dem Thema besch\u00e4ftigt.<\/p>\n<p>Hat Ihnen der Beitrag gefallen sagen Sie es weiter, Anregungen und Ihre Mitarbeit nehme wir gerne auf. Wollen Sie keinen neuen Beitrag verpassen, nutzen Sie den Service des anonymen<a href=\"https:\/\/unser-quartier.de\/oberhausen\/service\/newsletter\/\" data-wpel-link=\"internal\">, kostenlosen Newsletter<\/a>. <strong>Ihre E-Mail und die Best\u00e4tigung reichen aus.<\/strong><\/p>\n","protected":false},"excerpt":{"rendered":"<p>Rauchfreie Fluchtwege retten Leben von Behinderten, Pflegebed\u00fcrftigen und Senioren? Rauchmelder sind Pflicht! NUR wenn die Rauchmelder vernetzt sind, werden alle Bewohner rechtzeitig alarmiert. KOMMEN Sie in Sicherheit? Alarmierende M\u00e4ngel im Brandschutz in Pflegeheimen: Jede f\u00fcnfte Brandmeldeanlage und jedes vierte Rauchabzugssystem weisen gravierende M\u00e4ngel auf. Der T\u00dcV-Verband warnt in seinem aktuellen Pr\u00fcfbericht vor gef\u00e4hrlichen Sicherheitsl\u00fccken. In&hellip; <a class=\"continue\" href=\"https:\/\/unser-quartier.de\/oberhausen\/2023\/11\/vorbeugender-brandschutz-durch-vernetzte-rauchmelder\/sraebiger\/\" data-wpel-link=\"internal\"> \u00bb weiterlesen: <span> Vorbeugender Brandschutz durch vernetzte Rauchmelder ein Minimum<\/span><\/a><\/p>\n","protected":false},"author":612,"featured_media":1759,"comment_status":"open","ping_status":"closed","sticky":false,"template":"","format":"standard","meta":{"_monsterinsights_skip_tracking":false,"_monsterinsights_sitenote_active":false,"_monsterinsights_sitenote_note":"","_monsterinsights_sitenote_category":0,"generate_page_header":"","footnotes":""},"categories":[1,5,4,38],"tags":[3491,3493,1931,3461,3457,3458,132,1436,3492,3455,1497,752,3454,3453,3456,138,128],"class_list":["post-16530","post","type-post","status-publish","format-standard","has-post-thumbnail","hentry","category-dies-und-das","category-recht","category-unterstuetzung","category-wohnen","tag-bauordnung","tag-baurechtsreport-2023","tag-behinderte","tag-braende-2022-in-nrw","tag-brandursache","tag-elektrizitaet","tag-fluchtweg","tag-herdwaechter","tag-maengel","tag-melder","tag-pflegebeduerftige","tag-pflegehilfsmittel","tag-rauch","tag-schlaf","tag-treppenhaus","tag-vernetzen","tag-vernetzung"],"_links":{"self":[{"href":"https:\/\/unser-quartier.de\/oberhausen\/wp-json\/wp\/v2\/posts\/16530","targetHints":{"allow":["GET"]}}],"collection":[{"href":"https:\/\/unser-quartier.de\/oberhausen\/wp-json\/wp\/v2\/posts"}],"about":[{"href":"https:\/\/unser-quartier.de\/oberhausen\/wp-json\/wp\/v2\/types\/post"}],"author":[{"embeddable":true,"href":"https:\/\/unser-quartier.de\/oberhausen\/wp-json\/wp\/v2\/users\/612"}],"replies":[{"embeddable":true,"href":"https:\/\/unser-quartier.de\/oberhausen\/wp-json\/wp\/v2\/comments?post=16530"}],"version-history":[{"count":3,"href":"https:\/\/unser-quartier.de\/oberhausen\/wp-json\/wp\/v2\/posts\/16530\/revisions"}],"predecessor-version":[{"id":16671,"href":"https:\/\/unser-quartier.de\/oberhausen\/wp-json\/wp\/v2\/posts\/16530\/revisions\/16671"}],"wp:featuredmedia":[{"embeddable":true,"href":"https:\/\/unser-quartier.de\/oberhausen\/wp-json\/wp\/v2\/media\/1759"}],"wp:attachment":[{"href":"https:\/\/unser-quartier.de\/oberhausen\/wp-json\/wp\/v2\/media?parent=16530"}],"wp:term":[{"taxonomy":"category","embeddable":true,"href":"https:\/\/unser-quartier.de\/oberhausen\/wp-json\/wp\/v2\/categories?post=16530"},{"taxonomy":"post_tag","embeddable":true,"href":"https:\/\/unser-quartier.de\/oberhausen\/wp-json\/wp\/v2\/tags?post=16530"}],"curies":[{"name":"wp","href":"https:\/\/api.w.org\/{rel}","templated":true}]}}