{"id":17874,"date":"2024-03-01T11:11:10","date_gmt":"2024-03-01T10:11:10","guid":{"rendered":"https:\/\/unser-quartier.de\/oberhausen\/?p=17874"},"modified":"2024-02-29T20:28:49","modified_gmt":"2024-02-29T19:28:49","slug":"februar-2024","status":"publish","type":"post","link":"https:\/\/unser-quartier.de\/oberhausen\/2024\/03\/februar-2024\/sraebiger\/","title":{"rendered":"M\u00e4rz 2024"},"content":{"rendered":"<blockquote>\n<div class=\"wp-block-image\"><img loading=\"lazy\" decoding=\"async\" class=\"wpa-warning wpa-image-missing-alt alignleft wp-image-16049\" src=\"https:\/\/unser-quartier.de\/oberhausen\/files\/2023\/04\/Hase-pixa-300x200.jpg\" alt=\"\" width=\"100\" height=\"67\" data-warning=\"Missing alt text\" srcset=\"https:\/\/unser-quartier.de\/oberhausen\/files\/2023\/04\/Hase-pixa-300x200.jpg 300w, https:\/\/unser-quartier.de\/oberhausen\/files\/2023\/04\/Hase-pixa-1024x682.jpg 1024w, https:\/\/unser-quartier.de\/oberhausen\/files\/2023\/04\/Hase-pixa-150x100.jpg 150w, https:\/\/unser-quartier.de\/oberhausen\/files\/2023\/04\/Hase-pixa-768x511.jpg 768w, https:\/\/unser-quartier.de\/oberhausen\/files\/2023\/04\/Hase-pixa-600x400.jpg 600w, https:\/\/unser-quartier.de\/oberhausen\/files\/2023\/04\/Hase-pixa-272x182.jpg 272w, https:\/\/unser-quartier.de\/oberhausen\/files\/2023\/04\/Hase-pixa.jpg 1200w\" sizes=\"auto, (max-width: 100px) 100vw, 100px\" \/><\/div>\n<h2><strong>Ostern ist dieses Jahr schon im M\u00e4rz, <\/strong><\/h2>\n<h2><strong>unsere Ostereier<\/strong><\/h2>\n<\/blockquote>\n<p># Alzheimer-Modellprojekt, # Beratungspflicht bei reinem Pflegegeld, #Beschwerden zu Rufnummernmissbrauch, # Einsame Senioren landen im Krankenhaus, # Fake-shop-Finder, # Gemeinsame Ministerialblatt frei zug\u00e4nglich, # Online-Abos m\u00fcssen ohne Login k\u00fcndbar sein, # K\u00fcnstliche Intelligenz im Alltag, # Lachtelefon, #Pflegeausbildung, # Privatsph\u00e4re im Internet, # ENP (European Nursing care Pathways), #Zusch\u00fcsse f\u00fcr &#8222;Altersgerecht Umbauen&#8220; wieder verf\u00fcgbar<\/p>\n<p><strong>O &#8211; s &#8211; t &#8211; e &#8211; r &#8211; n\u00a0 ***** O &#8211; s &#8211; t &#8211; e &#8211; r &#8211; n<br \/>\n<\/strong><\/p>\n<h2><strong>Alzheimer-Modellprojekt<\/strong><\/h2>\n<p>Frankreich: <a href=\"https:\/\/www.zdf.de\/nachrichten\/panorama\/frankreich-dorf-landais-alzheimer-modell-projekt-100.html\" target=\"_blank\" rel=\"noopener nofollow external noreferrer\" data-wpel-link=\"external\" title=\"Externer Link: Gut leben mit Demenz\" class=\"ext-link wpel-icon-right\">Gut leben mit Demenz<span class=\"wpel-icon wpel-image wpel-icon-6\"><\/span><\/a>. In S\u00fcdfrankreich wird wieder getestet, wie man Alzheimererkrankten ein w\u00fcrdevolles Leben erm\u00f6glichen kann. Dies ist nicht neu. <em>78 lokalen Projekten <\/em>hat die Robert-Bosch-Stiftung gef\u00f6rdert: Im Leben bleiben \u2013 Unterwegs zu Demenzfreundlichen Kommunen. Das\u00a0 Wissen ist vorhanden. Die Investoren\/Betreiber interessiert F\u00f6rdergeld, nicht Nachhaltigkeit, nicht der Mensch. Seniorenvertretungen, wir alle, sind gefordert.<\/p>\n<figure id=\"attachment_9175\" aria-describedby=\"caption-attachment-9175\" style=\"width: 140px\" class=\"wp-caption alignleft\"><img loading=\"lazy\" decoding=\"async\" class=\"wp-image-9175 size-thumbnail\" src=\"https:\/\/unser-quartier.de\/oberhausen\/files\/2019\/05\/dementia-3051832_1920-Gerd-Altmann-150x78.jpg\" alt=\"ein \u00e4lterer Mann vor dem blauen Himmel seine Gedanken entschwinden wie Puzzles\" width=\"150\" height=\"78\" srcset=\"https:\/\/unser-quartier.de\/oberhausen\/files\/2019\/05\/dementia-3051832_1920-Gerd-Altmann-150x78.jpg 150w, https:\/\/unser-quartier.de\/oberhausen\/files\/2019\/05\/dementia-3051832_1920-Gerd-Altmann-300x157.jpg 300w, https:\/\/unser-quartier.de\/oberhausen\/files\/2019\/05\/dementia-3051832_1920-Gerd-Altmann-768x401.jpg 768w, https:\/\/unser-quartier.de\/oberhausen\/files\/2019\/05\/dementia-3051832_1920-Gerd-Altmann-1024x534.jpg 1024w, https:\/\/unser-quartier.de\/oberhausen\/files\/2019\/05\/dementia-3051832_1920-Gerd-Altmann.jpg 1200w\" sizes=\"auto, (max-width: 150px) 100vw, 150px\" \/><figcaption id=\"caption-attachment-9175\" class=\"wp-caption-text\">Das Ged\u00e4chtnis schwindet<\/figcaption><\/figure>\n<p><strong><em>\u201eIm Leben bleiben \u2013 Unterwegs zu Demenzfreundlichen Kommunen\u201c<\/em><\/strong><em> im transcript Verlag erschienen. Die drei Autoren \u2013 eng vertraut mit dem Thema und dem Programm \u2013 zeigen Suchbewegungen, Stolpersteine und erste L\u00f6sungsans\u00e4tze auf.<\/em><\/p>\n<p>Weitere Informationen zur Ver\u00f6ffentlichung und <strong>das PDF<\/strong> finden Sie unter www.transcript-verlag.de\/978-3-8376-2996-5\/im-leben-bleiben.<\/p>\n<h2><strong>Beratungspflicht bei reinem Pflegegeld<\/strong><\/h2>\n<p><strong>Fristen nicht verpassen!<\/strong> F\u00fcr die Pflegeberatung bei alleinigem Bezug von Pflegegeld droht bei Nichteinhaltung K\u00fcrzung bis 50%. Finden Sie rechtzeitig den Pflegedienst zur Begutachtung. Dokumentieren Sie Ihr Bem\u00fchen.\u00a0 Gek\u00fcrzt wird die Leistung anschlie\u00dfend zum 1. des auf die Mitteilung folgenden Monats. <strong>Fordern Sie vorher die Pflegekasse um Hilfe.<\/strong><\/p>\n<table>\n<tbody>\n<tr>\n<td width=\"94\">\n<p><strong>Pflegegrad<\/strong><\/p>\n<\/td>\n<td width=\"104\">\n<p><strong>1. Besuch<\/strong><\/p>\n<\/td>\n<td width=\"104\">\n<p><strong>2. Besuch<\/strong><\/p>\n<\/td>\n<td width=\"95\">\n<p><strong>3. Besuch<\/strong><\/p>\n<\/td>\n<td width=\"113\">\n<p><strong>4. Besuch<\/strong><\/p>\n<\/td>\n<\/tr>\n<tr>\n<td width=\"94\">\n<p>Pflegegrad 2<\/p>\n<\/td>\n<td width=\"104\">\n<p>1. Januar bis 30. Juni<\/p>\n<\/td>\n<td width=\"104\">\n<p>1. Juli bis 31. Dezember<\/p>\n<\/td>\n<td width=\"95\">\u00a0<\/td>\n<td width=\"113\">\u00a0<\/td>\n<\/tr>\n<tr>\n<td width=\"94\">\n<p>Pflegegrad 3<\/p>\n<\/td>\n<td width=\"104\">\n<p>1. Januar bis 30. Juni<\/p>\n<\/td>\n<td width=\"104\">\n<p>1. Juli bis 31. Dezember<\/p>\n<\/td>\n<td width=\"95\">\u00a0<\/td>\n<td width=\"113\">\u00a0<\/td>\n<\/tr>\n<tr>\n<td width=\"94\">\n<p>Pflegegrad 4<\/p>\n<\/td>\n<td width=\"104\">\n<p>1. Januar bis 31. M\u00e4rz<\/p>\n<\/td>\n<td width=\"104\">\n<p>1. April bis 30. Juni<\/p>\n<\/td>\n<td width=\"95\">\n<p>1. Juli bis 30. September<\/p>\n<\/td>\n<td width=\"113\">\n<p>1. Oktober bis 31. Dezember<\/p>\n<\/td>\n<\/tr>\n<tr>\n<td width=\"94\">\n<p>Pflegegrad 5<\/p>\n<\/td>\n<td width=\"104\">\n<p>1. Januar bis 31. M\u00e4rz<\/p>\n<\/td>\n<td width=\"104\">\n<p>1. April bis 30. Juni<\/p>\n<\/td>\n<td width=\"95\">\n<p>1. Juli bis 30. September<\/p>\n<\/td>\n<td width=\"113\">\n<p>1. Oktober bis 31. Dezember<\/p>\n<\/td>\n<\/tr>\n<\/tbody>\n<\/table>\n<h2><strong>Beschwerden zu Rufnummernmissbrauch <\/strong><\/h2>\n<p><strong>Wenn sich angebliche Verwandte von einer neuen Nummer melden und Geld wollen, wird man betrogen. Bei der Bundesnetzagentur dominieren die Beschwerden bereits. Mehr als zwei Drittel davon sind in Verbindung mit dem sogenannten Enkeltrick-Betrug.<\/strong><\/p>\n<h3><strong>Ruhe bewahren<\/strong><\/h3>\n<p>Das l\u00e4uft oft \u00fcber Messenger wie WhatsApp, aber auch \u00fcbers Telefon. Die Kriminellen bauen psychologischen Druck, um zu verhindern, dass die Opfer \u00fcber andere Wege mit den vermeintlichen Kontakten kommunizieren. Gesch\u00e4digte, aber auch Menschen, die den Kontaktversuch direkt durchschauen und gar nicht reagieren, k\u00f6nnen die daf\u00fcr genutzten Rufnummern <a href=\"https:\/\/www.bundesnetzagentur.de\/DE\/Vportal\/TK\/Aerger\/Faelle\/Sonstiges\/start.html\" target=\"_blank\" rel=\"noopener nofollow external noreferrer\" data-wpel-link=\"external\" title=\"Externer Link: an die Bundesnetzagentur melden\" class=\"ext-link wpel-icon-right\">an die Bundesnetzagentur melden<span class=\"wpel-icon wpel-image wpel-icon-6\"><\/span><\/a>. Die kann diese dann gegebenenfalls sperren.<\/p>\n<h2><strong>Einsame Senioren landen im Krankenhaus<\/strong><\/h2>\n<p>Mal ist die Familie \u00fcberfordert, mal verreist \u2013 oder es gibt keine: So landen viele Senioren Ostern und Weihnachten im Krankenhaus. \u00dcber die Pflege in den knapp 1.000 Einrichtungen wird viel diskutiert, aber 6 bis 10 Millionen pflegenden Angeh\u00f6rigen werden vergessen. Fragen Sie die Nachbarn ob Hilfe erw\u00fcnscht.<\/p>\n<h2><strong>Fake-shop-Finder<\/strong><\/h2>\n<p>Die Verbraucherzentrale Nordrhein-Westfalen stellt unter der Adresse <a href=\"http:\/\/www.verbraucherzentrale.de\/fakeshop-finder\" target=\"_blank\" rel=\"noopener nofollow external noreferrer\" data-wpel-link=\"external\" title=\"Externer Link: www.verbraucherzentrale.de\/fakeshop-finder\" class=\"ext-link wpel-icon-right\">www.verbraucherzentrale.de\/fakeshop-finder<span class=\"wpel-icon wpel-image wpel-icon-6\"><\/span><\/a> eine Fake-Shop-Finder bereit, der Sie vor unseri\u00f6sen Zahlungen ohne Gegenleistung warnen will. Viele Fake-Shops geben angeblich mehrere Zahlungsmethoden an. An der Online-Kasse beharren sie dann auf Vorauskasse. NIE im VORAUS bezahlen. Vorsicht beim Anlegen eines Benutzerkontos, nur notwendige Daten.<\/p>\n<h2><strong>Gemeinsame Ministerialblatt frei zug\u00e4nglich<\/strong><\/h2>\n<p>Ob Verordnungen zum Arbeitsschutz, Tarife der Krankenkassen, Weisungen zum Einsatz von Polizei-Tasern \u2013\u00a0\u00a0 das sind Beispiele f\u00fcr rechtlich bindende Vorgaben, die Beh\u00f6rden seit 1950 im sogenannten <a href=\"https:\/\/fragdenstaat.de\/blog\/2023\/12\/12\/gmbl-oeffentlich-freie-dokumente\/?pk_campaign=newsletter&amp;pk_kwd=20240128b\" target=\"_blank\" rel=\"noopener nofollow external noreferrer\" data-wpel-link=\"external\" title=\"Externer Link: Gemeinsamen Ministerialblatt (GMBI)\" class=\"ext-link wpel-icon-right\">Gemeinsamen Ministerialblatt (GMBI)<span class=\"wpel-icon wpel-image wpel-icon-6\"><\/span><\/a> ver\u00f6ffentlichen. Doch wer darauf zugreifen will, musste bisher zahlen \u2013 an den Milliarden-Konzern Wolters Kluwer. Wir sind \u00fcberzeugt: Amtliche Dokumente von allgemeinem Interesse geh\u00f6ren an die \u00d6ffentlichkeit \u2013 nicht in die H\u00e4nde privater Verlage. Deswegen haben wir auf FragDenStaat das <a href=\"https:\/\/fragdenstaat.de\/blog\/2023\/12\/12\/gmbl-oeffentlich-freie-dokumente\/\" target=\"_blank\" rel=\"noopener nofollow external noreferrer\" data-wpel-link=\"external\" title=\"Externer Link: gesamte Gemeinsame Ministerialblatt\" class=\"ext-link wpel-icon-right\">gesamte Gemeinsame Ministerialblatt<span class=\"wpel-icon wpel-image wpel-icon-6\"><\/span><\/a> ver\u00f6ffentlicht!<\/p>\n<h2><strong>Online-Abos m\u00fcssen ohne Login k\u00fcndbar sein<\/strong><\/h2>\n<p>Die K\u00fcndigung von Online-Vertr\u00e4gen muss \u00fcber einen K\u00fcndigungsbutton auch ohne Anmeldung auf der Webseite m\u00f6glich sein. Dies hat das Landgericht (LG) M\u00fcnchen nach einer Klage des Verbraucherzentrale Bundesverbands (vzbv) klargestellt und gegen die Sky Deutschland Fernsehen GmbH &amp; Co. KG entschieden (LG M\u00fcnchen I, Az. <a href=\"https:\/\/dejure.org\/dienste\/vernetzung\/rechtsprechung?Text=33%20O%2015098\/22\" target=\"_blank\" rel=\"noopener nofollow external noreferrer\" data-wpel-link=\"external\" title=\"Externer Link: 33 O 15098\/22\" class=\"ext-link wpel-icon-right\">33 O 15098\/22<span class=\"wpel-icon wpel-image wpel-icon-6\"><\/span><\/a>). Sky hat gegen das Urteil Berufung zum Oberlandesgericht M\u00fcnchen (Az. 6 U 4292\/23 e) eingelegt.<\/p>\n<h2><strong>K\u00fcnstliche Intelligenz im Alltag \u2013 <\/strong><\/h2>\n<p><a href=\"https:\/\/ki-und-alter.de\/wp-content\/uploads\/2023\/03\/Kuenstliche_Intelligenz_im_Alltag_aelterer_Menschen14.pdf\" class=\"mtli_attachment mtli_pdf ext-link wpel-icon-right\" data-wpel-link=\"external\" target=\"_self\" rel=\"nofollow external noopener noreferrer\" title=\"Externer Link: Brosch\u00fcre\">Brosch\u00fcre<span class=\"wpel-icon wpel-image wpel-icon-6\"><\/span><\/a> erkl\u00e4rt die Assistenzsystemen, Smarthome, Sprachassistenten und vieles mehr. Siehe auch K\u00fcnstliche Intelligenz als Chance f\u00fcr das \u00c4lterwerden- <a href=\"https:\/\/forum-seniorenarbeit.de\/2023\/12\/kuenstliche-intelligenz-als-chance-fuer-das-aelterwerden-podcastempfehlung\/\" data-wpel-link=\"external\" target=\"_self\" rel=\"nofollow external noopener noreferrer\" title=\"Externer Link: Podcastempfehlung\" class=\"ext-link wpel-icon-right\">Podcastempfehlung<span class=\"wpel-icon wpel-image wpel-icon-6\"><\/span><\/a>.<\/p>\n<h2><strong>Lachtelefon<\/strong><\/h2>\n<p><a href=\"https:\/\/lachtelefon.de\/\" target=\"_blank\" rel=\"noopener nofollow external noreferrer\" data-wpel-link=\"external\" title=\"Externer Link: Lachen und Lebensfreude\" class=\"ext-link wpel-icon-right\">Lachen und Lebensfreude<span class=\"wpel-icon wpel-image wpel-icon-6\"><\/span><\/a> \u2013 ganz einfach 3 Minuten am Telefon<\/p>\n<p><img loading=\"lazy\" decoding=\"async\" class=\"size-full wp-image-18044 alignleft\" src=\"https:\/\/unser-quartier.de\/oberhausen\/files\/2024\/01\/Lachen.jpg\" alt=\"zwei Telefone lachen sich an Rufnummer 050315194380\" width=\"201\" height=\"134\" srcset=\"https:\/\/unser-quartier.de\/oberhausen\/files\/2024\/01\/Lachen.jpg 201w, https:\/\/unser-quartier.de\/oberhausen\/files\/2024\/01\/Lachen-150x100.jpg 150w\" sizes=\"auto, (max-width: 201px) 100vw, 201px\" \/>Lachen ist die beste Medizin \u2013 Heute schon gelacht!<\/p>\n<p>T\u00e4glich k\u00f6nnen Sie beim Lachtelefon anrufen und mit den Ehrenamtlichen lachen \u2013 f\u00fcr eine Stimmungsaufhellung, einen Gute-Laune-Kick, ein kleines Zwerchfelltraining. <br \/>\nEs ist t\u00e4glich von 9-21 Uhr zu Festnetzgeb\u00fchren unter der Nummer <strong>05031 519 43 80<\/strong> zu erreichen.<\/p>\n<h2><strong>Pflegeausbildung<\/strong><\/h2>\n<p>In <strong>\u00d6sterreich <\/strong>werden seit Beginn dieses Jahres 2024 <strong>Pflegefachpersonen <\/strong>nur noch an <strong>Hochschulen<\/strong> ausgebildet. 2016 wurde das Gesundheits- und Krankenpflegegesetz ge\u00e4ndert. Es werden k\u00fcnftig rund 2.500 Studierende j\u00e4hrlich ihre hochschulische Pflegeausbildung aufnehmen. Die Gegner der <img loading=\"lazy\" decoding=\"async\" class=\"alignleft wp-image-15318\" src=\"https:\/\/unser-quartier.de\/oberhausen\/files\/2022\/09\/Frage.jpg\" alt=\"Hinweis\" width=\"70\" height=\"71\" srcset=\"https:\/\/unser-quartier.de\/oberhausen\/files\/2022\/09\/Frage.jpg 220w, https:\/\/unser-quartier.de\/oberhausen\/files\/2022\/09\/Frage-150x151.jpg 150w\" sizes=\"auto, (max-width: 70px) 100vw, 70px\" \/>Akademisierung waren bestimmte Parteien, doch auch in der eigenen Berufsgruppe hat es viel Gegenwind gegeben. Seit 2024 ist in \u00d6sterreich auch die Verschreibungsm\u00f6glichkeit durch Pflegepersonen gegeben \u2013 inklusive der M\u00f6glichkeit, diese Leistung mit den Krankenkassen abzurechnen. Der Pflegeberuf wird aufgewertet und sich in den n\u00e4chsten Jahren verbessern. Statt Verkammerung in RP, NRW, BW und Berlin, ist die Angleichung an europ\u00e4ische Standards in \u00d6sterreich erfolgt. Mit der Option, auch ohne Abitur studieren zu k\u00f6nnen, wurde eine Durchl\u00e4ssigkeit von der Pflegeassistenz zur Pflegefachassistenz bis zur diplomierten Gesundheits- und Krankenpflegefachkraft geschaffen worden. Der deutsche Weg, die eingef\u00fchrte generalistische Ausbildung nutzt den Krankenh\u00e4usern und zeigt eine gro\u00dfe Abbrecherquote. Statt (Landes)Pflegekammern, sollte die Hochschulausbildung, wie im europ\u00e4ischen Ausland gefordert werden; nur so kann Attraktivit\u00e4t gesteigert, die Qualit\u00e4t gew\u00e4hrleistet werden. Der Parteienstreit in der Koalition zeigt, das Denken der Privatvorsorge statt die Daseinsvorsorge f\u00fcr die B\u00fcrger herrscht weiterhin mehrheitlich vor. (<a href=\"https:\/\/opal.landtag.nrw.de\/portal\/WWW\/dokumentenarchiv\/Dokument\/MMD18-7965.pdf\" class=\"mtli_attachment mtli_pdf ext-link wpel-icon-right\" target=\"_blank\" rel=\"noopener nofollow external noreferrer\" data-wpel-link=\"external\" title=\"Externer Link: Privat vor Staat\">Privat vor Staat<span class=\"wpel-icon wpel-image wpel-icon-6\"><\/span><\/a>) Die Umsetzung obliegt den L\u00e4ndern. Siehe auch unten ENP.<\/p>\n<h2><strong>Privatsph\u00e4re im Internet<\/strong><\/h2>\n<p>Ihr Browser- hinterl\u00e4sst einen Fingerabdruck. Anbieter von Internet-Seiten setzen in der Regel Cookies ein, um feststellen zu k\u00f6nnen, ob ein Besucher ihrer Seite schon einmal da gewesen ist. Hierf\u00fcr wird eine <a href=\"https:\/\/www.dr-datenschutz.de\/testen-sie-selbst-ihr-browser-hinterlaesst-ihren-einzigartigen-fingerprint-ganz-ohne-cookies\/\" target=\"_blank\" rel=\"noopener nofollow external noreferrer\" data-wpel-link=\"external\" title=\"Externer Link: kleine Datei (Cookie)\" class=\"ext-link wpel-icon-right\">kleine Datei (Cookie)<span class=\"wpel-icon wpel-image wpel-icon-6\"><\/span><\/a> auf dem Rechner des Nutzers abgelegt. Wenn Sie wissen, wie leicht Sie identifizierbar sind oder ob Sie derzeit Tracker blockieren, wissen Sie, was Sie als N\u00e4chstes tun m\u00fcssen, um Ihre Privatsph\u00e4re zu sch\u00fctzen. <a href=\"http:\/\/panopticlick.eff.org\/\" target=\"_blank\" rel=\"noopener nofollow external noreferrer\" data-wpel-link=\"external\" title=\"Externer Link: HIER\" class=\"ext-link wpel-icon-right\">HIER<span class=\"wpel-icon wpel-image wpel-icon-6\"><\/span><\/a> geht es zum Test.<\/p>\n<h2><strong>ENP (European Nursing care Pathways)\u00a0<\/strong><\/h2>\n<p>Die <a href=\"https:\/\/www.recom.eu\/klassifikationen\/european-nursing-care-pathways.html\" target=\"_blank\" rel=\"noopener nofollow external noreferrer\" data-wpel-link=\"external\" title=\"Externer Link: Pflegeklassifikation ENP\" class=\"ext-link wpel-icon-right\">Pflegeklassifikation ENP<span class=\"wpel-icon wpel-image wpel-icon-6\"><\/span><\/a> wird seit 1989 st\u00e4ndig entwickelt, um im Rahmen einer Pflegedokumentation die Abbildung des Pflegeprozesses in einer einheitlichen, standardisierten Sprache zu erm\u00f6glichen. Wird in Europa in 70.000 Einrichtungen angewandt, um den gesamten Pflegeprozess abzubilden und zu dokumentieren. ENP ist als erste Pflegeklassifikation in das <a href=\"https:\/\/www.ina.gematik.de\/detailansicht?rsmbasechild_knowledgebasesingle%5Bdocid%5D=PROJECT%3A10005\" target=\"_blank\" rel=\"noopener nofollow external noreferrer\" data-wpel-link=\"external\" title=\"Externer Link: Gematikverzeichnis\" class=\"ext-link wpel-icon-right\">Gematikverzeichnis<span class=\"wpel-icon wpel-image wpel-icon-6\"><\/span><\/a> aufgenommen worden.<\/p>\n<h2><strong>Zusch\u00fcsse f\u00fcr &#8222;Altersgerecht Umbauen&#8220; wieder verf\u00fcgbar<\/strong><\/h2>\n<p>Seit dem 20.02.2024 k\u00f6nnen Privatpersonen mit Eigentum oder Mieterinnen und Mieter wieder Zusch\u00fcsse f\u00fcr Ma\u00dfnahmen zur Barrierereduzierung an Wohngeb\u00e4uden bei der KfW beantragen. Das zust\u00e4ndige Ministerium hat 2024 die Mittel f\u00fcr den altersgerechten Umbau im Vergleich zum Vorjahr auf 150 Millionen Euro verdoppelt. Die KfW vergibt f\u00fcr einzelne Ma\u00dfnahmen Zusch\u00fcsse in H\u00f6he von zehn Prozent der f\u00f6rderf\u00e4higen Kosten von bis zu maximal 2.500 Euro. Wer sein Haus zum Standard &#8222;Altersgerechtes Haus&#8220; umbauen will, kann 12,5 Prozent der f\u00f6rderf\u00e4higen Kosten bis maximal 6.250 Euro erhalten.<br \/>\nWeitere Informationen finden Sie unter: <a href=\"https:\/\/www.kfw.de\/inlandsfoerderung\/Privatpersonen\/Bestandsimmobilie\/F%C3%B6rderprodukte\/Altersgerecht-Umbauen-Investitionszuschuss-(455)\/\" data-wpel-link=\"external\" target=\"_self\" rel=\"nofollow external noopener noreferrer\" title=\"Externer Link: www.kfw.de\" class=\"ext-link wpel-icon-right\">www.kfw.de<span class=\"wpel-icon wpel-image wpel-icon-6\"><\/span><\/a><\/p>\n<h6>###########<\/h6>\n<div class=\"wp-block-image\"><img loading=\"lazy\" decoding=\"async\" class=\"wpa-warning wpa-image-missing-alt alignleft wp-image-16049 size-thumbnail\" src=\"https:\/\/unser-quartier.de\/oberhausen\/files\/2023\/04\/Hase-pixa-150x100.jpg\" alt=\"\" width=\"150\" height=\"100\" data-warning=\"Missing alt text\" srcset=\"https:\/\/unser-quartier.de\/oberhausen\/files\/2023\/04\/Hase-pixa-150x100.jpg 150w, https:\/\/unser-quartier.de\/oberhausen\/files\/2023\/04\/Hase-pixa-300x200.jpg 300w, https:\/\/unser-quartier.de\/oberhausen\/files\/2023\/04\/Hase-pixa-1024x682.jpg 1024w, https:\/\/unser-quartier.de\/oberhausen\/files\/2023\/04\/Hase-pixa-768x511.jpg 768w, https:\/\/unser-quartier.de\/oberhausen\/files\/2023\/04\/Hase-pixa-600x400.jpg 600w, https:\/\/unser-quartier.de\/oberhausen\/files\/2023\/04\/Hase-pixa-272x182.jpg 272w, https:\/\/unser-quartier.de\/oberhausen\/files\/2023\/04\/Hase-pixa.jpg 1200w\" sizes=\"auto, (max-width: 150px) 100vw, 150px\" \/><\/div>\n<p><strong>Wir w\u00fcnschen allen Lesern ein frohes Osterfest !!\u00a0 <\/strong>Uwe Wiemann &amp; Siegfried R\u00e4biger<\/p>\n<div class=\"wp-block-image\">\u00a0<\/div>\n","protected":false},"excerpt":{"rendered":"<p>Ostern ist dieses Jahr schon im M\u00e4rz, unsere Ostereier # Alzheimer-Modellprojekt, # Beratungspflicht bei reinem Pflegegeld, #Beschwerden zu Rufnummernmissbrauch, # Einsame Senioren landen im Krankenhaus, # Fake-shop-Finder, # Gemeinsame Ministerialblatt frei zug\u00e4nglich, # Online-Abos m\u00fcssen ohne Login k\u00fcndbar sein, # K\u00fcnstliche Intelligenz im Alltag, # Lachtelefon, #Pflegeausbildung, # Privatsph\u00e4re im Internet, # ENP (European Nursing&hellip; <a class=\"continue\" href=\"https:\/\/unser-quartier.de\/oberhausen\/2024\/03\/februar-2024\/sraebiger\/\" data-wpel-link=\"internal\"> \u00bb weiterlesen: <span> M\u00e4rz 2024<\/span><\/a><\/p>\n","protected":false},"author":612,"featured_media":12553,"comment_status":"open","ping_status":"closed","sticky":false,"template":"","format":"standard","meta":{"_monsterinsights_skip_tracking":false,"_monsterinsights_sitenote_active":false,"_monsterinsights_sitenote_note":"","_monsterinsights_sitenote_category":0,"generate_page_header":"","footnotes":""},"categories":[1520,6,1,5,2695,4,38],"tags":[3710,3656,3651,3655,658,880,3702,3703,3652,1558,3648,3647,3650,2291,587,3707,2802,446,3600,3654,3653,1054,3657],"class_list":["post-17874","post","type-post","status-publish","format-standard","has-post-thumbnail","hentry","category-heimbeirat","category-computer-und-technik","category-dies-und-das","category-recht","category-seniorenbeirat","category-unterstuetzung","category-wohnen","tag-altersgerechter-umbau","tag-alzheimerprojekt","tag-amtliche-dokumente","tag-anzeigen","tag-bundesnetzagentur","tag-enkeltrick","tag-enp","tag-european-nursing-care-pathways","tag-fake-shop-finder","tag-kfw","tag-ki-broschuere","tag-lachen-am-telefon","tag-online-abos","tag-pflegeausbildung","tag-pflegeberatung","tag-pflegegeldkuerzung","tag-podcast","tag-privat-vor-staat","tag-privatsphaere","tag-rufnummermissbrauch","tag-seniorennot-im-krankenhaus","tag-verbraucherschutz","tag-veroeffentlichung"],"_links":{"self":[{"href":"https:\/\/unser-quartier.de\/oberhausen\/wp-json\/wp\/v2\/posts\/17874","targetHints":{"allow":["GET"]}}],"collection":[{"href":"https:\/\/unser-quartier.de\/oberhausen\/wp-json\/wp\/v2\/posts"}],"about":[{"href":"https:\/\/unser-quartier.de\/oberhausen\/wp-json\/wp\/v2\/types\/post"}],"author":[{"embeddable":true,"href":"https:\/\/unser-quartier.de\/oberhausen\/wp-json\/wp\/v2\/users\/612"}],"replies":[{"embeddable":true,"href":"https:\/\/unser-quartier.de\/oberhausen\/wp-json\/wp\/v2\/comments?post=17874"}],"version-history":[{"count":3,"href":"https:\/\/unser-quartier.de\/oberhausen\/wp-json\/wp\/v2\/posts\/17874\/revisions"}],"predecessor-version":[{"id":18724,"href":"https:\/\/unser-quartier.de\/oberhausen\/wp-json\/wp\/v2\/posts\/17874\/revisions\/18724"}],"wp:featuredmedia":[{"embeddable":true,"href":"https:\/\/unser-quartier.de\/oberhausen\/wp-json\/wp\/v2\/media\/12553"}],"wp:attachment":[{"href":"https:\/\/unser-quartier.de\/oberhausen\/wp-json\/wp\/v2\/media?parent=17874"}],"wp:term":[{"taxonomy":"category","embeddable":true,"href":"https:\/\/unser-quartier.de\/oberhausen\/wp-json\/wp\/v2\/categories?post=17874"},{"taxonomy":"post_tag","embeddable":true,"href":"https:\/\/unser-quartier.de\/oberhausen\/wp-json\/wp\/v2\/tags?post=17874"}],"curies":[{"name":"wp","href":"https:\/\/api.w.org\/{rel}","templated":true}]}}