{"id":18332,"date":"2024-03-22T11:29:53","date_gmt":"2024-03-22T10:29:53","guid":{"rendered":"https:\/\/unser-quartier.de\/oberhausen\/?p=18332"},"modified":"2024-03-23T15:23:07","modified_gmt":"2024-03-23T14:23:07","slug":"die-eigenstaendige-seniorenvertretung-02","status":"publish","type":"post","link":"https:\/\/unser-quartier.de\/oberhausen\/2024\/03\/die-eigenstaendige-seniorenvertretung-02\/sraebiger\/","title":{"rendered":"Die (eigenst\u00e4ndige) Seniorenvertretung (02)"},"content":{"rendered":"<p><a href=\"https:\/\/wp.me\/p91Zz0-4H3\" target=\"_blank\" rel=\"noopener nofollow external noreferrer\" data-wpel-link=\"external\" title=\"Externer Link: &lt;strong&gt;Fortsetzung&lt;\/strong&gt;\" class=\"ext-link wpel-icon-right\"><strong>Fortsetzung<\/strong><span class=\"wpel-icon wpel-image wpel-icon-6\"><\/span><\/a> des Beitrages vom 23.2.24: darin beschrieben:<\/p>\n<p><u>Grunds\u00e4tzliches; <\/u><u>Die Verschiebung der Verantwortung; <\/u><u>M\u00fcssen Pflegebed\u00fcrftigen und ihre Angeh\u00f6rigen auf der Strecke bleiben. <\/u><u>Kein weiter so; <\/u><u>Was ich nicht wei\u00df, macht mich nicht hei\u00df;\u00a0<\/u><u>Nehmen wir die Worte als bare M\u00fcnze\u00a0 <\/u><\/p>\n<p><strong>Es folgt:<\/strong><\/p>\n<p><u><strong>Das notwendige Engagement oder eine verordnete Beruhigungspille\u00a0 <\/strong><\/u><\/p>\n<p><u>T\u00e4tigkeiten von Seniorenvertretungen f\u00fcr Gemeinden\u00a0 <\/u><\/p>\n<p><u>Wunsch und Wirklichkeit <\/u><\/p>\n<p><u>Die Seniorenvertretung als politische Teilhabe der \u00e4lteren Bev\u00f6lkerung. <\/u><\/p>\n<blockquote>\n<h2><strong>Das notwendige Engagement oder eine verordnete Beruhigungspille<\/strong><\/h2>\n<\/blockquote>\n<p>B\u00fcrgerr\u00e4te erfahren zurzeit viel Aufmerksamkeit, vor allem dank des vom Bundestag beauftragten B\u00fcrgerrates \u00bb<a href=\"https:\/\/www.buergergesellschaft.de\/mitteilen\/news\/archiv-des-enewsletters\/enewsletter-archiv-2024\/enewsletter-wegweiser-buergergesellschaft-2\/2024-29022024?mid=821&amp;rid=t_27406&amp;aC=d5ba0ef1&amp;jumpurl=6\" target=\"_blank\" rel=\"noopener nofollow external noreferrer\" data-wpel-link=\"external\" title=\"Externer Link: Ern\u00e4hrung im Wandel\" class=\"ext-link wpel-icon-right\">Ern\u00e4hrung im Wandel<span class=\"wpel-icon wpel-image wpel-icon-6\"><\/span><\/a>\u00ab. Ca. 35 Personen eines Wahlkreises kommen zusammen, die durch das Aufsuchende Losverfahren bestimmt werden und Bundesangelegenheiten besprechen. Mit dem Ziel auf <a href=\"https:\/\/www.buergergesellschaft.de\/mitteilen\/news\/archiv-des-enewsletters\/enewsletter-archiv-2024\/enewsletter-wegweiser-buergergesellschaft-2\/2024-29022024?mid=821&amp;rid=t_27406&amp;aC=d5ba0ef1&amp;jumpurl=8\" target=\"_blank\" rel=\"noopener nofollow external noreferrer\" data-wpel-link=\"external\" title=\"Externer Link: Wahlkreisebene unsere Demokratie\" class=\"ext-link wpel-icon-right\">Wahlkreisebene unsere Demokratie<span class=\"wpel-icon wpel-image wpel-icon-6\"><\/span><\/a> zu st\u00e4rken. Die Hilfe vor Ort wird ausgeblendet.<strong><br \/>\n<\/strong><\/p>\n<p><strong>Der Hilfeschrei<\/strong> der <a href=\"https:\/\/www.vdpb-bayern.de\/\" data-wpel-link=\"external\" target=\"_self\" rel=\"nofollow external noopener noreferrer\" title=\"Externer Link: Vereinigung der Pflegenden in Bayern\" class=\"ext-link wpel-icon-right\">Vereinigung der Pflegenden in Bayern<span class=\"wpel-icon wpel-image wpel-icon-6\"><\/span><\/a> mit dem zweiten Pflegemonitoring sollte bundesweit und allgemein geh\u00f6rt werden; in den anderen L\u00e4ndern sind keine \u00e4hnlichen Erhebungen bekannt. Nach der Landtagswahl in Bayern wurde die Diskussion aus 2017 wieder aufgenommen.<\/p>\n<p>Mit dem <a href=\"https:\/\/www.stmas.bayern.de\/imperia\/md\/content\/stmas\/stmas_inet\/bayseng_entwurf.pdf\" class=\"mtli_attachment mtli_pdf ext-link wpel-icon-right\" data-wpel-link=\"external\" target=\"_self\" rel=\"nofollow external noopener noreferrer\" title=\"Externer Link: Entwurf des Seniorenmitwirkungsgesetz\">Entwurf des Seniorenmitwirkungsgesetz<span class=\"wpel-icon wpel-image wpel-icon-6\"><\/span><\/a>es (BaySenG) und den Wahlen zum <a href=\"https:\/\/www.landesseniorenrat.bayern.de\/lsr\/liste\/index.php\" data-wpel-link=\"external\" target=\"_self\" rel=\"nofollow external noopener noreferrer\" title=\"Externer Link: Landesseniorenrat\" class=\"ext-link wpel-icon-right\">Landesseniorenrat<span class=\"wpel-icon wpel-image wpel-icon-6\"><\/span><\/a> wurde politisch ein neuer Einstieg in die ehrenamtlich unterst\u00fctzte Seniorenvertretung ausgerufen. Offen bleibt, ob die aktuelle Studie \u00fcber den Pflegepersonalbedarf in Bayern eine Rolle spielen kann, die Mitwirkung der B\u00fcrger mit Rechten und Pflichten noch zu diskutieren ist oder unterbunden werden soll.<\/p>\n<p>Es dr\u00e4ngt sich der Eindruck auf, dass vorrangig eine zentrale politische Kontrolle im Land gewollt ist. Die LandesSeniorenVertretung Bayern e. V. (LSVB) <a href=\"https:\/\/lsvb.info\/publikationen\/220629%20Entwurf%20eines%20Seniorenmitwirkungsgesetzes.pdf\" class=\"mtli_attachment mtli_pdf ext-link wpel-icon-right\" data-wpel-link=\"external\" target=\"_self\" rel=\"nofollow external noopener noreferrer\" title=\"Externer Link: schreibt im Juni 2022\">schreibt im Juni 2022<span class=\"wpel-icon wpel-image wpel-icon-6\"><\/span><\/a> dazu: \u201eDieser Gesetzentwurf st\u00e4rkt nicht die Rechte der Seniorinnen und Senioren, sondern schm\u00e4lert sie. Es fehlen belastbare, also echte Einflussm\u00f6glichkeiten und Beteiligungsrechte der \u00e4lteren Menschen. Dies w\u00e4ren die Voraussetzungen echter politischer Partizipation, die aber anscheinend nicht gewollt ist.\u201c \u201e210 kommunale Seniorenvertretungen Mitglied der LSVB. Darunter 27 Landkreise, die LHSt M\u00fcnchen und die weiteren bayerischen \u201eGro\u00dfst\u00e4dte\u201c N\u00fcrnberg, Augsburg, W\u00fcrzburg, Regensburg, Ingolstadt, F\u00fcrth, Erlangen und Landshut.\u201c<\/p>\n<p>Dem Landesseniorenrat geh\u00f6ren aktuell (Stand: November 2023) <strong>611 Mitglieder<\/strong> an. 182 benannte, nicht frei gew\u00e4hlte oder entsandte, Delegierten der Landesversammlung w\u00e4hlten den Landesvorstand. Die notwendige Akzeptanz, Unterst\u00fctzung und Mitwirkung vor Ort sind ausschlaggebend f\u00fcr das Gelingen.<\/p>\n<p>Kommunale Seniorenvertretungen sind freiwillige Einrichtungen auf kommunaler Ebene. Au\u00dfer in\u00a0Berlin\u00a0(s. <a href=\"https:\/\/www.dbb.berlin\/fileadmin\/user_upload\/www_dbb_berlin\/pdf\/2014\/140515_berliner_seniorenmitwirkungsgesetz.pdf\" class=\"mtli_attachment mtli_pdf ext-link wpel-icon-right\" target=\"_blank\" rel=\"noopener nofollow external noreferrer\" data-wpel-link=\"external\" title=\"Externer Link: Berliner Seniorenmitwirkungsgesetz BerLSenG, Quelle: Gesetz- und Verordnungsblatt f\u00fcr Berlin, 62. Jahrgang, Nr. 19, 3. Juni 2006\">Berliner Seniorenmitwirkungsgesetz BerLSenG, Quelle: Gesetz- und Verordnungsblatt f\u00fcr Berlin, 62. Jahrgang, Nr. 19, 3. Juni 2006<span class=\"wpel-icon wpel-image wpel-icon-6\"><\/span><\/a>) und in\u00a0Hamburg\u00a0(s. <a href=\"https:\/\/www.lsb-hamburg.de\/wp-content\/uploads\/2023\/11\/SenMitwG_Gesetzesstand_05-2022.pdf\" class=\"mtli_attachment mtli_pdf ext-link wpel-icon-right\" target=\"_blank\" rel=\"noopener nofollow external noreferrer\" data-wpel-link=\"external\" title=\"Externer Link: Gesetz zur St\u00e4rkung der Mitwirkung von Seniorinnen und Senioren am gesellschaftlichen Leben in der Freien und Hansestadt Hamburg, Hamburgisches Seniorenmitwirkungsgesetz HmbSenMitwG\">Gesetz zur St\u00e4rkung der Mitwirkung von Seniorinnen und Senioren am gesellschaftlichen Leben in der Freien und Hansestadt Hamburg, Hamburgisches Seniorenmitwirkungsgesetz HmbSenMitwG<span class=\"wpel-icon wpel-image wpel-icon-6\"><\/span><\/a> Stand 2022, Quelle: Herausgeber: Beh\u00f6rde f\u00fcr Gesundheit und Verbraucherschutz Hamburg 2012) sind Seniorenvertretungen bislang in keinem Bundesland vorgeschrieben. Fehlt es in Fl\u00e4chenl\u00e4ndern nicht am Zusammenhalt, Transparenz und Nachbarschaftshilfe?<\/p>\n<p>Die politischen Parteien sind nach Art.21 GG die tragenden S\u00e4ulen der (indirekten) politischen Willensbildung im Bund und den L\u00e4ndern. Andere Ausformungen von Gremien als Instrumente direkter Demokratie sind eher begrenzt. Dies begr\u00fcndet, dass auch in Gemeinden darauf zu achten ist, dass die alleinige und letztg\u00fcltige Zust\u00e4ndigkeit des gew\u00e4hlten Rats bei politischen Entscheidungen gewahrt bleibt. Dies bedeutet, dass Anh\u00f6rungen und Mitwirkungen spezieller Interessen- und Zielgruppen gegeben sein d\u00fcrfen, wenn nicht gar geboten sind, weil die \u00fcberkommenen Strukturen in Partei- und Gewerkschaften stark abgenommen oder gar verschwunden sind.<\/p>\n<h3><strong>Bayern ist \u00fcberall<\/strong><\/h3>\n<p>Zur Erinnerung die \u00d6lkrise 1973\/74 brachte die erste Arbeitslosigkeit. Die demographischen Hochrechnungen zeigten die Notwendigkeit der Rentenreform und die Gef\u00e4hrdung der Pflege. Die soziale Bewegung im Altenbereich sorgte f\u00fcr das Bundestagsmandat von Trude Unruh. Die Parteien reagierten damals, mit der CDU-Seniorenunion, der AG SPD 60plus.<\/p>\n<p>Die Corona-Pandemie hat die Krise in der fehlenden Gesundheits- und Seniorenpolitik verdeutlicht. Bisher ist nicht zu erkennen, dass die Senioren, die 30 % der W\u00e4hlerschaft stellen, sich wieder sozial intensiver engagieren. Die angesprochenen Seniorengruppen der Parteien sind in Gremien, nicht in der \u00d6ffentlichkeit wahrnehmbar.<\/p>\n<p>Die Sozialverb\u00e4nde werden selten wahrgenommen, die Fachverb\u00e4nde der Wohlfahrtspflege sehen \u00fcberwiegend die Pflegekatastrophe aus wirtschaftlicher Sicht. Die Landesregierungen wiegeln ab, verweisen auf die <img loading=\"lazy\" decoding=\"async\" class=\"alignleft wp-image-15318\" src=\"https:\/\/unser-quartier.de\/oberhausen\/files\/2022\/09\/Frage.jpg\" alt=\"Hinweis\" width=\"100\" height=\"101\" srcset=\"https:\/\/unser-quartier.de\/oberhausen\/files\/2022\/09\/Frage.jpg 220w, https:\/\/unser-quartier.de\/oberhausen\/files\/2022\/09\/Frage-150x151.jpg 150w\" sizes=\"auto, (max-width: 100px) 100vw, 100px\" \/>Landespflegekassen, den freien Markt &#8211; Privat vor Staat -. Die NRW Landesregierung bleibt bei ihrer Einsch\u00e4tzung, dass Insolvenzen in der Pflege in NRW in der Regel nicht zu Schlie\u00dfungen der Leistungsangebote und damit auch nicht zum Wegfall von Pl\u00e4tzen f\u00fchren. Durch den Ausbruch des Ukraine-Krieges mit seinen Folgewirkungen sind viele Unternehmen \u2013 nicht nur in der Pflege \u2013 vor wirtschaftlichen Herausforderungen auf Grund allgemeiner Kostensteigerungen (z.B. Energiekosten) gestellt \u2013 Antwort 1.2.<a href=\"https:\/\/opal.landtag.nrw.de\/portal\/WWW\/dokumentenarchiv\/Dokument\/MMD18-7970.pdf\" class=\"mtli_attachment mtli_pdf ext-link wpel-icon-right\" data-wpel-link=\"external\" target=\"_self\" rel=\"nofollow external noopener noreferrer\" title=\"Externer Link: 2024 Drs. 18\/7970\">2024 Drs. 18\/7970<span class=\"wpel-icon wpel-image wpel-icon-6\"><\/span><\/a>. <strong>Weiter so!?<\/strong><\/p>\n<p>Die Antwort kann und darf die pflegenden Angeh\u00f6rigen und Senioren nicht beruhigen. Es reicht nicht \u201egegen Rechts\u201c auf die Stra\u00dfe zu gehen. Die notwendigen Ver\u00e4nderungen zum Erhalt der Demokratie von anderen einzufordern, ist zu wenig. Mit einer Digitalisierungsoffensive, mit Geld wird Wohlfahrtsverb\u00e4nden geholfen. Es fehlt an der n\u00f6tigen Infrastruktur! Es fehlt an konkreten Hilfen.<\/p>\n<p><strong>Es muss gehandelt werden; jedes weitere Abwarten verschlimmert die Situation vor Ort<\/strong>. \u00a0<\/p>\n<p>\u201eSeniorenvertretungen k\u00f6nnen mit ihrer Erfahrung und Kompetenz die Entwicklung altengerechter Quartiere vor Ort entscheidend voranbringen, wertvolle Unterst\u00fctzerinnen und Unterst\u00fctzer bei der Bew\u00e4ltigung der Herausforderungen durch den demographischen Wandel sein \u2013 und auch nachfolgenden Generationen die Angst vor Pflegebed\u00fcrftigkeit im Alter nehmen.<br \/>\n\u00a0<br \/>\n\u201eWer, wenn nicht die \u00c4lteren selbst k\u00f6nnen den Kommunen am Besten sagen, wie sie leben wollen, welche Angebote sie nutzen und was zus\u00e4tzlich notwendig ist, um m\u00f6glichst lange ein zufriedenes und selbstbestimmtes Leben im vertrauten Wohnumfeld f\u00fchren zu k\u00f6nnen \u2013 auch bei Unterst\u00fctzungs- und Pflegebedarf\u201c, erkl\u00e4rte Gesundheits- und <a href=\"https:\/\/www.land.nrw\/pressemitteilung\/ministerin-steffens-seniorenvertretungen-sind-fuer-jede-kommune-unverzichtbar-sie\" data-wpel-link=\"external\" target=\"_self\" rel=\"nofollow external noopener noreferrer\" title=\"Externer Link: Pflegeministerin Barbara Steffens am 26. April 2017\" class=\"ext-link wpel-icon-right\">Pflegeministerin Barbara Steffens am 26. April 2017<span class=\"wpel-icon wpel-image wpel-icon-6\"><\/span><\/a> bei der Mitgliederversammlung der NRW Landesseniorenvertretung (LSV). Ihr Nachfolger im Amt, CDU-Sozialminister Karl-Josef Laumann, sieht den Schwerpunkt in der Errichtung der <a href=\"https:\/\/unser-quartier.de\/oberhausen\/2022\/01\/keine-pflegekammer-wir-brauchen-ethik-in-der-pflege\/\" target=\"_blank\" rel=\"noopener\" data-wpel-link=\"internal\">Landes-Pflegekammer<\/a>.<\/p>\n<h2><strong>T\u00e4tigkeiten von Seniorenvertretungen f\u00fcr Gemeinden<\/strong><\/h2>\n<p>\u201eKleinere Gemeinden verf\u00fcgen nicht \u00fcber gen\u00fcgend personelle Ressourcen, so k\u00f6nnen Seniorenbeir\u00e4te vor allem die Arbeit der Gemeindeverwaltung unterst\u00fctzen und manche Projekte \u00fcberhaupt erst m\u00f6glich machen. Bei solchen Zuarbeiten kann es sich um einfache Hilfst\u00e4tigkeiten handeln wie etwa das Einlegen von Informationsbl\u00e4ttern f\u00fcr Senioren in das Gemeindeblatt. Bei entsprechender Qualifikation kann die Seniorenvertretung aber auch anspruchsvolle Aufgaben mittragen, die eigentlich in die Zust\u00e4ndigkeit der Kommunalverwaltung fallen. Noch weiter reichen Erwartungen der kommunalen Politik und Verwaltung an die Seniorenvertreter als Experten f\u00fcr Alters- und Seniorenfragen, vor allem in Bezug auf verl\u00e4ssliche Informationen \u00fcber die Lebenslagen der \u00c4lteren, \u00fcber offene Bed\u00fcrfnisse und bedarfsgerechte Angebote (Wohnen, Freizeit, Verkehrs- und Mobilit\u00e4tsprobleme, gesundheitliche Verh\u00e4ltnisse, Hilfe und Pflege in allen Formen). Hier sind Seniorenvertretungen zum Beispiel vorausschauende Mahner bei bedenklichen Entwicklungen, sie schlagen in dringenden kritischen F\u00e4llen Alarm und berichten \u00fcber Erfolg und Resonanz von gewissen Ma\u00dfnahmen. Auch umgekehrt tragen Politik und Verwaltung ihre Informationen und Ideen gerne \u00fcber die Seniorenvertretung an alle Senioren heran, um so f\u00fcr gr\u00f6\u00dfere Akzeptanz zu werben.<\/p>\n<p>Als Idealfall wird es jede Kommune sch\u00e4tzen, wenn die Seniorenvertretung ma\u00dfgebliche eigene Aktivit\u00e4ten im Sinne einer kommunalen Altenplanung setzt, etwa durch Befragungen, B\u00fcrgerversammlungen und Podiumsdiskussionen, die eine breitere Partizipation der Betroffenen bewirken. Seniorenvertretungen sind in NRW Mitglieder in der &#8222;Kommunalen Konferenz Alter und Pflege&#8220;.<\/p>\n<p>Seniorenvertretungen k\u00f6nnen Gemeinden aber nicht nur bei ihren Pflichtaufgaben entlasten. Mehr noch bieten sie ein unsch\u00e4tzbares Potenzial, um im Gemeinwesen Aktivit\u00e4ten zu entfalten, f\u00fcr die der Kommune sonst die Mittel fehlen. Dazu einige Beispiele:<\/p>\n<ol>\n<li>Begegnungen zwischen Jung und Alt, etwa Erz\u00e4hlrunden zwischen Sch\u00fclern und Senioren in Schulen, Jugendzentren und Altenheimen, gemeinsame Tagesausfl\u00fcge und Bildungsfreizeiten von Jugendlichen und Senioren, Oma-\/ Opa-Dienste, etc.;<\/li>\n<li>Gr\u00fcndung von Gespr\u00e4chsrunden f\u00fcr pflegende Angeh\u00f6rige, \u00e4ltere Migranten und andere spezielle Gruppen;<\/li>\n<li>Entwicklung neuer Einrichtungen wie Selbsthilfegruppen f\u00fcr neuartige Problemf\u00e4lle, Tausch- und Wissensb\u00f6rsen und andere genossenschaftliche Gruppen, ein Seniorenb\u00fcro, etc.;<\/li>\n<li>Initiativen f\u00fcr b\u00fcrgerschaftliches Engagement jedweder Form, etwa f\u00fcr Besuchsdienste im Altenheim, f\u00fcr Hausbesuche zum Vorlesen und f\u00fcr kleine Hilfen, f\u00fcr Begleitdienste bei Eink\u00e4ufen und Beh\u00f6rdeng\u00e4ngen, f\u00fcr Reparaturdienste oder f\u00fcr private Ausflugsfahrten und Fahrdienste.<\/li>\n<\/ol>\n<p>Mit ihren st\u00e4ndigen unmittelbaren Kontakten unmittelbar zu Senioren, aber auch zu allen anderen Institutionen im Altenbereich k\u00f6nnen Seniorenvertretungen generell zur positiven Entwicklung der Bilder von Alter und alten Menschen in der \u00d6ffentlichkeit beitragen. Daf\u00fcr ist es sinnvoll, dass sie auch eine systematische Presse- und \u00d6ffentlichkeitsarbeit betreiben und dazu insbesondere gute Beziehungen zu den lokalen und regionalen Medien pflegen.\u201c <a href=\"https:\/\/www.ssoar.info\/ssoar\/bitstream\/handle\/document\/16478\/ssoar-2004-4-blaumeiser_et_al-partizipation_und_vertretung_von_senioren.pdf?sequence=1&amp;isAllowed=y&amp;lnkname=ssoar-2004-4-blaumeiser_et_al-partizipation_und_vertretung_von_senioren.pdf\" class=\"mtli_attachment mtli_pdf ext-link wpel-icon-right\" data-wpel-link=\"external\" target=\"_self\" rel=\"nofollow external noopener noreferrer\" title=\"Externer Link: Zitiert\">Zitiert<span class=\"wpel-icon wpel-image wpel-icon-6\"><\/span><\/a> nach Blaumeister Seite 454 in SWS-Rundschau (44. Jg.) Heft 4\/204: 437 \u2012 463<\/p>\n<p>Die Einrichtung einer Seniorenvertretung liegt in der Selbstverwaltungshoheit der Kommunen. Oft wird die Notwendigkeit einer eigenst\u00e4ndigen Organisation nicht gesehen. So stellt die <a href=\"https:\/\/www.senioren.nrw\/\" data-wpel-link=\"external\" target=\"_self\" rel=\"nofollow external noopener noreferrer\" title=\"Externer Link: Landesarbeitsgemeinschaft Seniorenb\u00fcros NRW\" class=\"ext-link wpel-icon-right\">Landesarbeitsgemeinschaft Seniorenb\u00fcros NRW<span class=\"wpel-icon wpel-image wpel-icon-6\"><\/span><\/a> auf ihrer Webseite einige Arbeitshilfen mit Praxistipps f\u00fcr die Seniorenarbeit kostenlos zur Verf\u00fcgung. Die rund 450 Seniorenb\u00fcros in Deutschland bilden auf Bundesebene ein Netzwerk (BaS).<strong> Die<\/strong><a href=\"https:\/\/seniorenbueros.org\/die-bas\/die-bundesarbeitsgemeinschaft-seniorenbueros\/\" data-wpel-link=\"external\" target=\"_self\" rel=\"nofollow external noopener noreferrer\" title=\"Externer Link: &lt;strong&gt; BaS&lt;\/strong&gt;\" class=\"ext-link wpel-icon-right\"><strong> BaS<\/strong><span class=\"wpel-icon wpel-image wpel-icon-6\"><\/span><\/a><strong> ber\u00e4t Kommunen und freie Tr\u00e4ger<\/strong> von der Gr\u00fcndung bis zur Weiterentwicklung von Seniorenb\u00fcros und vertritt ihre Interessen auf Bundesebene. Die Verwaltung wahrt ihre Interessen. Ist ehrenamtliches Engagement nicht Zeit- und Geldverschwendung und Mehraufwand? In ganz Deutschland haben sich 450 Seniorenb\u00fcros organisiert und werden gef\u00f6rdert. Dies wird nicht die Gesamtzahl der Kommunen sein, die sich das Wohl der \u00e4lteren B\u00fcrger annehmen.\u00a0\u00a0<\/p>\n<h3><strong>Wunsch und Wirklichkeit<\/strong><\/h3>\n<p>In der Brosch\u00fcre des Landesverbandes Bayern aus 2017 hei\u00dft es <a href=\"https:\/\/lsvb.info\/seniorenvertretung-gruenden\/Broschuere-Gruendung-und-Aufbau-kommunaler-Seniorenvertretungen.pdf\" class=\"mtli_attachment mtli_pdf ext-link wpel-icon-right\" data-wpel-link=\"external\" target=\"_self\" rel=\"nofollow external noopener noreferrer\" title=\"Externer Link: auf Seite 4\">auf Seite 4<span class=\"wpel-icon wpel-image wpel-icon-6\"><\/span><\/a>: \u201eSeniorenvertretungen leisten hier als Bindeglieder zwischen Politik und Gesellschaft einen wichtigen Beitrag. Sie verleihen den <a href=\"https:\/\/www.stmas.bayern.de\/senioren\/seniorenmitwirkung\/\" data-wpel-link=\"external\" target=\"_self\" rel=\"nofollow external noopener noreferrer\" title=\"Externer Link: 2,7 Millionen \u00e4lteren Menschen\" class=\"ext-link wpel-icon-right\">2,7 Millionen \u00e4lteren Menschen<span class=\"wpel-icon wpel-image wpel-icon-6\"><\/span><\/a> \u00fcber 65 Jahre in ihrer Gemeinde eine Stimme. Sie geben wichtige Impulse in der kommunalen Seniorenpolitik. Und sie tragen so dazu bei, kommunale Strukturen nicht f\u00fcr sondern mit \u00e4lteren Menschen aktiv zu gestalten. Am Ende profitieren davon alle Generationen.\u201c Weiter f\u00fchrt Frau Emilia M\u00fcller, Bay. Staatsministerin bereits im Nov. 2017 aus: \u201eDas zeigt sich auch darin, dass mittlerweile rund 1.600 Kommunen eine der einen Seniorenbeauftragten haben.\u201c Zum 1.1.2024 bestanden 2.056 politisch selbstst\u00e4ndigen Gemeinden in Bayern<strong>.<\/strong> Wird f\u00fcr jede Gemeinde nur ein Gremium von 3 Personen unterstellt, sind 6.200 ehrenamtliche Seniorenvertreter gefragt.\u00a0 Wenn 611 Mitglieder dem Landesseniorenrat angeh\u00f6ren, zeigt sich, dass nur jede 10. Gemeinde vertreten ist. Oder sind nur die Landkreise und kreisfreien St\u00e4dte mit je 3 Delegierten entsendungsberechtigt? Der Freistaat <a href=\"https:\/\/de.wikipedia.org\/wiki\/Bayern\" data-wpel-link=\"external\" target=\"_self\" rel=\"nofollow external noopener noreferrer\" title=\"Externer Link: Bayern\" class=\"ext-link wpel-icon-right\">Bayern<span class=\"wpel-icon wpel-image wpel-icon-6\"><\/span><\/a> ist in insgesamt 71\u00a0<a href=\"https:\/\/de.wikipedia.org\/wiki\/Landkreis\" data-wpel-link=\"external\" target=\"_self\" rel=\"nofollow external noopener noreferrer\" title=\"Externer Link: Landkreise\" class=\"ext-link wpel-icon-right\">Landkreise<span class=\"wpel-icon wpel-image wpel-icon-6\"><\/span><\/a> sowie 25 <a href=\"https:\/\/de.wikipedia.org\/wiki\/Kreisfreie_Stadt\" data-wpel-link=\"external\" target=\"_self\" rel=\"nofollow external noopener noreferrer\" title=\"Externer Link: kreisfreie St\u00e4dte\" class=\"ext-link wpel-icon-right\">kreisfreie St\u00e4dte<span class=\"wpel-icon wpel-image wpel-icon-6\"><\/span><\/a> untergliedert, dann w\u00e4ren es 288 Mitglieder. Es zeigt sich ein gro\u00dfer Nachholungsbedarf an Informationen. Mit dem nachfolgenden Beitrag soll ein allgemeiner \u00dcberblick \u00fcber bestehende Mitwirkungen in den L\u00e4ndern gegeben werden, um so auch das Interesse an der m\u00f6glichen Mitgestaltung und Mitarbeit zu wecken.<\/p>\n<h3><a name=\"_Toc158216530\"><\/a><strong>Die Seniorenvertretung als politische Teilhabe der \u00e4lteren Bev\u00f6lkerung.<\/strong><\/h3>\n<p>Die politische Beteiligung erf\u00fcllt in der Demokratie zahlreiche Funktionen. Insbesondere die pers\u00f6nliche Teilhabe der B\u00fcrger zur St\u00e4rkung des Systems, niedergelegt in Art. 20 GG. Eine direkte Aus\u00fcbung der Staatsgewalt ist auf Kommunaler Ebene nicht vorgesehen. Mit der Stimmabgabe bei den Wahlen entscheiden die B\u00fcrger \u00fcber die Besetzung der politischen F\u00fchrungspositionen. Die demokratisch bestellten Organe handeln im Auftrag und im Interesse der B\u00fcrger. Die Kommunalparlamente sind ehrenamtlich t\u00e4tig und auf die Vorarbeit der Verwaltung angewiesen. Diese handelt vorwiegend aus fiskalischen \u00dcberlegungen (<a href=\"https:\/\/dejure.org\/gesetze\/GemO\/10.html\" data-wpel-link=\"external\" target=\"_self\" rel=\"nofollow external noopener noreferrer\" title=\"Externer Link: \u00a7 28 Abs.2 GO BW\" class=\"ext-link wpel-icon-right\">\u00a7 28 Abs.2 GO BW<span class=\"wpel-icon wpel-image wpel-icon-6\"><\/span><\/a>).<\/p>\n<p>Der Einfluss von B\u00fcrger- und Protestbewegungen nimmt durch die m\u00f6gliche Vernetzung mittels des Internets zu und tr\u00e4gt nicht zur Versachlichung und demokratischen Auseinandersetzung bei. \u00a0Auch in den Kommunen ist Artikel 28 GG zu beachten und muss den Regeln des demokratischen und sozialen Rechtsstaates im Sinne dieses Grundgesetzes entsprechen.<\/p>\n<p><a href=\"https:\/\/dejure.org\/gesetze\/GG\/28.html\" data-wpel-link=\"external\" target=\"_self\" rel=\"nofollow external noopener noreferrer\" title=\"Externer Link: Artikel 28 Absatz 2 GG\" class=\"ext-link wpel-icon-right\">Artikel 28 Absatz 2 GG<span class=\"wpel-icon wpel-image wpel-icon-6\"><\/span><\/a><\/p>\n<p>\u201eDen\u00a0Gemeinden mu\u00df das Recht gew\u00e4hrleistet sein, alle Angelegenheiten der \u00f6rtlichen Gemeinschaft im Rahmen der Gesetze in eigener Verantwortung zu regeln.\u00a0Auch\u00a0die Gemeindeverb\u00e4nde haben im Rahmen ihres gesetzlichen Aufgabenbereiches nach Ma\u00dfgabe der Gesetze das Recht der Selbstverwaltung.\u00a0Die Gew\u00e4hrleistung der Selbstverwaltung umfa\u00dft auch die Grundlagen der finanziellen Eigenverantwortung;\u00a0zu diesen Grundlagen geh\u00f6rt eine den Gemeinden mit Hebesatzrecht zustehende wirtschaftskraftbezogene Steuerquelle.\u201c<\/p>\n<p>Damit ist den Gemeinden auch die Verantwortung f\u00fcr die \u00f6rtliche Altenpolitik als Aufgabe zugewiesen. Sie hat daf\u00fcr Sorge zu tragen, \u201ejedes Mitglied und jede Gruppe der Gesellschaft zum guten Leben und Handeln zu bef\u00e4higen und ihnen gleiche Chancen zu bieten, am Leben der Gemeinschaft teilzunehmen\u201c. (Siebter Altenbericht, S. 35)\u00a0 Forderungen und Erkenntnisse m\u00fcssen nicht nur formuliert werden.<\/p>\n<h2><strong>Direkte Demokratie funktioniert nur durch handelnde Menschen<\/strong><\/h2>\n<p><strong>Beitrag wird fortgef\u00fchrt.<\/strong><\/p>\n<p><a name=\"_Toc161164893\"><\/a>Seniorenrecht ein \u201eneues\u201c Rechtsgebiet<\/p>\n<p>Seniorenr\u00e4te \u2013 als eine gro\u00dfe B\u00fcrgerinitiative<\/p>\n<p>Daran wird sich anschlie\u00dfen: M\u00f6gliche Ausgestaltung der Seniorenvertretung<\/p>\n<p><strong>Ihre Meinung ist gefragt<\/strong>, diskutieren Sie mit.<\/p>\n<p><strong>***********************<\/strong><\/p>\n<p><strong>W<\/strong>ollen Sie keinen Beitrag verpassen, abonnieren Sie den,\u00a0<a href=\"https:\/\/unser-quartier.de\/oberhausen\/service\/newsletter\/\" data-wpel-link=\"internal\">kostenfreie Newsletter<\/a>.\u00a0 Welche Themen sollen wir aufnehmen? Hinweise f\u00fcr Senioren, Veranstaltungen etc., nehmen wir gerne auf.<\/p>\n<p><strong>W<\/strong>aren die Informationen hilfreich, sagen Sie es weiter. Kritik und Anregungen erbitten wir direkt an uns<strong>.<\/strong><\/p>\n","protected":false},"excerpt":{"rendered":"<p>Fortsetzung des Beitrages vom 23.2.24: darin beschrieben: Grunds\u00e4tzliches; Die Verschiebung der Verantwortung; M\u00fcssen Pflegebed\u00fcrftigen und ihre Angeh\u00f6rigen auf der Strecke bleiben. Kein weiter so; Was ich nicht wei\u00df, macht mich nicht hei\u00df;\u00a0Nehmen wir die Worte als bare M\u00fcnze\u00a0 Es folgt: Das notwendige Engagement oder eine verordnete Beruhigungspille\u00a0 T\u00e4tigkeiten von Seniorenvertretungen f\u00fcr Gemeinden\u00a0 Wunsch und Wirklichkeit&hellip; <a class=\"continue\" href=\"https:\/\/unser-quartier.de\/oberhausen\/2024\/03\/die-eigenstaendige-seniorenvertretung-02\/sraebiger\/\" data-wpel-link=\"internal\"> \u00bb weiterlesen: <span> Die (eigenst\u00e4ndige) Seniorenvertretung (02)<\/span><\/a><\/p>\n","protected":false},"author":612,"featured_media":11859,"comment_status":"open","ping_status":"closed","sticky":false,"template":"","format":"standard","meta":{"_monsterinsights_skip_tracking":false,"_monsterinsights_sitenote_active":false,"_monsterinsights_sitenote_note":"","_monsterinsights_sitenote_category":0,"generate_page_header":"","footnotes":""},"categories":[1520,1,5,2695],"tags":[3678,3682,3708,1498,3681,2330,1521,3709,3684,3679,3683,1385,3680,3636,115],"class_list":["post-18332","post","type-post","status-publish","format-standard","has-post-thumbnail","hentry","category-heimbeirat","category-dies-und-das","category-recht","category-seniorenbeirat","tag-art-28-abs-2-gg","tag-babara-steffens","tag-buergerraete","tag-demokratie","tag-drs-18-7970","tag-ehrenamt","tag-engagement","tag-ernaehrung-im-wandel","tag-karl-josef-laumann","tag-landesarbeitsgemeinschaft","tag-landesseniorenrat-bayern","tag-pflegekammer","tag-seniorenbueros","tag-seniorenmitwirkungsgesetz","tag-seniorenvertretung"],"_links":{"self":[{"href":"https:\/\/unser-quartier.de\/oberhausen\/wp-json\/wp\/v2\/posts\/18332","targetHints":{"allow":["GET"]}}],"collection":[{"href":"https:\/\/unser-quartier.de\/oberhausen\/wp-json\/wp\/v2\/posts"}],"about":[{"href":"https:\/\/unser-quartier.de\/oberhausen\/wp-json\/wp\/v2\/types\/post"}],"author":[{"embeddable":true,"href":"https:\/\/unser-quartier.de\/oberhausen\/wp-json\/wp\/v2\/users\/612"}],"replies":[{"embeddable":true,"href":"https:\/\/unser-quartier.de\/oberhausen\/wp-json\/wp\/v2\/comments?post=18332"}],"version-history":[{"count":4,"href":"https:\/\/unser-quartier.de\/oberhausen\/wp-json\/wp\/v2\/posts\/18332\/revisions"}],"predecessor-version":[{"id":19120,"href":"https:\/\/unser-quartier.de\/oberhausen\/wp-json\/wp\/v2\/posts\/18332\/revisions\/19120"}],"wp:featuredmedia":[{"embeddable":true,"href":"https:\/\/unser-quartier.de\/oberhausen\/wp-json\/wp\/v2\/media\/11859"}],"wp:attachment":[{"href":"https:\/\/unser-quartier.de\/oberhausen\/wp-json\/wp\/v2\/media?parent=18332"}],"wp:term":[{"taxonomy":"category","embeddable":true,"href":"https:\/\/unser-quartier.de\/oberhausen\/wp-json\/wp\/v2\/categories?post=18332"},{"taxonomy":"post_tag","embeddable":true,"href":"https:\/\/unser-quartier.de\/oberhausen\/wp-json\/wp\/v2\/tags?post=18332"}],"curies":[{"name":"wp","href":"https:\/\/api.w.org\/{rel}","templated":true}]}}