{"id":21339,"date":"2024-08-30T10:55:40","date_gmt":"2024-08-30T08:55:40","guid":{"rendered":"https:\/\/unser-quartier.de\/oberhausen\/?p=21339"},"modified":"2024-08-23T17:39:31","modified_gmt":"2024-08-23T15:39:31","slug":"september-news-4","status":"publish","type":"post","link":"https:\/\/unser-quartier.de\/oberhausen\/2024\/08\/september-news-4\/sraebiger\/","title":{"rendered":"September News"},"content":{"rendered":"<h2><strong>Altersdemenz hinausschieben!<\/strong><\/h2>\n<p><strong>Neben k\u00f6rperlicher Bet\u00e4tigung ist Bildung notwendig, das Lernen und die Auseinandersetzung mit sich selbst, seiner Umwelt und der Gesellschaft. Siehe dazu unsere Veranstaltungshinweise. Bleiben Sie am Ball. Seien Sie kritisch. Themen, die in den Medien plakativ aufgegriffen werden, verfolgen wir. \u00d6ffentlichkeit und herrschende Meinung bilden oft nicht die breite b\u00fcrgerliche Meinung. Wir sp\u00fcren Pro und Contra nach. &#8211; Demenz-Beitrag 13.9.24 &#8211;\u00a0 Einmal im Monat erscheinen News.<\/strong><\/p>\n<p><strong>Aus und und L\u00e4ndern, # Sozialhilfeausgaben in NRW# Urteil(e) # Veranstaltungshinweise, Themensplitter:<\/strong><\/p>\n<p><strong># Depressionen und dann\u00a0 <\/strong><strong># Nui Care\u00a0 <\/strong><strong># Warum Reform der Pflegeversicherung?<\/strong><\/p>\n<h2><strong># Bund<\/strong><\/h2>\n<p>Einige Bundesl\u00e4nder haben Pflegebeauftragte eingesetzt, die zum Teil auch die Funktion von informellen Ombudsstellen wahrnehmen. Dazu z\u00e4hlen Bayern, Berlin, Niedersachsen, Nordrhein-Westfalen und das Saarland.<\/p>\n<h2><strong># Aus den L\u00e4ndern<\/strong><\/h2>\n<p><strong>Abrechnungsbetrug<\/strong> bleibt in der Pflege und im Gesundheitswesen ein Problem: Allein die AOK Hessen hat in den letzten zwei Jahren 650 neue F\u00e4lle von Abrechnungsbetrug aufgedeckt. Die festgestellten Sch\u00e4den beliefen sich auf <strong>\u00fcber 3,5 Millionen Euro<\/strong>. Dabei gehe es oft um &#8222;Luftleistungen&#8220;, so die AOK und meint damit Doppelabrechnungen, Urkundenf\u00e4lschung und Leistungsmissbrauch. Das Ermittlungsteam der AOK Hessen ging mehr als 1.100 Hinweisen nach, deutlich mehr als in den Jahren zuvor.<\/p>\n<p>Kriminelle Betreiber von Pflegediensten und Pflegeheimen werden bei Abrechnungsbetrug kreativ: Es werden nicht erbrachte Leistungen abgerechnet knapp eine Million Euro in der h\u00e4uslichen Krankenpflege, Fahrtkosten gef\u00e4lscht bei rund einer Million Euro, AOK Hessen, mehr als 850.000 Euro\u00a0 im Bereich Arznei, Verbands- und Hilfsmittel an. Bei der Fallzahl lag die Abrechnung nicht erbrachter Leistungen mit \u00fcber 500 F\u00e4llen vor.<\/p>\n<h2><strong># Sozialhilfeausgaben in NRW<\/strong><\/h2>\n<p><strong>Sozialhilfeausgaben im Jahr 2023 um 15,7 Prozent gestiegen.\u00a0 Hilfe zur Pflege n\u00e4hert sich dem Corona-Hoch.<\/strong><\/p>\n<div class=\"press__teaser-text\">\n<p>Den st\u00e4rksten prozentualen Anstieg gab es bei der \u201eHilfe zur Pflege\u201d mit +23,1 Prozent.\u00a0 <a href=\"https:\/\/www.it.nrw\/nrw-sozialhilfeausgaben-im-jahr-2023-gestiegen\" target=\"_blank\" rel=\"noopener nofollow external noreferrer\" data-wpel-link=\"external\" title=\"Externer Link: &lt;strong&gt;Hier zur Statistik&lt;\/strong&gt;\" class=\"ext-link wpel-icon-right\"><strong>Hier zur Statistik<\/strong><span class=\"wpel-icon wpel-image wpel-icon-6\"><\/span><\/a>.<\/p>\n<\/div>\n<h2><strong># Urteil<\/strong><\/h2>\n<p>Die Anbieter von ambulanten Diensten im Betreuten Wohnen fordern nun die Anerkennung nach SGB XI und damit auch die Steuerfreiheit von Leistungen im Bereich des betreuten Wohnens. <a href=\"https:\/\/openjur.de\/u\/2480682.html\" data-wpel-link=\"external\" target=\"_self\" rel=\"nofollow external noopener noreferrer\" title=\"Externer Link: FG M\u00fcnster, Urteil vom 11.12.2023 \u2013 15\u00a0K\u00a0448\/20\u00a0U\" class=\"ext-link wpel-icon-right\">FG M\u00fcnster, Urteil vom 11.12.2023 \u2013 15\u00a0K\u00a0448\/20\u00a0U<span class=\"wpel-icon wpel-image wpel-icon-6\"><\/span><\/a>\u00a0\u00a0 <strong>Wer denkt an die Umsatzsteuerbefreiung der Hilfsmittel der 5 Millionen in der H\u00e4uslichkeit.<\/strong><\/p>\n<h2><strong># Veranstaltung:<\/strong><\/h2>\n<p>Sozialkonferenz Ruhr, <a href=\"https:\/\/www.rvr.ruhr\/fileadmin\/user_upload\/01_RVR_Home\/02_Themen\/Wissen_Bildung_Soziales\/Sozialkonferenz\/Sozialkonferenz_2023\/SKR_2024_Programm.pdf\" class=\"mtli_attachment mtli_pdf ext-link wpel-icon-right\" data-wpel-link=\"external\" target=\"_self\" rel=\"nofollow external noopener noreferrer\" title=\"Externer Link: Programm\">Programm<span class=\"wpel-icon wpel-image wpel-icon-6\"><\/span><\/a> Mi.11.9.24 Mercatorhalle Duisburg, Zur kostenfreien <a href=\"https:\/\/www.rvr.ruhr\/themen\/arbeit-soziales\/sozialkonferenz\/anmeldung-sozialkonferenz-ruhr-2024\/\" data-wpel-link=\"external\" target=\"_self\" rel=\"nofollow external noopener noreferrer\" title=\"Externer Link: Anmeldung\" class=\"ext-link wpel-icon-right\">Anmeldung<span class=\"wpel-icon wpel-image wpel-icon-6\"><\/span><\/a><\/p>\n<p><a href=\"https:\/\/unser-quartier.de\/oberhausen\/events\/altersdiskriminierung-und-altersarmut\/\" data-wpel-link=\"internal\">Altersdiskriminierung und Altersarmut<\/a>\u00a0 30.9. -02.Okt K\u00f6nigswinter<\/p>\n<p><a href=\"https:\/\/unser-quartier.de\/oberhausen\/events\/digital-unterwegs-wir-nutzen-vorteile\/\" data-wpel-link=\"internal\">Digital unterwegs! Wir nutzen Vorteile<\/a>!\u00a0 14.-16-Okt. K\u00f6nigswinter<\/p>\n<p><a href=\"https:\/\/www.azk-csp.de\/seminars\/fit-und-vital-in-den-ruhestand\/\" data-wpel-link=\"external\" target=\"_self\" rel=\"nofollow external noopener noreferrer\" title=\"Externer Link: Fit und Vital in den Ruhestand\" class=\"ext-link wpel-icon-right\">Fit und Vital in den Ruhestand<span class=\"wpel-icon wpel-image wpel-icon-6\"><\/span><\/a>\u00a0\u00a0 \u00a0\u00a0\u00a0\u00a0\u00a0\u00a0\u00a0\u00a0\u00a0\u00a0\u00a0\u00a0\u00a0\u00a0\u00a0 04.-08. Nov. K\u00f6nigswinter<\/p>\n<h2><strong># Depressionen und dann<\/strong><\/h2>\n<p>Depressionen kann jeden treffen und geh\u00f6ren zu den h\u00e4ufigsten und hinsichtlich ihrer Schwere am meisten untersch\u00e4tzten Erkrankungen. Insgesamt erkranken in Deutschland ca.\u00a0<strong>5,3\u00a0Mio. Menschen<\/strong>\u00a0im Laufe eines Jahres an einer behandlungsbed\u00fcrftigen, unipolaren Depression, von der allerdings nur eine Minderheit eine optimale Behandlung erh\u00e4lt. <strong><a href=\"https:\/\/www.deutsche-depressionshilfe.de\/depression-infos-und-hilfe\/wo-finde-ich-hilfe\" data-wpel-link=\"external\" target=\"_self\" rel=\"nofollow external noopener noreferrer\" title=\"Externer Link: Wo finde ich Hilfe?\" class=\"ext-link wpel-icon-right\">Wo finde ich Hilfe?<span class=\"wpel-icon wpel-image wpel-icon-6\"><\/span><\/a>\u00a0 <a href=\"https:\/\/www.deutsche-depressionshilfe.de\/ueber-uns\/das-buendnis\/regionale-angebote\" data-wpel-link=\"external\" target=\"_self\" rel=\"nofollow external noopener noreferrer\" title=\"Externer Link: Regionale Angebote\" class=\"ext-link wpel-icon-right\">Regionale Angebote<span class=\"wpel-icon wpel-image wpel-icon-6\"><\/span><\/a><\/strong><\/p>\n<h2><strong># Nui Care<\/strong><\/h2>\n<p>Von den 20 Millionen ADAC Mitgliedern sind nach einer internen Umfrage rund drei Millionen in die h\u00e4usliche Pflege von Angeh\u00f6rigen involviert \u2013 eine Million davon sogar hauptverantwortlich. Mitglieder k\u00f6nnen bis Januar 2025 kostenlos die Pflege-App \u201eNui Care\u201c herunterladen und verwenden. Die ADAC SE f\u00fcr jeden Download der App mit g\u00fcltiger Vereins-Registrierung 1,00 Euro an die vereinseigene Stiftung f\u00fcr ihre Einzelfallhilfe, sowie weitere 1,00 Euro an das Universit\u00e4tsklinikum Hamburg-Eppendorf zur Erforschung der Belastungen von pflegenden Angeh\u00f6rigen spenden.<\/p>\n<h2><strong># Warum Reform der Pflegeversicherung?<\/strong><\/h2>\n<p>Oder Betreuung in W\u00fcrde bei 50 % Singlehaushalten Sendung des Deutschlandfunks <a href=\"https:\/\/www.deutschlandfunk.de\/wachsende-probleme-bei-altenpflege-hilft-ein-rechtsanspruch-auf-heimplaetze-dlf-87620049-100.html\" data-wpel-link=\"external\" target=\"_self\" rel=\"nofollow external noopener noreferrer\" title=\"Externer Link: vom 14.6.23\" class=\"ext-link wpel-icon-right\">vom 14.6.23<span class=\"wpel-icon wpel-image wpel-icon-6\"><\/span><\/a><\/p>\n<p>Dazu \u201eKostenfalle Pflegeeinrichtung durch fehlende Preisauszeichnung\u201c Sendung: NDR1 <a href=\"https:\/\/www.ndr.de\/nachrichten\/schleswig-holstein\/Pflegeheime-Verbraucherschuetzer-fordern-Transparenz-bei-Kosten,pflegeheim452.html\" data-wpel-link=\"external\" target=\"_self\" rel=\"nofollow external noopener noreferrer\" title=\"Externer Link: Welle Nord 10.7.23\u00a0 17:00 Uhr\" class=\"ext-link wpel-icon-right\">Welle Nord 10.7.23\u00a0 17:00 Uhr<span class=\"wpel-icon wpel-image wpel-icon-6\"><\/span><\/a><\/p>\n<p>Die Forderung muss lauten:<\/p>\n<ul>\n<li>\u201e<strong>Auch f\u00fcr die Pflege muss die Preisauszeichnungsverordnung gelten.<\/strong>\u201c<\/li>\n<li>Entgeltvereinbarung sind notwendige Bestandteile der Heimvertr\u00e4ge.<\/li>\n<\/ul>\n<p>Bereits 2019 lautete unser Beitrag: <a href=\"https:\/\/unser-quartier.de\/oberhausen\/2019\/11\/investitionskosten-in-der-pflege-explodieren\/\" data-wpel-link=\"internal\">Investitionskosten in der Pflege explodieren<\/a> und ein Jahr sp\u00e4ter griffen wir das Thema neu auf: <a href=\"https:\/\/unser-quartier.de\/oberhausen\/2020\/08\/investitionskosten-von-pflegeeinrichtungen\/\" data-wpel-link=\"internal\">Investitionskosten von Pflegeeinrichtungen<\/a>.<\/p>\n<p>Einige Bundesl\u00e4nder haben Pflegebeauftragte eingesetzt, die zum Teil auch die Funktion von informellen Ombudsstellen wahrnehmen. Dazu z\u00e4hlen Bayern, Berlin, Niedersachsen, Nordrhein-Westfalen und das Saarland.<\/p>\n","protected":false},"excerpt":{"rendered":"<p>Altersdemenz hinausschieben! Neben k\u00f6rperlicher Bet\u00e4tigung ist Bildung notwendig, das Lernen und die Auseinandersetzung mit sich selbst, seiner Umwelt und der Gesellschaft. Siehe dazu unsere Veranstaltungshinweise. Bleiben Sie am Ball. Seien Sie kritisch. Themen, die in den Medien plakativ aufgegriffen werden, verfolgen wir. \u00d6ffentlichkeit und herrschende Meinung bilden oft nicht die breite b\u00fcrgerliche Meinung. Wir sp\u00fcren&hellip; <a class=\"continue\" href=\"https:\/\/unser-quartier.de\/oberhausen\/2024\/08\/september-news-4\/sraebiger\/\" data-wpel-link=\"internal\"> \u00bb weiterlesen: <span> September News<\/span><\/a><\/p>\n","protected":false},"author":612,"featured_media":12553,"comment_status":"open","ping_status":"closed","sticky":false,"template":"","format":"standard","meta":{"_monsterinsights_skip_tracking":false,"_monsterinsights_sitenote_active":false,"_monsterinsights_sitenote_note":"","_monsterinsights_sitenote_category":0,"generate_page_header":"","footnotes":""},"categories":[3,1,5,2695,39],"tags":[3573,3901,3902,2332,3904,3903,3905,3315,3865,3913,3403],"class_list":["post-21339","post","type-post","status-publish","format-standard","has-post-thumbnail","hentry","category-freizeit","category-dies-und-das","category-recht","category-seniorenbeirat","category-tabus","tag-abrechnungsbetrug","tag-aus-den-laendern","tag-depression-und-dann","tag-deutschlandfunk","tag-ndr-1","tag-nui-care","tag-ombudsstellen","tag-pflegebeauftragte","tag-reform-der-pflegeversicherung","tag-sozialhilfe-in-nrw","tag-veranstaltungen"],"_links":{"self":[{"href":"https:\/\/unser-quartier.de\/oberhausen\/wp-json\/wp\/v2\/posts\/21339","targetHints":{"allow":["GET"]}}],"collection":[{"href":"https:\/\/unser-quartier.de\/oberhausen\/wp-json\/wp\/v2\/posts"}],"about":[{"href":"https:\/\/unser-quartier.de\/oberhausen\/wp-json\/wp\/v2\/types\/post"}],"author":[{"embeddable":true,"href":"https:\/\/unser-quartier.de\/oberhausen\/wp-json\/wp\/v2\/users\/612"}],"replies":[{"embeddable":true,"href":"https:\/\/unser-quartier.de\/oberhausen\/wp-json\/wp\/v2\/comments?post=21339"}],"version-history":[{"count":4,"href":"https:\/\/unser-quartier.de\/oberhausen\/wp-json\/wp\/v2\/posts\/21339\/revisions"}],"predecessor-version":[{"id":21523,"href":"https:\/\/unser-quartier.de\/oberhausen\/wp-json\/wp\/v2\/posts\/21339\/revisions\/21523"}],"wp:featuredmedia":[{"embeddable":true,"href":"https:\/\/unser-quartier.de\/oberhausen\/wp-json\/wp\/v2\/media\/12553"}],"wp:attachment":[{"href":"https:\/\/unser-quartier.de\/oberhausen\/wp-json\/wp\/v2\/media?parent=21339"}],"wp:term":[{"taxonomy":"category","embeddable":true,"href":"https:\/\/unser-quartier.de\/oberhausen\/wp-json\/wp\/v2\/categories?post=21339"},{"taxonomy":"post_tag","embeddable":true,"href":"https:\/\/unser-quartier.de\/oberhausen\/wp-json\/wp\/v2\/tags?post=21339"}],"curies":[{"name":"wp","href":"https:\/\/api.w.org\/{rel}","templated":true}]}}