{"id":2200,"date":"2018-02-15T20:10:32","date_gmt":"2018-02-15T19:10:32","guid":{"rendered":"https:\/\/unser-quartier.de\/oberhausen\/?p=2200"},"modified":"2018-02-15T20:10:32","modified_gmt":"2018-02-15T19:10:32","slug":"quartierskonzepte-in-der-altenhilfe","status":"publish","type":"post","link":"https:\/\/unser-quartier.de\/oberhausen\/2018\/02\/quartierskonzepte-in-der-altenhilfe\/sraebiger\/","title":{"rendered":"Quartierskonzepte in der Altenhilfe"},"content":{"rendered":"<h2>Idee<\/h2>\n<p>Unter dem Schlagwort \u201eQuartier\u201c oder \u201eQuartierskonzept\u201c versteht man nicht weniger als eine tiefgreifende Strukturver\u00e4nderung in der Altenhilfe. Quartierskonzepte sollen einen sozialen Raum schaffen, in dem es durch koordinierte Angebote und gegenseitige Hilfen auch \u00e4lteren und pflegebed\u00fcrftigen Menschen m\u00f6glich ist, in ihrem vertrauten Umfeld wohnen bleiben zu k\u00f6nnen.<\/p>\n<p>Quartierskonzepte sollen als Teil des allgemeinen Grundsatzes \u201eambulant vor station\u00e4r\u201c, der mit Einf\u00fchrung der Pflegeversicherung 1995 etabliert wurde, Antwort auf zwei Probleme geben: Zum einen hofft man so dem Wunsch der Menschen zu entsprechen, in ihren \u201eeigenen vier W\u00e4nden\u201c wohnen zu bleiben. Zum anderen soll damit zur Entlastung der Sicherungssysteme beigetragen werden, indem weniger Menschen die vergleichsweise teure station\u00e4re Versorgung in Anspruch nehmen.<\/p>\n<p><a href=\"https:\/\/www.biva.de\/quartierskonzepte-in-der-altenhilfe\/\" target=\"_blank\" rel=\"noopener nofollow external noreferrer\" data-wpel-link=\"external\" title=\"Externer Link: weiterlesen\" class=\"ext-link wpel-icon-right\">weiterlesen<span class=\"wpel-icon wpel-image wpel-icon-6\"><\/span><\/a><\/p>\n","protected":false},"excerpt":{"rendered":"<p>Idee Unter dem Schlagwort \u201eQuartier\u201c oder \u201eQuartierskonzept\u201c versteht man nicht weniger als eine tiefgreifende Strukturver\u00e4nderung in der Altenhilfe. Quartierskonzepte sollen einen sozialen Raum schaffen, in dem es durch koordinierte Angebote und gegenseitige Hilfen auch \u00e4lteren und pflegebed\u00fcrftigen Menschen m\u00f6glich ist, in ihrem vertrauten Umfeld wohnen bleiben zu k\u00f6nnen. Quartierskonzepte sollen als Teil des allgemeinen Grundsatzes&hellip; <a class=\"continue\" href=\"https:\/\/unser-quartier.de\/oberhausen\/2018\/02\/quartierskonzepte-in-der-altenhilfe\/sraebiger\/\" data-wpel-link=\"internal\"> \u00bb weiterlesen: <span> Quartierskonzepte in der Altenhilfe<\/span><\/a><\/p>\n","protected":false},"author":612,"featured_media":0,"comment_status":"closed","ping_status":"closed","sticky":false,"template":"","format":"standard","meta":{"_monsterinsights_skip_tracking":false,"_monsterinsights_sitenote_active":false,"_monsterinsights_sitenote_note":"","_monsterinsights_sitenote_category":0,"generate_page_header":"","footnotes":""},"categories":[1,4,38],"tags":[304,217,303,302,67,55,301,128],"class_list":["post-2200","post","type-post","status-publish","format-standard","hentry","category-dies-und-das","category-unterstuetzung","category-wohnen","tag-ambulant-vor-stationaer","tag-biva","tag-chancen","tag-geschichte","tag-kda","tag-koordination","tag-quartierskonzept","tag-vernetzung"],"_links":{"self":[{"href":"https:\/\/unser-quartier.de\/oberhausen\/wp-json\/wp\/v2\/posts\/2200","targetHints":{"allow":["GET"]}}],"collection":[{"href":"https:\/\/unser-quartier.de\/oberhausen\/wp-json\/wp\/v2\/posts"}],"about":[{"href":"https:\/\/unser-quartier.de\/oberhausen\/wp-json\/wp\/v2\/types\/post"}],"author":[{"embeddable":true,"href":"https:\/\/unser-quartier.de\/oberhausen\/wp-json\/wp\/v2\/users\/612"}],"replies":[{"embeddable":true,"href":"https:\/\/unser-quartier.de\/oberhausen\/wp-json\/wp\/v2\/comments?post=2200"}],"version-history":[{"count":0,"href":"https:\/\/unser-quartier.de\/oberhausen\/wp-json\/wp\/v2\/posts\/2200\/revisions"}],"wp:attachment":[{"href":"https:\/\/unser-quartier.de\/oberhausen\/wp-json\/wp\/v2\/media?parent=2200"}],"wp:term":[{"taxonomy":"category","embeddable":true,"href":"https:\/\/unser-quartier.de\/oberhausen\/wp-json\/wp\/v2\/categories?post=2200"},{"taxonomy":"post_tag","embeddable":true,"href":"https:\/\/unser-quartier.de\/oberhausen\/wp-json\/wp\/v2\/tags?post=2200"}],"curies":[{"name":"wp","href":"https:\/\/api.w.org\/{rel}","templated":true}]}}