{"id":22307,"date":"2024-11-29T10:48:36","date_gmt":"2024-11-29T09:48:36","guid":{"rendered":"https:\/\/unser-quartier.de\/oberhausen\/?p=22307"},"modified":"2024-11-09T16:59:01","modified_gmt":"2024-11-09T15:59:01","slug":"sind-wir-aufs-alter-vorbereitet","status":"publish","type":"post","link":"https:\/\/unser-quartier.de\/oberhausen\/2024\/11\/sind-wir-aufs-alter-vorbereitet\/sraebiger\/","title":{"rendered":"Sind wir aufs Alter vorbereitet?"},"content":{"rendered":"<blockquote>\n<h2><strong>Vorsorgen kann unwirtschaftlich werden<\/strong><\/h2>\n<\/blockquote>\n<p>Jeder w\u00fcnscht sich, den Ruhestand sorgenfrei und aktiv verbringen zu k\u00f6nnen. Das Augenmerk wird \u00fcberwiegend auf die ausreichende finanzielle Absicherung gelegt. Gleichzeitig stehen in einer alternden Bev\u00f6lkerung vermehrt Menschen, insbesondere Frauen und insbesondere in der sp\u00e4ten Erwerbsphase, vor der Aufgabe, Erwerbsarbeit und famili\u00e4re Pflegeaufgaben zu kombinieren, weil der Pflegeberuf nicht die gesellschaftliche Anerkennung gefunden hat. &#8222;<a href=\"https:\/\/unser-quartier.de\/oberhausen\/2020\/04\/aelter-wirst-du-sowieso\/\" target=\"_blank\" rel=\"noopener\" data-wpel-link=\"internal\">\u00c4lter wirst Du sowieso<\/a>&#8222;<\/p>\n<p><strong>Eine starke soziale Sicherung ist entscheidend f\u00fcr einen gelungenen \u00dcbergang in den Ruhestand, <\/strong><a href=\"https:\/\/www.bpb.de\/kurz-knapp\/zahlen-und-fakten\/sozialbericht-2024\/553334\/soziale-sicherung-und-uebergaenge-in-den-ruhestand\/\" target=\"_blank\" rel=\"noopener nofollow external noreferrer\" data-wpel-link=\"external\" title=\"Externer Link: &lt;strong&gt;Kapitel 9 des Sozialberichtes 2024&lt;\/strong&gt;\" class=\"ext-link wpel-icon-right\"><strong>Kapitel 9 des Sozialberichtes 2024<\/strong><span class=\"wpel-icon wpel-image wpel-icon-6\"><\/span><\/a><strong>.<\/strong><\/p>\n<p>Von den Medien wird nicht Kapitel 9 sondern <a href=\"https:\/\/www.bpb.de\/kurz-knapp\/zahlen-und-fakten\/sozialbericht-2024\/553227\/private-vermoegen-hoehe-entwicklung-und-verteilung\/\" target=\"_blank\" rel=\"noopener nofollow external noreferrer\" data-wpel-link=\"external\" title=\"Externer Link: Kapitel 5.4\" class=\"ext-link wpel-icon-right\">Kapitel 5.4<span class=\"wpel-icon wpel-image wpel-icon-6\"><\/span><\/a> \u201e<a href=\"https:\/\/www.bpb.de\/kurz-knapp\/zahlen-und-fakten\/sozialbericht-2024\/553227\/private-vermoegen-hoehe-entwicklung-und-verteilung\/\" target=\"_blank\" rel=\"noopener nofollow external noreferrer\" data-wpel-link=\"external\" title=\"Externer Link: Das Verm\u00f6gen\" class=\"ext-link wpel-icon-right\">Das Verm\u00f6gen<span class=\"wpel-icon wpel-image wpel-icon-6\"><\/span><\/a>\u201c herausgestellt. So ist zu lesen: \u201eZwischen 2010 und 2021 ist das Verm\u00f6gen der Haushalte in Deutschland im Schnitt um 62 % gestiegen. Von 195.200 \u20acuro auf 316.500 Euro. Die Inflation eingerechnet bleibt ein Zuwachs von 39%\u201c Weiter hei\u00dft es: \u201cOstdeutsche Haushalte verf\u00fcgen allerdings mit 150.900 Euro \u00fcber ein deutlich geringeres Verm\u00f6gen als westdeutsche Haushalte mit 359.800 Euro\u201c so NRZ\/WAZ vom 7.11.2024 laut dpa. <strong>Diese Aussage dient nicht zur Befriedung, jedoch zur Vertiefung der Spaltung zwischen Ost und West und verharmlost gleichzeitig die fehlende Planung und altengerechte Ausstattung; Geld ist genug da, jeder kann seine Bed\u00fcrfnisse umsetzen.<\/strong><\/p>\n<h2><strong>Zur Wahrheit geh\u00f6rt:<\/strong><\/h2>\n<p>Fast die H\u00e4lfte (46,4 %) der armutsgef\u00e4hrdeten B\u00fcrger k\u00f6nnen keine private finanzielle Vorsorge f\u00fcrs Alter betreiben und sind froh, \u00fcber die Runden zu kommen. Das von der FDP angedachte Altersvorsorgekonzept kommt f\u00fcr die vorgenannten nicht in Betracht; sie sind auf Dauer auf staatliche Hilfe angewiesen.<\/p>\n<p>Die Frage, ob ausreichend finanziell f\u00fcr das Alter vorgesorgt wird, greift zu kurz.<\/p>\n<ul>\n<li>Wie steht es um die Barrierefreiheit in den Wohnungen bei nachlassenden k\u00f6rperlichen F\u00e4higkeiten?<\/li>\n<li>Welche nachbarschaftlichen Kontakte werden zur gegenseitigen Unterst\u00fctzung gepflegt.<\/li>\n<li>Wie weit sind Patientenverf\u00fcgungen, Vorsorgevollmachten und Betreuungsvollmachten verbreitet?<\/li>\n<li>Welche Pflege kann in der H\u00e4uslichkeit geleistet werden.<\/li>\n<\/ul>\n<p><strong>Warum befasst sich nur jeder Zweite mit seinem letzten Willen.<\/strong> Welches Denken herrscht vor? Nach mir die Sintflut, ich habe nichts zu vererben oder ich habe entsprechend vorgesorgt. Ist es die Angst \u00fcber den Tod und die Hinterbliebenen nachzudenken oder die Pflegebed\u00fcrftigkeit und die notwendige Barrierefreiheit in den eigenen vier W\u00e4nden zu planen.<\/p>\n<p>Eine verbreitete Art der verantwortlichen Vorsorge, neben den Renteneink\u00fcnften waren und sind Immobilien: Tats\u00e4chlich besitzen fast zwei Drittel (62,7 %) der Deutschen zwischen 45 und 64 Jahren ein Haus, eine Wohnung oder ein Grundst\u00fcck. Die Motivation das Familiengl\u00fcck mit Kindern in ausreichenden R\u00e4umlichkeiten. Sehr oft hart erspart durch \u00dcberstunden, preiswerte Urlaube, statt Kultur, Kunst und Weiterbildung, preiswerte gemeinsame Familienausfl\u00fcge. Der neue Lebensabschnitt Ruhestand und die gesellschaftliche Teilhabe wird oft nicht vor dem Ende der Berufst\u00e4tigkeit angegangen.<\/p>\n<h2><strong>Mit Renteneintritt<\/strong><\/h2>\n<p>Die geregelte Struktur der Wochentage entf\u00e4llt. Wer sich eine Wohnung, ein Haus vom Munde abgespart hat, erh\u00e4lt durch die fehlende Kaltmiete jetzt den entsprechenden geldlichen Vorteil und kann diesen einsetzen. Was sich andere eventuell, w\u00e4hrend der Berufszeit geg\u00f6nnt haben, kann in der neuen Freizeit befreiter geplant, die langersehnten Urlaube k\u00f6nnen nach M\u00f6glichkeit nachgeholt werden. Die Enkelkinder k\u00f6nnen betreut, Freundschaften gepflegt werden. Wer im Beruf vorausschauend planen musste, wird auch den neuen Lebensabschnitt und die soziale Teilhabe aktiv planen und gestalten.<\/p>\n<p>Bereits 2012 wurde von der Europ\u00e4ischen Union vor dem Hintergrund der demographischen Entwicklung das Jahr f\u00fcr \u201eAktives Altern und der Solidarit\u00e4t zwischen den Generationen\u201c ausgerufen. \u201eAktives Altern\u201c meint dabei mehr als die k\u00f6rperliche Fitness der \u00e4lteren Generation, es zielt vor allem auf die aktive Beteiligung am gesellschaftlichen Leben.\u201c So im Vorwort \u201e<a href=\"https:\/\/shop.bzga.de\/pdf\/60640045.pdf\" class=\"mtli_attachment mtli_pdf ext-link wpel-icon-right\" target=\"_blank\" rel=\"noopener nofollow external noreferrer\" data-wpel-link=\"external\" title=\"Externer Link: Lebensphase Alter gestalten \u2013 Gesund und aktiv \u00e4lter werden\">Lebensphase Alter gestalten \u2013 Gesund und aktiv \u00e4lter werden<span class=\"wpel-icon wpel-image wpel-icon-6\"><\/span><\/a>\u201c im 45 Tagungsband der Bundeszentrale f\u00fcr gesundheitliche Aufkl\u00e4rung (BZgA). Die wissenschaftlichen Erkenntnisse sind nur teilweise in Fachgremien bekannt und keine allgemeine Erkenntnis. Vielleicht erkl\u00e4rt sich auch deshalb, dass wenige Bildungseinrichtungen entsprechende Seminare wie: \u201e<a href=\"https:\/\/unser-quartier.de\/oberhausen\/events\/ich-gehe-in-den-ruhestand\/\" target=\"_blank\" rel=\"noopener\" data-wpel-link=\"internal\">Ich gehe in den Ruhestand<\/a>\u201c anbieten.\u00a0 Oder: &#8222;<a href=\"https:\/\/bildungsurlaub.de\/seminare\/seminar_die-rente-steht-vor-der-tuer-wie-gestalte-ich-meine-neue-freiheit-wie-gehe-ich-meinen-weg-weiter_0dbc673f20.html\" target=\"_blank\" rel=\"noopener nofollow external noreferrer\" data-wpel-link=\"external\" title=\"Externer Link: Die Rente steht vor der T\u00fcr. Wie gestalte ich meine neue Freiheit? Wie gehe ich meinen Weg weiter?\" class=\"ext-link wpel-icon-right\">Die Rente steht vor der T\u00fcr. Wie gestalte ich meine neue Freiheit? Wie gehe ich meinen Weg weiter?<span class=\"wpel-icon wpel-image wpel-icon-6\"><\/span><\/a>&#8220; Dazu die Angebote der VHS vor Ort.<\/p>\n<h2><strong>Bei Pflegebed\u00fcrftigkeit<\/strong><\/h2>\n<p>Wer sich einmal aufrafft, seinen Geist in einem anerkannten Seminar in der Diskussion mit anderen zu fordern, wird erkennen, es lohnt sich Urlaub und Bildung zu vereinen. Wer sich k\u00f6rperlich und geistig fit h\u00e4lt, verl\u00e4ngert sein Leben. Ob dadurch die Pflegebed\u00fcrftigkeit entf\u00e4llt, steht in den Sternen, sie kann aber herausgez\u00f6gert werden.<\/p>\n<p>Solange der Ehepartner lebt, l\u00e4sst sich die Pflege in den eigenen Vier W\u00e4nden organisieren. Wenn jedoch ein Heimplatz erforderlich ist, beginnt sp\u00e4testens ein neuer Lebensabschnitt, der sehr selten rechtzeitig angedacht oder gar \u00fcberlegt wird. Sei es auch, weil die Medien ein schlechtes Bild zeichnen, sei es weil &#8222;ambulant vor station\u00e4r&#8220; vom Gesetz mit der &#8222;Heimbed\u00fcrftigkeit&#8220; vorgegeben ist.<\/p>\n<p><img loading=\"lazy\" decoding=\"async\" class=\"alignleft wp-image-15318\" src=\"https:\/\/unser-quartier.de\/oberhausen\/files\/2022\/09\/Frage.jpg\" alt=\"Hinweis\" width=\"100\" height=\"101\" srcset=\"https:\/\/unser-quartier.de\/oberhausen\/files\/2022\/09\/Frage.jpg 220w, https:\/\/unser-quartier.de\/oberhausen\/files\/2022\/09\/Frage-150x151.jpg 150w\" sizes=\"auto, (max-width: 100px) 100vw, 100px\" \/>Wer hat schon eine eigene Rente von \u00fcber 3.000 \u20ac und mehr. Dieser Betrag ist monatlich bereits f\u00fcr einen Heimplatz aufzubringen. Wer Sozialhilfe in Anspruch nehmen kann, erh\u00e4lt dazu noch ein monatliches sogenanntes \u201eTaschengeld\u201c als Barbetrag nach <a href=\"https:\/\/dejure.org\/gesetze\/SGB_XII\/27b.html\" data-wpel-link=\"external\" target=\"_self\" rel=\"nofollow external noopener noreferrer\" title=\"Externer Link: 27b SGB XII\" class=\"ext-link wpel-icon-right\">27b SGB XII<span class=\"wpel-icon wpel-image wpel-icon-6\"><\/span><\/a> in Verbindung mit \u00a7 28 SGB XII zur Teilhabe am sozialen und kulturellen Leben in der Gemeinschaft von derzeit 152 \u20ac (27% von 563 \u20ac). Nur wenige Rentner k\u00f6nnen wirklich 1.824 \u20ac im Jahr f\u00fcr ihr gesellschaftliches Engagement ausgeben.<\/p>\n<p>Wir wollen mit der Darstellung keine Angst sch\u00fcren. Wir wollen zum rechtzeitigen Nachdenken und Planen anregen, der Zukunft ins Auge zu sehen. Auch f\u00fcr den Fall, dass eine Pflege notwendig ist, sei es in der eigenen H\u00e4uslichkeit oder in einer der raren Einrichtungen. Die Barrierefreiheit in der H\u00e4uslichkeit und im \u00f6ffentlichen Bereich ist notwendig. nicht erst bei Pflegebed\u00fcrftigkeit.<\/p>\n<p>Der Beitrag wird unter dem Aspekt \u201e<a href=\"https:\/\/unser-quartier.de\/oberhausen\/2022\/09\/ungleichheit-im-alter\/\" target=\"_blank\" rel=\"noopener\" data-wpel-link=\"internal\">Ungleichheit im Alter<\/a>\u201c am 13.12. weiter fortgesetzt, zuvor erscheinen die Dezember NEWS<\/p>\n<h2>Was hei\u00dft es:<\/h2>\n<h3><strong>Vor staatlichen Leistungen ist das Verm\u00f6gen einzubringen. <\/strong><\/h3>\n","protected":false},"excerpt":{"rendered":"<p>Vorsorgen kann unwirtschaftlich werden Jeder w\u00fcnscht sich, den Ruhestand sorgenfrei und aktiv verbringen zu k\u00f6nnen. Das Augenmerk wird \u00fcberwiegend auf die ausreichende finanzielle Absicherung gelegt. Gleichzeitig stehen in einer alternden Bev\u00f6lkerung vermehrt Menschen, insbesondere Frauen und insbesondere in der sp\u00e4ten Erwerbsphase, vor der Aufgabe, Erwerbsarbeit und famili\u00e4re Pflegeaufgaben zu kombinieren, weil der Pflegeberuf nicht die&hellip; <a class=\"continue\" href=\"https:\/\/unser-quartier.de\/oberhausen\/2024\/11\/sind-wir-aufs-alter-vorbereitet\/sraebiger\/\" data-wpel-link=\"internal\"> \u00bb weiterlesen: <span> Sind wir aufs Alter vorbereitet?<\/span><\/a><\/p>\n","protected":false},"author":612,"featured_media":10986,"comment_status":"open","ping_status":"closed","sticky":false,"template":"","format":"standard","meta":{"_monsterinsights_skip_tracking":false,"_monsterinsights_sitenote_active":false,"_monsterinsights_sitenote_note":"","_monsterinsights_sitenote_category":0,"generate_page_header":"","footnotes":""},"categories":[3,1,1122,5],"tags":[2958,3358,3993,3992,1649,3991,3994,3995,168,249,2135,2264],"class_list":["post-22307","post","type-post","status-publish","format-standard","has-post-thumbnail","hentry","category-freizeit","category-dies-und-das","category-ernaehrung-hygiene","category-recht","tag-barbetrag","tag-barrierefreiheit","tag-gesund-aktiv-aelter-werden","tag-lebensphase-alter","tag-pflegebeduerftigkeit","tag-renteneintritt","tag-ruhestand-planen","tag-sozialbericht-2024","tag-taschengeld","tag-vermoegen","tag-vorsorgen","tag--27b-sgb-xii"],"_links":{"self":[{"href":"https:\/\/unser-quartier.de\/oberhausen\/wp-json\/wp\/v2\/posts\/22307","targetHints":{"allow":["GET"]}}],"collection":[{"href":"https:\/\/unser-quartier.de\/oberhausen\/wp-json\/wp\/v2\/posts"}],"about":[{"href":"https:\/\/unser-quartier.de\/oberhausen\/wp-json\/wp\/v2\/types\/post"}],"author":[{"embeddable":true,"href":"https:\/\/unser-quartier.de\/oberhausen\/wp-json\/wp\/v2\/users\/612"}],"replies":[{"embeddable":true,"href":"https:\/\/unser-quartier.de\/oberhausen\/wp-json\/wp\/v2\/comments?post=22307"}],"version-history":[{"count":4,"href":"https:\/\/unser-quartier.de\/oberhausen\/wp-json\/wp\/v2\/posts\/22307\/revisions"}],"predecessor-version":[{"id":22349,"href":"https:\/\/unser-quartier.de\/oberhausen\/wp-json\/wp\/v2\/posts\/22307\/revisions\/22349"}],"wp:featuredmedia":[{"embeddable":true,"href":"https:\/\/unser-quartier.de\/oberhausen\/wp-json\/wp\/v2\/media\/10986"}],"wp:attachment":[{"href":"https:\/\/unser-quartier.de\/oberhausen\/wp-json\/wp\/v2\/media?parent=22307"}],"wp:term":[{"taxonomy":"category","embeddable":true,"href":"https:\/\/unser-quartier.de\/oberhausen\/wp-json\/wp\/v2\/categories?post=22307"},{"taxonomy":"post_tag","embeddable":true,"href":"https:\/\/unser-quartier.de\/oberhausen\/wp-json\/wp\/v2\/tags?post=22307"}],"curies":[{"name":"wp","href":"https:\/\/api.w.org\/{rel}","templated":true}]}}