{"id":23522,"date":"2025-02-28T10:30:33","date_gmt":"2025-02-28T09:30:33","guid":{"rendered":"https:\/\/unser-quartier.de\/oberhausen\/?p=23522"},"modified":"2025-02-22T17:51:02","modified_gmt":"2025-02-22T16:51:02","slug":"pflegeassistenten-und-oder-physicians","status":"publish","type":"post","link":"https:\/\/unser-quartier.de\/oberhausen\/2025\/02\/pflegeassistenten-und-oder-physicians\/sraebiger\/","title":{"rendered":"Pflegeassistenten und\/oder Physicians"},"content":{"rendered":"<blockquote>\n<h1><strong>Was verbirgt sich dahinter?<\/strong><\/h1>\n<\/blockquote>\n<h2><strong>War das <a href=\"https:\/\/dserver.bundestag.de\/btd\/20\/136\/2013634.pdf\" class=\"mtli_attachment mtli_pdf ext-link wpel-icon-right\" target=\"_blank\" rel=\"noopener nofollow external noreferrer\" data-wpel-link=\"external\" title=\"Externer Link: Pflegeassistenzgesetz\">Pflegeassistenzgesetz<span class=\"wpel-icon wpel-image wpel-icon-6\"><\/span><\/a> ein Wahlkampfgag!<\/strong><\/h2>\n<p><strong>Die Bundes-Politiker reagieren auf die Forderungen der Krankenhaus- und Pflegeheimtr\u00e4ger, sehen offenbar nicht das Gesamtbild. Die niedergelassenen \u00c4rzte wollen ihre Arbeit durch Physicans sichern. Gefordert sind die kreisfreien St\u00e4dte und Kreise.<\/strong><\/p>\n<h2><strong>Niedergelassene \u00c4rzte gegen oder in Erg\u00e4nzung zu den Pflegediensten!?<\/strong><\/h2>\n<p><!--more--><\/p>\n<p>Bisher ein Thema von Spezialisten. Der Kuchen nach den Sozialgesetzen von SGB V und SGB XI ist gro\u00df und verf\u00fchrerisch. Allein 69 Mrd. \u20ac bei den sozialen Pflegekassen.5 Millionen Pflegebed\u00fcrftige werden zu Hause gepflegt und davon 67 % allein durch Angeh\u00f6rige ohne fachliche Unterst\u00fctzung. Wer nach den Gesamterl\u00f6sen der Krankenkassen sucht, wird entt\u00e4uscht. <a href=\"https:\/\/www.vdek.com\/magazin\/ausgaben\/2024-06\/gkv-ausgaben-2025-rekordniveau.html\" data-wpel-link=\"external\" target=\"_self\" rel=\"nofollow external noopener noreferrer\" title=\"Externer Link: GKV-Ausgaben in 2025\" class=\"ext-link wpel-icon-right\">GKV-Ausgaben in 2025<span class=\"wpel-icon wpel-image wpel-icon-6\"><\/span><\/a> auf Rekordniveau. Letzte Zahlen <a href=\"https:\/\/www.gkv-spitzenverband.de\/gkv_spitzenverband\/presse\/zahlen_und_grafiken\/gkv_kennzahlen\/gkv_kennzahlen.jsp\" data-wpel-link=\"external\" target=\"_self\" rel=\"nofollow external noopener noreferrer\" title=\"Externer Link: f\u00fcr 2023 Gesamtausgaben von 288,66 Mrd\" class=\"ext-link wpel-icon-right\">f\u00fcr 2023 Gesamtausgaben von 288,66 Mrd<span class=\"wpel-icon wpel-image wpel-icon-6\"><\/span><\/a>. \u20ac. Davon waren 9,48 Mrd. \u20ac f\u00fcr die Behandlungs- und h\u00e4usliche Krankenpflege und 47,12 Mrd. \u20ac f\u00fcr die \u00e4rztliche Behandlung. Zur Vollst\u00e4ndigkeit geh\u00f6ren die Kosten im f\u00fcr die Behandlung im Krankenhaus von 93,95 Mrd. \u20ac. Ab dem 1.1.2025 zahlen Sozialversicherte 2,5% zus\u00e4tzlich ein. Dies zur Einstimmung und Erkl\u00e4rung der Begehrlichkeiten und \u201eFreigiebigkeit\u201c der Politiker, die gr\u00f6\u00dftenteils nicht in die Kassen einzahlen. <strong>Geht es um optimale Versorgung oder Pfr\u00fcnde?<\/strong><\/p>\n<h2><strong>Eins nach dem anderen<\/strong><\/h2>\n<p>Die Gesundheitsministerkonferenz (GMK), vertreten durch die bayerische <a href=\"https:\/\/www.carevor9.de\/care-inside\/bayern-fordert-tempo-beim-pflegeassistenzgesetz\" data-wpel-link=\"external\" target=\"_self\" rel=\"nofollow external noopener noreferrer\" title=\"Externer Link: Gesundheitsministerin Judith Gerlach (CSU)\" class=\"ext-link wpel-icon-right\">Gesundheitsministerin Judith Gerlach (CSU)<span class=\"wpel-icon wpel-image wpel-icon-6\"><\/span><\/a> in ihrer Rolle als Co-Vorsitzende der Arbeits- und Sozialministerkonferenz (ASMK), dr\u00e4ngte presse\u00f6ffentlich das Pflegeassistenzgesetz noch vor der Bundestagswahl zu verabschieden. Warum wohl?<\/p>\n<p>Nicht l\u00e4nger d\u00fcrfen &#8222;Sachleistungen&#8220; aus dem Topf der sozialen Pflegeversicherung (SGB XI) zur Entlastung des Haushaltes der L\u00e4nder genommen werden. Bereits heute entlasten die Arbeitnehmer mit ihren Einzahlungen in die sozialen Pflegeversicherungen mit <strong>70 Mrd. \u20ac<\/strong> die Sozialhilfe j\u00e4hrlich. Die Kosten m\u00fcssen alle tragen, damit aus Steuermitteln. Die Pflegeassistenz kommt maximal 15% den anerkannten Pflegebed\u00fcrftigen zu. 10%; von 6 Millionen anerkannt Pflegebed\u00fcrftigen werden 800.000 in der station\u00e4ren Pflege betreut. Bereits heute flie\u00dfen 42 % der Gelder aus den 94 Pflegekassen in die Taschen der Tr\u00e4ger der station\u00e4ren Pflegeeinrichtungen.<\/p>\n<p><strong>Wird Kanzler Merz, werden die Koalition\u00e4re von CDU\/CSU liefern?<\/strong><\/p>\n<p>Noch gibt es in Deutschland nach Landesrecht 27 verschiedene durchgef\u00fchrte Ausbildungen in der Pflegehilfe und in der Pflegeassistenz. Eine Vereinheitlichung sehen die L\u00e4nder geboten. Die L\u00e4nder haben im Oktober 2024 den Entwurf f\u00fcr das Pflegefachassistenzeinf\u00fchrungsgesetz im Bundesrat beraten und an den Bundestag weitergeleitet. Die <a href=\"https:\/\/www.bundestag.de\/dokumente\/textarchiv\/2024\/kw49-de-pflegefachassistenz-1032642\" data-wpel-link=\"external\" target=\"_self\" rel=\"nofollow external noopener noreferrer\" title=\"Externer Link: erste Beratung\" class=\"ext-link wpel-icon-right\">erste Beratung<span class=\"wpel-icon wpel-image wpel-icon-6\"><\/span><\/a> im Bundestag war am 5. Dezember 2024. F\u00fcr den Zugang zur Ausbildung ist grunds\u00e4tzlich ein Hauptschulabschluss oder eine vergleichbare Qualifikation n\u00f6tig. Eine Zulassung zur Ausbildung ist auch ohne Schulabschluss m\u00f6glich, sofern eine positive Prognose der Pflegeschule vorliegt. Was die Wenigsten wissen, die Kosten der Pflegefachschule werden in den L\u00e4ndern durch die Bewohner der station\u00e4ren Einrichtungen und Patienten der ambulanten Pflegedienste seit Jahren aufgebracht. <strong>Die Arbeitgeber lassen finanzieren.<\/strong><\/p>\n<p><strong>Im Gesetz ist in \u00a7 24 (Finanzierung) erl\u00e4utert:<\/strong> Die Finanzierung durch ausbildende und nicht ausbildende Einrichtungen im Umlageverfahren st\u00e4rkt die Ausbildung durch kleinere und mittlere Einrichtungen, die damit die finanziellen Belastungen nicht alleine tragen m\u00fcssen.<\/p>\n<p>Die Bundesregierung lehnt den Vorschlag ab. \u201eIm Koalitionsvertrag ist vereinbart, die Ausbildungskostenumlage aus den Eigenanteilen herauszunehmen. Gleichzeitig m\u00fcssen aber die Finanzlage der Pflegeversicherung und des Bundeshaushaltes sowie die verfassungsrechtlich verankerte Schuldenregel beachtet werden.\u201c<\/p>\n<p><strong>Schon wieder die Schuldenregelung! Warum sollten die Anbieter nicht die Ausbildungskosten im Betrieb \u00fcbernehmen.<\/strong><\/p>\n<h2><strong>Physician Assistant <\/strong><\/h2>\n<p>\u2013 Ein neuer Beruf im deutschen Gesundheitswesen, so <a href=\"https:\/\/www.bundesaerztekammer.de\/fileadmin\/user_upload\/_old-files\/downloads\/pdf-Ordner\/Fachberufe\/Physician_Assistant.pdf\" class=\"mtli_attachment mtli_pdf ext-link wpel-icon-right\" data-wpel-link=\"external\" target=\"_self\" rel=\"nofollow external noopener noreferrer\" title=\"Externer Link: der Titel der lesenswerten Abhandlung der Kassen\u00e4rztliche Bundesvereinigung\">der Titel der lesenswerten Abhandlung der Kassen\u00e4rztliche Bundesvereinigung<span class=\"wpel-icon wpel-image wpel-icon-6\"><\/span><\/a>, bereits im Jahre 2017.<\/p>\n<p>Allein die Kapitel\u00fcberschriften zeigen die Tendenz.<\/p>\n<p><strong>Chancen der Einf\u00fchrung<\/strong><\/p>\n<ol>\n<li>Unterst\u00fctzung und Entlastung des Arztes<\/li>\n<li>Verhinderung weiterer Zersplitterung der Berufe und Zust\u00e4ndigkeiten<\/li>\n<\/ol>\n<p><strong>Steigerung der \u00e4rztlichen Berufszufriedenheit<\/strong><\/p>\n<p><strong>M\u00f6glichkeiten und Grenzen der Delegation von Leistungen durch den Arzt an den PA<\/strong><\/p>\n<p><strong>Physician Assistant als Berufsperspektive f\u00fcr Gesundheitsfachberufe<\/strong><\/p>\n<p><strong>Lesenswert und zur Diskussion geh\u00f6rt der T\u00e4tigkeitsrahmen <\/strong><\/p>\n<p><strong>Die Kassen\u00e4rztlichen Vereinigungen auf L\u00e4nderebene<\/strong><\/p>\n<p>Studierende des Studiengangs Physician Assistant (PA) der Fliedner Fachhochschule D\u00fcsseldorf haben k\u00fcrzlich einen wichtigen Meilenstein <a href=\"https:\/\/www.ameos.de\/klinikum-st-clemens-oberhausen\/aktuelles\/nachrichten\/artikel\/praxisnahe-ausbildung-von-physician-assistants\/\" data-wpel-link=\"external\" target=\"_self\" rel=\"nofollow external noopener noreferrer\" title=\"Externer Link: in ihrer praktischen Ausbildung\" class=\"ext-link wpel-icon-right\">in ihrer praktischen Ausbildung<span class=\"wpel-icon wpel-image wpel-icon-6\"><\/span><\/a> erreicht, ein berufsintegrierend Studium mit Abschluss Bacelor <a href=\"https:\/\/www.eufh.de\/master\/m-physician-assistance\" target=\"_blank\" rel=\"noopener nofollow external noreferrer\" data-wpel-link=\"external\" title=\"Externer Link: B.Sc\" class=\"ext-link wpel-icon-right\">B.Sc<span class=\"wpel-icon wpel-image wpel-icon-6\"><\/span><\/a>.\u00a0 oder Master<a href=\"https:\/\/www.carl-remigius.de\/studium\/physician-assistance-m-sc\" target=\"_blank\" rel=\"noopener nofollow external noreferrer\" data-wpel-link=\"external\" title=\"Externer Link:  M.Sc\" class=\"ext-link wpel-icon-right\"> M.Sc<span class=\"wpel-icon wpel-image wpel-icon-6\"><\/span><\/a>.<\/p>\n<h2><strong>Fragen Sie Ihren Hausarzt:<\/strong><\/h2>\n<ul>\n<li>Kennt er\/sie Physician Assistant (PA) und plant er mit einer Einstellung.<\/li>\n<li>Wird in der kommunalen Gesundheitskonferenz dar\u00fcber nachgedacht.<\/li>\n<li>Ist es Thema in der &#8222;Kommunalen Konferenz Alter und Pflege.&#8220;<\/li>\n<\/ul>\n<p><strong>Fragen Sie Ihren Ratsvertreter<\/strong> oder gar ein Seniorenbeiratsmitglied. Sie werden staunen. Den Beitrag ver\u00f6ffentlichen wir bewusst nach der vorgezogenen Bundestagswahl. Die Koalition\u00e4re werden sich mit dem Pflegeassistenzgesetz auseinandersetzen. Werden sie sich auch auf Reform des Pflegeversicherungsgesetzes durchringen k\u00f6nnen oder weiter Reparaturversuche zu Gunsten der Anbieter unternehmen.\u00a0 Als <a href=\"https:\/\/ris.kamp-lintfort.de\/sdnetrim\/UGhVM0hpd2NXNFdFcExjZRL08dsqPIPE4q9tRiMoRaBW4LJWc2oczKTRQ6WqOXeK\/Mitteilungsdrucksache_1012-XVI.pdf\" class=\"mtli_attachment mtli_pdf ext-link wpel-icon-right\" target=\"_blank\" rel=\"noopener nofollow external noreferrer\" data-wpel-link=\"external\" title=\"Externer Link: gutes Beispiel\">gutes Beispiel<span class=\"wpel-icon wpel-image wpel-icon-6\"><\/span><\/a> gibt die Hochschulstadt Kamp-Lintfort mit Pr\u00e4ventiven Hausbesuche durch zwei st\u00e4dtische Mitarbeiterinnen, siehe <a href=\"https:\/\/ris.kamp-lintfort.de\/sdnetrim\/UGhVM0hpd2NXNFdFcExjZbhe8s-9AT_zHOMnZlLaw7KSyaGeKjKV4kxwiuH0ulgy\/Microsoft_PowerPoint_-_Sozialausschuss_Kamp-Lintfort_20240222_Entwurf-Endf.pdf\" class=\"mtli_attachment mtli_pdf ext-link wpel-icon-right\" target=\"_blank\" rel=\"noopener nofollow external noreferrer\" data-wpel-link=\"external\" title=\"Externer Link: die Auswertung\">die Auswertung<span class=\"wpel-icon wpel-image wpel-icon-6\"><\/span><\/a>. Freigew\u00e4hlte Seniorenr\u00e4te Fehlanzeige.<\/p>\n<h2><strong>Die Leistungen und Angebote d\u00fcrfen nicht l\u00e4nger einseitig ohne die notwendige Entlohnung und nachvollziehbare Qualit\u00e4t diskutiert werden<\/strong>.<\/h2>\n","protected":false},"excerpt":{"rendered":"<p>Was verbirgt sich dahinter? War das Pflegeassistenzgesetz ein Wahlkampfgag! Die Bundes-Politiker reagieren auf die Forderungen der Krankenhaus- und Pflegeheimtr\u00e4ger, sehen offenbar nicht das Gesamtbild. Die niedergelassenen \u00c4rzte wollen ihre Arbeit durch Physicans sichern. Gefordert sind die kreisfreien St\u00e4dte und Kreise. Niedergelassene \u00c4rzte gegen oder in Erg\u00e4nzung zu den Pflegediensten!?<\/p>\n","protected":false},"author":612,"featured_media":9186,"comment_status":"open","ping_status":"closed","sticky":false,"template":"","format":"standard","meta":{"_monsterinsights_skip_tracking":false,"_monsterinsights_sitenote_active":false,"_monsterinsights_sitenote_note":"","_monsterinsights_sitenote_category":0,"generate_page_header":"","footnotes":""},"categories":[1520,1,5,2695,4],"tags":[3188,4092,157,4096,3798,4097,4091,4089,4090,3446,1523],"class_list":["post-23522","post","type-post","status-publish","format-standard","has-post-thumbnail","hentry","category-heimbeirat","category-dies-und-das","category-recht","category-seniorenbeirat","category-unterstuetzung","tag-gesundheitskonferenz","tag-gesundheitsministerin-judith-gerlach","tag-hausarzt","tag-kamp-lintfort","tag-kommunale-gesundheitskonferenz","tag-kommunaler-konferenz-alter-und-pflege","tag-pa","tag-pflegeassistenz","tag-physician-assistant","tag-praeventive-hausbesuche","tag-seniorenorganisation"],"_links":{"self":[{"href":"https:\/\/unser-quartier.de\/oberhausen\/wp-json\/wp\/v2\/posts\/23522","targetHints":{"allow":["GET"]}}],"collection":[{"href":"https:\/\/unser-quartier.de\/oberhausen\/wp-json\/wp\/v2\/posts"}],"about":[{"href":"https:\/\/unser-quartier.de\/oberhausen\/wp-json\/wp\/v2\/types\/post"}],"author":[{"embeddable":true,"href":"https:\/\/unser-quartier.de\/oberhausen\/wp-json\/wp\/v2\/users\/612"}],"replies":[{"embeddable":true,"href":"https:\/\/unser-quartier.de\/oberhausen\/wp-json\/wp\/v2\/comments?post=23522"}],"version-history":[{"count":3,"href":"https:\/\/unser-quartier.de\/oberhausen\/wp-json\/wp\/v2\/posts\/23522\/revisions"}],"predecessor-version":[{"id":23616,"href":"https:\/\/unser-quartier.de\/oberhausen\/wp-json\/wp\/v2\/posts\/23522\/revisions\/23616"}],"wp:featuredmedia":[{"embeddable":true,"href":"https:\/\/unser-quartier.de\/oberhausen\/wp-json\/wp\/v2\/media\/9186"}],"wp:attachment":[{"href":"https:\/\/unser-quartier.de\/oberhausen\/wp-json\/wp\/v2\/media?parent=23522"}],"wp:term":[{"taxonomy":"category","embeddable":true,"href":"https:\/\/unser-quartier.de\/oberhausen\/wp-json\/wp\/v2\/categories?post=23522"},{"taxonomy":"post_tag","embeddable":true,"href":"https:\/\/unser-quartier.de\/oberhausen\/wp-json\/wp\/v2\/tags?post=23522"}],"curies":[{"name":"wp","href":"https:\/\/api.w.org\/{rel}","templated":true}]}}