{"id":23549,"date":"2025-03-14T10:42:30","date_gmt":"2025-03-14T09:42:30","guid":{"rendered":"https:\/\/unser-quartier.de\/oberhausen\/?p=23549"},"modified":"2025-03-02T19:17:57","modified_gmt":"2025-03-02T18:17:57","slug":"notaufnahmen-der-krankenhaeuser-entlasten","status":"publish","type":"post","link":"https:\/\/unser-quartier.de\/oberhausen\/2025\/03\/notaufnahmen-der-krankenhaeuser-entlasten\/sraebiger\/","title":{"rendered":"Notaufnahmen der Krankenh\u00e4user entlasten"},"content":{"rendered":"<h2><strong>Virtuelle Notfallversorgung per Video auch in der H\u00e4uslichkeit<\/strong><\/h2>\n<p>Pflegebed\u00fcrftigen und Hochaltrigen muss nach M\u00f6glichkeit ein anstrengender Transport ins Krankenhaus erspart bleiben. Dadurch\u00a0 werden gleichzeitig Transportkosten, Zeit und Personalkosten, Klinikbetten eingespart. Die Notaufnahme ist eine der teuersten und kostenintensivsten Handlungen im Gesundheitswesen. Abgesehen von den Sorgen und dem Mehraufwand der An- und Zugeh\u00f6rigen, sie m\u00fcssen auch gesehen werden. Ein Notarzteinsatz kostet zwischen 800 und 900 Euro, geht das Geldverdienen oft vor? Sind die 70 Millionen Versicherten in der H\u00e4uslichkeit nicht im Blick der technischen Anbieter, der Kommunen und Krankenkassen.\u00a0<\/p>\n<p><strong>Warum nur Heimtr\u00e4ger entlasten?<\/strong><\/p>\n<p>Pflegebed\u00fcrftige Menschen in Hamburger Pflegeheimen erhalten als Modellvorhaben bei nicht lebensbedrohlichen Notf\u00e4llen ab sofort eine digitale Notfallversorgung und werden nicht mehr sofort ins Krankenhaus gebracht. Ein sogenanntes &#8222;Telekonsil&#8220; verbindet geschulte Pflegekr\u00e4fte mit \u00c4rzten der Notaufnahme des Asklepios Klinikums Hamburg-Harburg mit Einrichtungen von Pflegen &amp; Wohnen Hamburg. Ziel ist es, unn\u00f6tige Krankenhauseinweisungen zu vermeiden und die Versorgung effizienter zu gestalten.<\/p>\n<h2><strong>Wir brauchen ein ganzheitliches Denken<\/strong><\/h2>\n<p>F\u00fcr 800.000 Bewohner in Pflegeeinrichtungen erhalten die Tr\u00e4ger 42% der Erl\u00f6se aus den Pflegekassen. 5.500.000 anerkannt Pflegebed\u00fcrftige in der H\u00e4uslichkeit erhalten 48% der Erl\u00f6se. 10% der Erl\u00f6se werden f\u00fcr Verwaltung und Modellvorhaben in den Einrichtungen verwandt. Die Krankenkassenerl\u00f6se werden sehr selten f\u00fcr die Hilfe in der H\u00e4uslichkeit geleistet. Diese abstrakten Zahlen \u00fcber die Geldstr\u00f6me, zeigt nicht die Notwendigkeit.<\/p>\n<h3><strong>Zahlen m\u00fcssen leben <\/strong><\/h3>\n<p>Mit der Sicht auf das Bundesland NRW wollen wir Anregungen zur notwendigen Aufarbeitung Ihrer kommunalen Werte geben.<\/p>\n<ul>\n<li><strong>Im Jahre 2015<\/strong> gab es insgesamt 2.162 Einrichtungen mit 176.598 Pl\u00e4tzen, 93% der Pl\u00e4tze = 164.633 waren belegt. Von den insgesamt 638.103 anerkannt Pflegebed\u00fcrftigen mussten 74,2 % in der H\u00e4uslichkeit gepflegt werden, davon wurden 32% ambulant unterst\u00fctzt.<\/li>\n<li><strong>2023 gab<\/strong> es 2.244 Einrichtungen mit 177.765 Pl\u00e4tzen mit einer 95% Belegung. Die Pflegebed\u00fcrftigen im Land waren insgesamt 1.387.134 und es mussten 1.217.708 durch Angeh\u00f6rige gepflegt werden. Dies waren 87,8% aller Pflegebed\u00fcrftigen und nur jeder Haushalt wurde durch einen ambulanten Dienst unterst\u00fctzt. Das Land NRW zahlte neben dem Pflegewohngeld, bereits 758 Mio. \u20ac Sozialhilfe an die Einrichtungstr\u00e4ger. Dies sind bereits ein Jahr veraltete Zahlen, von einer Steigerung von \u00fcber 10% j\u00e4hrlich muss ausgegangen werden.<\/li>\n<\/ul>\n<p><strong>In 8 Jahre zeigen sich brisante Steigerungen:<\/strong><\/p>\n<ul>\n<li>das Mehr von 117 % bei den Pflegebed\u00fcrftigen insgesamt, wirkt sich<\/li>\n<li>in der H\u00e4uslichkeit verst\u00e4rkend mit 157% bei den An- und Zugeh\u00f6rige bei der Pflege aus, dies nur weil<\/li>\n<li>die station\u00e4ren Einrichtungen zur eigenen Monopol- und Erl\u00f6serhaltung nur um 4 % gewachsen sind.<\/li>\n<\/ul>\n<p>Erschwerend kommt hinzu, die Einrichtungen nehmen aus rein wirtschaftlicher Betrachtung \u00fcberwiegen Pflegegrade drei und vier auf. Die schwerste Pflege muss in der H\u00e4uslichkeit geleistet werden. Allein dieser Umstand zwingt aus Kostengr\u00fcnden zu einem Umdenken. Weg von den \u201eWunschentgelten\u201c und den Modellfinanzierungen in den Einrichtungen in zur quartiersnahen Versorgung und Effizienz Steigerung im ambulanten gewerblichen Pflegedienst. Nicht die Erl\u00f6se d\u00fcrfen l\u00e4nger das Denken bestimmen.<\/p>\n<p><strong>Wir brauchen eine dem Menschen zugewandte w\u00fcrdevolle Pflege, keine Erl\u00f6ssicherung. <\/strong><\/p>\n<p>Eine Pflegereform unter Beteiligung der Verbraucher und Seniorenverb\u00e4nde. Damit die \u201eWunschentgelte\u201c der Einrichtungen auf relevante und wirtschaftlich begr\u00fcndete Kosten zur\u00fcckgefahren werden, bedarf es testierter Nachweise nach der Pflegebuchf\u00fchrungsverordnung und entsprechenden Sanktionen. Die Person vom beigeladenen \u00fcber\u00f6rtlichen Sozialhilfetr\u00e4ger kann nur offensichtliche Unstimmigkeiten im Zahlenwerk erkennen. Deshalb sind der <strong>\u00f6rtliche Sozialhilfetr\u00e4ger<\/strong> und der auf zwei Jahre gew\u00e4hlte <strong>Bewohnerbeirat<\/strong> zur Verhandlung zwingend beizuladen.\u00a0<\/p>\n<p><strong>Lichtblick Video(sprechstunden)\u00a0<\/strong><\/p>\n<p>Die Vereinbarung \u00fcber Vermittlungsportale ist ein wichtiger Schritt zur Verbesserung der Patientenversorgung. Patientinnen und Patienten erhalten durch Videosprechstunden mit wohnortnahen \u00c4rztinnen und \u00c4rzte und Vorgaben f\u00fcr eine strukturierte Anschlussversorgung eine hochwertige telemedizinische Betreuung. Pflegebed\u00fcrftige haben nach \u00a7 39a SGB XI\u00a0 Anspruch auf eine erg\u00e4nzende Unterst\u00fctzungsleistung durch zugelassene ambulante Pflegeeinrichtungen, wenn diese bei der Versorgung mit digitalen Pflegeanwendungen erforderlich ist.\u00a0 Doch es sind Wunschvorstellung solange die Umsetzung und Akzeptanz fehlen. Ein Beispiel sind die digitalen Pflegeanwendungen <a href=\"https:\/\/gesund.bund.de\/digitale-pflegeanwendungen#einleitung\" target=\"_blank\" rel=\"noopener nofollow external noreferrer\" data-wpel-link=\"external\" title=\"Externer Link: (DiPA)\" class=\"ext-link wpel-icon-right\">(DiPA)<span class=\"wpel-icon wpel-image wpel-icon-6\"><\/span><\/a> seit Jahren m\u00f6glich, bis Jan.2025 keine Anerkennung.\u00a0<\/p>\n<h2><strong>Zukunft mitgestalten<\/strong><\/h2>\n<p><strong>Es reicht nicht auf andere zu warten! Wir B\u00fcrger <\/strong><\/p>\n<ul>\n<li>brauchen eine Quartiernahe Versorgung. <a href=\"https:\/\/unser-quartier.de\/oberhausen\/2024\/05\/keine-weitere-reparatur-ganzheitlicher-ansatz-im-gesundheitswesen\/sraebiger\/\" target=\"_blank\" rel=\"noopener\" data-wpel-link=\"internal\"><strong>Keine weitere Reparatur \u2013 Ganzheitlicher Ansatz im Gesundheitswesen ist gefordert.<\/strong><\/a><\/li>\n<li>m\u00fcssen die Zukunft in unserer Kommune mitgestalten. Sei es als Mitglied einer Seniorenorganisation der Partei, der Kirchen, der Wohlfahrtsverb\u00e4nde.<\/li>\n<\/ul>\n<p>Die j\u00e4hrliche <strong>&#8222;<a href=\"https:\/\/recht.nrw.de\/lmi\/owa\/br_bes_detail?sg=0&amp;menu=1&amp;bes_id=28544&amp;anw_nr=2&amp;aufgehoben=N&amp;det_id=433429\" target=\"_blank\" rel=\"noopener nofollow external noreferrer\" data-wpel-link=\"external\" title=\"Externer Link: Kommunale Konferenz Alter und Pflege\" class=\"ext-link wpel-icon-right\">Kommunale Konferenz Alter und Pflege<span class=\"wpel-icon wpel-image wpel-icon-6\"><\/span><\/a>&#8222;<\/strong> darf nicht l\u00e4nger im geheimen tagen. Die Aktivit\u00e4ten der alle 6 Jahre gew\u00e4hlten Vertreter in den Gremien der Sozialversicherungen, hier insbesondere den Kranken- und Pflegekassen sind aufgerufen die Zukunft vor Ort mitzupr\u00e4gen. Im September 2025 sind Kommunalwahlen in NRW, f\u00fcr Nachfragen die beste Zeit.<\/p>\n<p><strong>Wer sich nicht einbringt und auf die Hilfe zur rechten Zeit hofft, darf nicht jammern; er\/sie werden weiterhin vergessen.<\/strong><\/p>\n<p>Die Sicht der IKK finden Sie <strong><a href=\"https:\/\/cdn.ikk-classic.de\/exporter\/17065-211213-positionspapier-finanzierung.pdf\" class=\"mtli_attachment mtli_pdf ext-link wpel-icon-right\" target=\"_blank\" rel=\"noopener nofollow external noreferrer\" data-wpel-link=\"external\" title=\"Externer Link: HIER\">HIER<span class=\"wpel-icon wpel-image wpel-icon-6\"><\/span><\/a>\u00a0 <\/strong>Die 8 Punkten suchen neue Finanzierungswege im System, ein Neudenken ist nicht erkennbar.<\/p>\n<h3><strong>Siehe auch die Beitr\u00e4ge:<\/strong><\/h3>\n<p class=\"entry-title\"><a href=\"https:\/\/unser-quartier.de\/oberhausen\/2024\/08\/zukunft-der-pflege\/sraebiger\/\" target=\"_blank\" rel=\"noopener\" data-wpel-link=\"internal\"><strong>Zukunft d<\/strong><\/a><strong>er Pflege !?<\/strong><\/p>\n<p><a href=\"https:\/\/unser-quartier.de\/oberhausen\/2025\/01\/pflegekatastrophe-wird-weiter-verdraengt\/sraebiger\/\" target=\"_blank\" rel=\"noopener\" data-wpel-link=\"internal\"><strong>Pflegekatastr0phe<\/strong><\/a><\/p>\n<p class=\"entry-title\"><strong><a href=\"https:\/\/unser-quartier.de\/oberhausen\/2024\/04\/flucht-ins-betreutem-service-wohnen\/sraebiger\/\" target=\"_blank\" rel=\"noopener\" data-wpel-link=\"internal\">Flucht ins Betreute-\/Service Wohnen <\/a><\/strong>mit Text zur Kommunale Konferenz &#8222;Alter und Pflege&#8220;<\/p>\n<p>Es folgt:<\/p>\n<p><strong>Medizinisch, pflegerische Versorgung in Gefahr\u00a0 &#8211; <\/strong><strong>Doctolib der Flaschenhals<\/strong><\/p>\n<p>_______________________________<\/p>\n<p>Nutzen Sie die Kommentarfunktion.<\/p>\n","protected":false},"excerpt":{"rendered":"<p>Virtuelle Notfallversorgung per Video auch in der H\u00e4uslichkeit Pflegebed\u00fcrftigen und Hochaltrigen muss nach M\u00f6glichkeit ein anstrengender Transport ins Krankenhaus erspart bleiben. Dadurch\u00a0 werden gleichzeitig Transportkosten, Zeit und Personalkosten, Klinikbetten eingespart. Die Notaufnahme ist eine der teuersten und kostenintensivsten Handlungen im Gesundheitswesen. Abgesehen von den Sorgen und dem Mehraufwand der An- und Zugeh\u00f6rigen, sie m\u00fcssen auch&hellip; <a class=\"continue\" href=\"https:\/\/unser-quartier.de\/oberhausen\/2025\/03\/notaufnahmen-der-krankenhaeuser-entlasten\/sraebiger\/\" data-wpel-link=\"internal\"> \u00bb weiterlesen: <span> Notaufnahmen der Krankenh\u00e4user entlasten<\/span><\/a><\/p>\n","protected":false},"author":612,"featured_media":9815,"comment_status":"open","ping_status":"closed","sticky":false,"template":"","format":"standard","meta":{"_monsterinsights_skip_tracking":false,"_monsterinsights_sitenote_active":false,"_monsterinsights_sitenote_note":"","_monsterinsights_sitenote_category":0,"generate_page_header":"","footnotes":""},"categories":[1520,1,5,2695,4],"tags":[1554,3746,4095,4094,228,1997,1639,2640,1661,715,3968],"class_list":["post-23549","post","type-post","status-publish","format-standard","has-post-thumbnail","hentry","category-heimbeirat","category-dies-und-das","category-recht","category-seniorenbeirat","category-unterstuetzung","tag-bewohnerbeirat","tag-digitale-pflegeanwendungen","tag-dipa","tag-ganzheitliches-denken","tag-haeuslichkeit","tag-kommunale-konferenz-alter-und-pflege","tag-notfallversorgung","tag-pflegebuchfuehrungsverordnung","tag-sozialhilfetraeger","tag-video","tag-wunschentgelte"],"_links":{"self":[{"href":"https:\/\/unser-quartier.de\/oberhausen\/wp-json\/wp\/v2\/posts\/23549","targetHints":{"allow":["GET"]}}],"collection":[{"href":"https:\/\/unser-quartier.de\/oberhausen\/wp-json\/wp\/v2\/posts"}],"about":[{"href":"https:\/\/unser-quartier.de\/oberhausen\/wp-json\/wp\/v2\/types\/post"}],"author":[{"embeddable":true,"href":"https:\/\/unser-quartier.de\/oberhausen\/wp-json\/wp\/v2\/users\/612"}],"replies":[{"embeddable":true,"href":"https:\/\/unser-quartier.de\/oberhausen\/wp-json\/wp\/v2\/comments?post=23549"}],"version-history":[{"count":3,"href":"https:\/\/unser-quartier.de\/oberhausen\/wp-json\/wp\/v2\/posts\/23549\/revisions"}],"predecessor-version":[{"id":23711,"href":"https:\/\/unser-quartier.de\/oberhausen\/wp-json\/wp\/v2\/posts\/23549\/revisions\/23711"}],"wp:featuredmedia":[{"embeddable":true,"href":"https:\/\/unser-quartier.de\/oberhausen\/wp-json\/wp\/v2\/media\/9815"}],"wp:attachment":[{"href":"https:\/\/unser-quartier.de\/oberhausen\/wp-json\/wp\/v2\/media?parent=23549"}],"wp:term":[{"taxonomy":"category","embeddable":true,"href":"https:\/\/unser-quartier.de\/oberhausen\/wp-json\/wp\/v2\/categories?post=23549"},{"taxonomy":"post_tag","embeddable":true,"href":"https:\/\/unser-quartier.de\/oberhausen\/wp-json\/wp\/v2\/tags?post=23549"}],"curies":[{"name":"wp","href":"https:\/\/api.w.org\/{rel}","templated":true}]}}