{"id":23920,"date":"2025-05-09T10:42:43","date_gmt":"2025-05-09T08:42:43","guid":{"rendered":"https:\/\/unser-quartier.de\/oberhausen\/?p=23920"},"modified":"2025-05-12T18:13:44","modified_gmt":"2025-05-12T16:13:44","slug":"insolvenzen-im-pflegebereich-pflegekonzerne-wachsen","status":"publish","type":"post","link":"https:\/\/unser-quartier.de\/oberhausen\/2025\/05\/insolvenzen-im-pflegebereich-pflegekonzerne-wachsen\/sraebiger\/","title":{"rendered":"Insolvenzen im Pflegebereich, Pflegekonzerne wachsen"},"content":{"rendered":"<h2><strong>Heimpl\u00e4tze sind Mangelware, Heimentgelte steigen ungebremst. <\/strong><\/h2>\n<p>Der B\u00fcrger steht fassungslos vor den Meldungen. Heimentgelte f\u00fcr die Bewohner steigen und erreichen in bestimmten Regionen monatlich teilweise 4.000 \u20ac und mehr. Die Entgelte von 6.000 \u20ac inklusiv der Pflegeversicherung je Pflegegrad sind keine Seltenheit. Die Pflegeversicherung steigt j\u00e4hrlich. Die bundesweiten Heimpl\u00e4tze verharren seit Jahren bei rund 800.000 Pl\u00e4tzen.<\/p>\n<p>Laut Statistischem Bundesamt hatte es zuletzt 11.250 Pflegeheime mit vollstation\u00e4rer Dauerpflege und 15.549 ambulante Pflegedienste in Deutschland gegeben.\u00a0<\/p>\n<p><strong>Pflegeheime malen Bankrott durch Insolvenzen in Eigenregie an die Wand. <\/strong><strong>Wer setzt sich f\u00fcr die B\u00fcrger, f\u00fcr die Pflegebed\u00fcrftigen in der H\u00e4uslichkeit ein?<\/strong><\/p>\n<p>Pflegeanbieter sehen die Hauptursache f\u00fcr die finanzielle Schieflage in der mangelnde Zahlungsmoral der Sozialkassen. Die Leistungen der Heime und Dienste w\u00fcrden meist nicht zeitnah bezahlt, so <a href=\"https:\/\/www.bibliomed-pflege.de\/news\/ueber-1200-pflegeeinrichtungen-insolvent-oder-geschlossen\" target=\"_blank\" rel=\"noopener nofollow external noreferrer\" data-wpel-link=\"external\" title=\"Externer Link: Verbandsgesch\u00e4ftsf\u00fchrerin Isabell Halletz\" class=\"ext-link wpel-icon-right\">Verbandsgesch\u00e4ftsf\u00fchrerin Isabell Halletz<span class=\"wpel-icon wpel-image wpel-icon-6\"><\/span><\/a> des Arbeitgeberverbands Pflege. Es wird so getan, als seien die Pflege- und Sozialkassen die Vertragspartner. Vertragspartner ist der Bewohner, der seine Forderung abtritt.<\/p>\n<p><strong>Aufkl\u00e4rung w\u00e4re hilfreich, doch Transparenz ist ungewollt<\/strong><strong>.<\/strong><\/p>\n<p>Die Pflegewissenschaft befasst sich mit der Pflege. Die betriebswirtschaftlichen Erfordernisse werden verschwiegen. Welche Pflegequalit\u00e4t kann ohne ausreichende Mittel f\u00fcr die Betreuung und Pflege geleistet werden? Die Anfrage der SPD-Landtagsfraktion vom <a href=\"https:\/\/opal.landtag.nrw.de\/portal\/WWW\/dokumentenarchiv\/Dokument\/MMD18-720.pdf\" class=\"mtli_attachment mtli_pdf ext-link wpel-icon-right\" target=\"_blank\" rel=\"noopener nofollow external noreferrer\" data-wpel-link=\"external\" title=\"Externer Link: 29.8.2022 Drs 18\/720\">29.8.2022 Drs 18\/720<span class=\"wpel-icon wpel-image wpel-icon-6\"><\/span><\/a> \u201eNotlage in den Pflegeheimen in Nordrhein Westfalen \u2013 Wie will die Landesregierung den Bankrott der Pflegeheime verhindern?\u201c steht weiterhin im Raum. Unsere <a href=\"https:\/\/www.lokalkompass.de\/duesseldorf\/c-politik\/pflegeheime-malen-bankrott-an-die-wand-problem_a1772161\" target=\"_blank\" rel=\"noopener nofollow external noreferrer\" data-wpel-link=\"external\" title=\"Externer Link: damalige Frage\" class=\"ext-link wpel-icon-right\">damalige Frage<span class=\"wpel-icon wpel-image wpel-icon-6\"><\/span><\/a>:<\/p>\n<h2><strong>Wo bleiben die Erl\u00f6se?<\/strong><\/h2>\n<p><strong>Zwei unterschiedliche Tr\u00e4gerarten der Insolvenzen<\/strong><\/p>\n<p>Der Kreisverband Wesel der AWO eV, ein Wohlfahrtsverband, versucht die <a href=\"https:\/\/www.nrz.de\/lokales\/moers-und-umland\/article408769854\/awo-insolvenz-kreisverband-wesel-hat-zwei-neue-vorstaende.html\" target=\"_blank\" rel=\"noopener nofollow external noreferrer\" data-wpel-link=\"external\" title=\"Externer Link: Sanierung in Eigeninsolvenz\" class=\"ext-link wpel-icon-right\">Sanierung in Eigeninsolvenz<span class=\"wpel-icon wpel-image wpel-icon-6\"><\/span><\/a> der 100 Einrichtungen, darunter sind 4 Seniorenzentren, drei Tagespflegen und zwei ambulante Pflegedienste mit insgesamt 1.200 Mitarbeitern.<\/p>\n<p>Der <a href=\"https:\/\/argentum-pflege.de\/\" target=\"_blank\" rel=\"noopener nofollow external noreferrer\" data-wpel-link=\"external\" title=\"Externer Link: Pflegekonzern Argentum Pflege Holding GmbH meldet\" class=\"ext-link wpel-icon-right\">Pflegekonzern Argentum Pflege Holding GmbH meldet<span class=\"wpel-icon wpel-image wpel-icon-6\"><\/span><\/a> f\u00fcr 40 Einrichtungen, 3.100 Pflegebed\u00fcrftige und 2.800 Mitarbeiter ebenfalls Insolvenz in Eigenverwaltung an. Begr\u00fcndung fehlende Fachkr\u00e4fte. \u00a0Wieweit auch die 300 Einheiten im Bereich \u201eBetreutes Wohnen\u201c betroffen sind, welche Standorte erhalten werden bleibt abzuwarten.<\/p>\n<p>Gut zu wissen im Insolvenzverfahren sind die Geh\u00e4lter der Mitarbeiter auf Kosten des Staates gesichert, dies bedeutet die Erl\u00f6se werden um ca. 50 % gesteigert.<\/p>\n<p>Der Leser, das Vereins-Mitglied erh\u00e4lt maximal die Einsicht in die konsolidierten Konzernbilanzen. Haben die Bilanzpr\u00fcfer \/ Wirtschaftspr\u00fcfer keine \u201eordentlichen\u201c Testate f\u00fcr die Einrichtungen gem\u00e4\u00df der Pflegebuchf\u00fchrungverordnung und dem HGB ausgestellt? Bereits die missbr\u00e4uchliche Verwendung der Investitionsentgelte zeigt Gefahren auf und ist ein fr\u00fcher Indikator f\u00fcr Aufsichts- und Kontrollgremien. Der Schutz der Unternehmungen in der Privatindustrie vor Aussp\u00e4hungen durch Mitbewerbern gibt das Handelsgesetzbuch.\u00a0 Im Gesundheitsbereich, besonders im Pflegebereich, entf\u00e4llt das freie Spiel der freien Kr\u00e4fte; es gibt keinen Markt, trotzdem gilt der Schutz nach HGB und die Verschleierung durch Konzernbilanzen.<\/p>\n<p><strong>Eine gute Zeit f\u00fcr Einkaufstouren.<\/strong><\/p>\n<p>Zum Jahresbeginn 2025 hat Alloheim SE die Pflegezentren Niederrhein GmbH &amp; Co. KG aus Rheinberg in Nordrhein-Westfalen \u00fcbernommen und baut damit die Position als Marktf\u00fchrer in der ambulanten Pflege weiter aus.<\/p>\n<p>Alloheim ist 2024 <a href=\"https:\/\/www.pflegemarkt.com\/fachartikel\/top-betreiber\/liste-30-groesste-pflegeheimbetreiber-2025\/\" target=\"_blank\" rel=\"noopener nofollow external noreferrer\" data-wpel-link=\"external\" title=\"Externer Link: gr\u00f6\u00dfter Pflegeheimbetreiber Deutschlands\" class=\"ext-link wpel-icon-right\">gr\u00f6\u00dfter Pflegeheimbetreiber Deutschlands<span class=\"wpel-icon wpel-image wpel-icon-6\"><\/span><\/a> mit 303 <strong>Pflegeheimen,<\/strong> mit mehr als 28.000. Dazu kommen 25 Tagespflegestandorte mit 331 Pl\u00e4tzen erweitern. Das Wachstum ist kontinuierlich. 2016 waren es 126 Standorten und rund 11.000 Besch\u00e4ftigten und die Alloheim-Unternehmensgruppe war der drittgr\u00f6\u00dfte private Betreiber von Senioren-Residenzen, ambulanten Pflegediensten und betreuten Wohneinheiten in Deutschland. \u00a0Der Leser kann es sich ohne weitere Darstellung schlecht das Auseinanderfallen am Pflegemarkt erkl\u00e4ren.<\/p>\n<h2><strong>Der Konzern ist Heimbetreiber<\/strong><\/h2>\n<p>Am gr\u00f6\u00dften Pflegekonzern in Deutschland, der Alloheim SE soll das System aufgezeigt werden. Hinter dem verschachtelten Konzern stehen Finanzinvestoren mit festen Rendite Erwartungen, die nach 5 bis 10 Jahren ihr Engagement weiter ver\u00e4u\u00dfern. Der Pflegemarkt hat im Bereich des Gesundheitswesens die gr\u00f6\u00dften Wachstumsaussichten. Aufgrund des demografischen Wandels der Bev\u00f6lkerung nimmt der Pflegemarkt weiter an Bedeutung zu, gebremst durch fehlende Fachkr\u00e4fte.<\/p>\n<p>Die unternehmerische Steuerung des Konzerns erfolgt zentral auf Basis eines Kennzahlensystems, das auf den Grundlagen der handelsrechtlichen Rechnungslegungsstandards (HGB) beruht. Dabei sind die zentralen Steuerungsgr\u00f6\u00dfen im Konzern die Umsatzerl\u00f6se sowie das Ergebnis vor Steuern, Zinsen und Abschreibungen (EBITDA). Zur Sicherstellung einer zeitnahen Kontrolle der Zielerreichung wird ein konzernweit \u00fcber alle Gesch\u00e4ftseinheiten einheitlich angewandtes Berichtssystem eingesetzt. Basis bildet eine detaillierte (Budget-) Planung und daran anschlie\u00dfende Reportings bzw. Abweichungsanalysen.<\/p>\n<p><strong>2013 &#8211; 2017<\/strong><\/p>\n<p>Der Finanzinvestor \u201eThe Carlyle Group\u201c \u00fcbernahm im August 2013 die Gruppe und schaffte die Voraussetzungen f\u00fcr eine weitere Beschleunigung des Wachstums in den n\u00e4chsten Jahren.<\/p>\n<p>Im Jahresabschluss zum 31. Dezember 2017 im Gesamtkonzern wurde ein Bilanzgewinn in H\u00f6he von 1.692.578,98 \u20ac ausgewiesenen und auf neue Rechnung vorzutragen.<\/p>\n<p>Wer nur die Alloheim SE (Heim) 2017 betrachtet erf\u00e4hrt: 13.489 Mitarbeiter haben Gesamterl\u00f6se von 653.236.000 \u20ac erwirtschaftet und das Jahresergebnis war durch das vorsorgliche Einbuchen von Steuern negativ.<\/p>\n<p>Die Bilanz hatte eine Gesamtsumme von 477.504.000 \u20ac und das Eigenkapital betrug 33.106.000 \u20ac = 6,9 %<\/p>\n<p><strong>Nordic Capital Fund VIII<\/strong><\/p>\n<p>Am 20. DEZEMBER 2013 wurde der Fonds mit 3,5 Mrd.\u20ac geschlossen und ging auf Einkaufstour. Im Jahr 2017 \u00fcbernahm er die Anteile von der \u201eThe Carlyle Group\u201c<\/p>\n<p>Bereits 2018 meldete die Presse den ersten Milliardendeal im deutschen Pflegemarkt durch Alloheim von derzeit 23 Seniorenresidenzen mit rund 2.000 Pflegebetten und 300 Apartments f\u00fcr betreutes Wohnen sowie einem ambulanten Dienst.<\/p>\n<p>Im Coronajahr 2021 sollte die schweizerische UBS Bank einen neuen K\u00e4ufer finden und nahm 2023 davon Abstand.<\/p>\n<p>Vielleicht geben die Bilanz einen Anhalt<\/p>\n<p><strong>Die Erl\u00f6se<\/strong> sind von 2017 bis 2022 um 91% auf 1.245.421.000 \u20ac gestiegen.<\/p>\n<p><strong>Das Personal<\/strong> im gleichen Zeitraum<\/p>\n<ul>\n<li>im Pflegebereich um 64% auf \u00a0\u00a0 105<\/li>\n<li>bei den Servicegesellschaften<a href=\"#_ftn1\" name=\"_ftnref1\">[1]<\/a> um 67% auf \u00a0\u00a0 \u00a0\u00a0\u00a0751<\/li>\n<li>in der Zentrale um 72% auf \u00a0\u00a0 \u00a0\u00a0\u00a0\u00a0\u00a0\u00a0378<\/li>\n<\/ul>\n<p>Die Bilanzsumme erh\u00f6hte sich im Zeitraum um 148% auf 1.184.983.000 \u20ac<\/p>\n<p>Das Eigenkapital von plus 33.106.000 \u20ac verkehrte sich in ein negatives von minus 468.672.000 \u20ac, welches durch ein Gesellschafter Darlehen in H\u00f6he von in der Bilanz von 2022 um weitere 54.761 auf insgesamt 561.149.000 \u20ac ausgeglichen wurde.<\/p>\n<p>Es stellt sich die Frage, was geschieht mit den \u00fcber 300 Einrichtungen in der Republik, wenn das Gesellschafterdarlehen kurzfristig zur\u00fcckgefordert w\u00fcrde?<\/p>\n<p><strong>Zur Sicherstellung der Versorgung<\/strong> sind die Pflegekassen nach \u00a7 69 SGB XI verantwortlich. \u00a7 8 SGB XI sieht die Gemeinsame Verantwortung der L\u00e4nder, der Kommunen, der Pflegeeinrichtungen und der Pflegekassen, sie wirken unter Beteiligung des Medizinischen Dienstes eng zusammen, um eine leistungsf\u00e4hige, regional gegliederte, ortsnahe und aufeinander abgestimmte ambulante und station\u00e4re pflegerische Versorgung der Bev\u00f6lkerung zu gew\u00e4hrleisten.<\/p>\n<p><strong>Alle verlassen sich auf den anderen<\/strong><\/p>\n<p><strong>Pflegekassen <\/strong>haben den Blick auf die Beitragsstabilit\u00e4t nach \u00a7 70 SGB XI. Die Beitr\u00e4ge werden bundeseinheitlich durch Gesetz festgeschrieben, vgl.\u00a7 55 Abs. 1 SGB XI<\/p>\n<p><strong>Die L\u00e4nderregierungen <\/strong>verweisen auf den Markt zwischen Landespflegekassen und den Einrichtungstr\u00e4gern.<\/p>\n<p><strong>Die Kommunen<\/strong> arbeiten mit veralteten Daten und sehen die notwendige der Zukunftsplanung \u00fcberwiegend gelassen.<\/p>\n<p><strong>Seniorenvertretungen und die Seniorenorganisationen der Parteien <\/strong>befassen sich mit der Pflege, wenn die Betroffenheit gegeben ist.<\/p>\n<p><strong>Die Aufsichtsorgane der Einrichtungen sind gefordert.<\/strong><\/p>\n<p>Das deutsche Aktiengesetz (\u00a7\u00a7 84, 111 AktG) gew\u00e4hrleistet, dass der Aufsichtsrat eigenst\u00e4ndig und unabh\u00e4ngig \u00fcber die Abberufung und Bestellung von Vorstandsmitgliedern entscheiden kann, wenn diese das Unternehmen gef\u00e4hrden. Doch schon vorher haben die Gremienvertreter auf die Einhaltung von Gesetz und Recht zu achten. Wirken die gew\u00e4hlten Heimbewohner bei der Entgeltfindung nach \u00a7 85 Abs. 3 Satz 2 SGB XI mit.\u00a0 Werden die Rechte der Mitarbeiter eingehalten, ist die Flukti.<\/p>\n<h2><strong>Das b\u00f6se Erwachen kommt<\/strong><\/h2>\n<p>Die Pflegebed\u00fcrftigkeit nimmt st\u00e4ndig zu. Das Heimplatzangebot stagniert bei 800.000 Pl\u00e4tzen. 6 Millionen m\u00fcssen in der H\u00e4uslichkeit \u00fcberwiegend ohne fachliche Hilfe gepflegt werden.<\/p>\n<p><a href=\"https:\/\/www.carevor9.de\/care-inside\/wie-eine-zahl-ueber-das-heimsterben-schlagzeilen-macht\" target=\"_blank\" rel=\"noopener nofollow external noreferrer\" data-wpel-link=\"external\" title=\"Externer Link: Pflegeheime gehen in die Insolvenz, werden \u00fcbernommen\" class=\"ext-link wpel-icon-right\">Pflegeheime gehen in die Insolvenz, werden \u00fcbernommen<span class=\"wpel-icon wpel-image wpel-icon-6\"><\/span><\/a>. Im Jahre 2024 wurden<strong>112 Pflegeheime<\/strong>, <strong>274 Pflegedienste<\/strong> und <strong>111 Tagespflegen geschlossene<\/strong>. Der Pflegelandschaft in Deutschland sind bisher <strong>5.596 vollstation\u00e4re Pl\u00e4tze<\/strong> verloren gegangen. Die geschlossenen Pflegedienste versorgten insgesamt\u00a0<strong>15.926 Patienten<\/strong>. Die betroffenen Tagespflegen haben <strong>1.409 Pl\u00e4tze<\/strong> zur Verf\u00fcgung stellten.<\/p>\n<p>Bei der Kommunalwahl am 14. September in NRW werden nicht nur Stadt-, Land- und Kommunalr\u00e4te gew\u00e4hlt. Es werden die Integrationsr\u00e4te und im Ruhrgebiet das Ruhrparlament gew\u00e4hlt. Die Fraktionen werden auch sachverst\u00e4ndige B\u00fcrger in die Aussch\u00fcsse entsenden. Wer sich im Vorfeld einbringt, kann die Sorgen sp\u00e4ter vertreten.<\/p>\n<p><a href=\"#_ftnref1\" name=\"_ftn1\">[1]<\/a> Servicegesellschaften erbringen Dienstleistungen in allen Alloheim-Einrichtungen aus den Bereichen: \u2015 K\u00fcche\/Catering \u2015 W\u00e4scherei<\/p>\n<p>Es folgt: <strong>Weg von den \u201eWunschentgelten\u201c in Pflegeeinrichtungen<\/strong><\/p>\n","protected":false},"excerpt":{"rendered":"<p>Heimpl\u00e4tze sind Mangelware, Heimentgelte steigen ungebremst. Der B\u00fcrger steht fassungslos vor den Meldungen. Heimentgelte f\u00fcr die Bewohner steigen und erreichen in bestimmten Regionen monatlich teilweise 4.000 \u20ac und mehr. Die Entgelte von 6.000 \u20ac inklusiv der Pflegeversicherung je Pflegegrad sind keine Seltenheit. Die Pflegeversicherung steigt j\u00e4hrlich. Die bundesweiten Heimpl\u00e4tze verharren seit Jahren bei rund 800.000&hellip; <a class=\"continue\" href=\"https:\/\/unser-quartier.de\/oberhausen\/2025\/05\/insolvenzen-im-pflegebereich-pflegekonzerne-wachsen\/sraebiger\/\" data-wpel-link=\"internal\"> \u00bb weiterlesen: <span> Insolvenzen im Pflegebereich, Pflegekonzerne wachsen<\/span><\/a><\/p>\n","protected":false},"author":612,"featured_media":10355,"comment_status":"open","ping_status":"closed","sticky":false,"template":"","format":"standard","meta":{"_monsterinsights_skip_tracking":false,"_monsterinsights_sitenote_active":false,"_monsterinsights_sitenote_note":"","_monsterinsights_sitenote_category":0,"generate_page_header":"","footnotes":""},"categories":[1520,1,5,2695],"tags":[700,4146,1543,244,2603],"class_list":["post-23920","post","type-post","status-publish","format-standard","has-post-thumbnail","hentry","category-heimbeirat","category-dies-und-das","category-recht","category-seniorenbeirat","tag-alloheim-se","tag-insolvenzen","tag-investoren","tag-pflegekassen","tag-sozialkassen"],"_links":{"self":[{"href":"https:\/\/unser-quartier.de\/oberhausen\/wp-json\/wp\/v2\/posts\/23920","targetHints":{"allow":["GET"]}}],"collection":[{"href":"https:\/\/unser-quartier.de\/oberhausen\/wp-json\/wp\/v2\/posts"}],"about":[{"href":"https:\/\/unser-quartier.de\/oberhausen\/wp-json\/wp\/v2\/types\/post"}],"author":[{"embeddable":true,"href":"https:\/\/unser-quartier.de\/oberhausen\/wp-json\/wp\/v2\/users\/612"}],"replies":[{"embeddable":true,"href":"https:\/\/unser-quartier.de\/oberhausen\/wp-json\/wp\/v2\/comments?post=23920"}],"version-history":[{"count":3,"href":"https:\/\/unser-quartier.de\/oberhausen\/wp-json\/wp\/v2\/posts\/23920\/revisions"}],"predecessor-version":[{"id":24099,"href":"https:\/\/unser-quartier.de\/oberhausen\/wp-json\/wp\/v2\/posts\/23920\/revisions\/24099"}],"wp:featuredmedia":[{"embeddable":true,"href":"https:\/\/unser-quartier.de\/oberhausen\/wp-json\/wp\/v2\/media\/10355"}],"wp:attachment":[{"href":"https:\/\/unser-quartier.de\/oberhausen\/wp-json\/wp\/v2\/media?parent=23920"}],"wp:term":[{"taxonomy":"category","embeddable":true,"href":"https:\/\/unser-quartier.de\/oberhausen\/wp-json\/wp\/v2\/categories?post=23920"},{"taxonomy":"post_tag","embeddable":true,"href":"https:\/\/unser-quartier.de\/oberhausen\/wp-json\/wp\/v2\/tags?post=23920"}],"curies":[{"name":"wp","href":"https:\/\/api.w.org\/{rel}","templated":true}]}}