{"id":2396,"date":"2018-05-09T13:52:10","date_gmt":"2018-05-09T11:52:10","guid":{"rendered":"https:\/\/unser-quartier.de\/oberhausen\/?p=2396"},"modified":"2018-05-06T23:12:19","modified_gmt":"2018-05-06T21:12:19","slug":"wie-finde-ich-den-richtigen-pflegedienst","status":"publish","type":"post","link":"https:\/\/unser-quartier.de\/oberhausen\/2018\/05\/wie-finde-ich-den-richtigen-pflegedienst\/sraebiger\/","title":{"rendered":"Wie finde ich den richtigen Pflegedienst?"},"content":{"rendered":"<p><img loading=\"lazy\" decoding=\"async\" class=\"size-full wp-image-2592 alignleft\" src=\"https:\/\/unser-quartier.de\/oberhausen\/files\/2018\/05\/Zu-Hause-gut-versorgt-Bagso.jpg\" alt=\"\" width=\"194\" height=\"283\" srcset=\"https:\/\/unser-quartier.de\/oberhausen\/files\/2018\/05\/Zu-Hause-gut-versorgt-Bagso.jpg 194w, https:\/\/unser-quartier.de\/oberhausen\/files\/2018\/05\/Zu-Hause-gut-versorgt-Bagso-150x219.jpg 150w\" sizes=\"auto, (max-width: 194px) 100vw, 194px\" \/>Wer will nicht zu Hause gut versorgt sein und werden. Nicht immer, nicht jederzeit und nicht alle Pflegebed\u00fcrftigen k\u00f6nnen von ihren Angeh\u00f6rigen versorgt werden. Die famili\u00e4re Pflege zu erg\u00e4nzen und Pflege zu Hause zu organisieren, ist das Arbeitsfeld ambulanter Pflegedienste. In Oberhausen k\u00f6nnen Sie auf ein weitgehend fl\u00e4chendeckendes Netz von \u00fcber 40 professionellen Pflegediensten zur\u00fcckgreifen.\u00a0 Diese kommen bei Bedarf in die Wohnung, sodass Sie trotz Pflegebed\u00fcrftigkeit zuhause bleiben k\u00f6nnen.\u00a0<!--more--><\/p>\n<p>Pflegedienste bieten an:<\/p>\n<ul>\n<li>grundpflegerische Leistungen \u2013 also K\u00f6rperpflege,<\/li>\n<li>Hilfen bei der Ern\u00e4hrung oder Mobilisierung,<\/li>\n<li>medizinische Behandlungspflege,\u00a0 wie von der \u00c4rztin oder vom Arzt verordnet,<\/li>\n<li>Unterst\u00fctzung im hauswirtschaftlichen Bereich,<\/li>\n<li>Beratung bei allen Fragen rund um die h\u00e4usliche Pflege.<\/li>\n<\/ul>\n<p>Pflegedienstleistungen werden von den Wohlfahrtsverb\u00e4nden, aber auch von privat-gewerblichen Anbietern erbracht. Das Angebot ist gro\u00df und vielf\u00e4ltig \u2013 die Qualit\u00e4t jedoch nicht immer gleich. Nicht alle haben den direkten Standort in Oberhausen und sind hier in der st\u00e4dtischen Liste zu finden. Pr\u00fcfen Sie daher die einzelnen Angebote und Kosten vor Ort genau:<\/p>\n<ul>\n<li>Fordern Sie bei Ihrer Pflegekasse eine Preisvergleichsliste der ortsans\u00e4ssigen Pflegedienste an und vergleichen Sie die Kosten der einzelnen Leistungsbereiche.<\/li>\n<li>Lassen Sie sich bei <a href=\"https:\/\/unser-quartier.de\/oberhausen\/adresse\/haeusliche-pflege\/\" target=\"_blank\" rel=\"noopener\" data-wpel-link=\"internal\">Beratungsstellen der Stadt<\/a> oder der Wohlfahrtspflege beraten.<\/li>\n<\/ul>\n<p>Empfehlenswert ist es auch, sich im Bekanntenkreis oder bei anderen Betroffenen nach Erfahrungswerten umzuh\u00f6ren. Vielleicht bekommen Sie neben Anschriften auch gleich wertvolle Tipps und Hinweise. Ambulante Pflegedienste geben Ihnen ebenfalls unverbindlich Auskunft und beraten Sie. Bei diesen Gespr\u00e4chen k\u00f6nnen Sie oft bereits feststellen, ob Ihnen der Pflegedienst zusagt. Vergleichen Sie, nehmen Sie nicht das erste Angebot<\/p>\n<p>Ein Fragenkatalog soll Ihnen dabei helfen den \u201erichtigen\u201c Pflegedienst auszuw\u00e4hlen. Beim optimalen Pflegedienst sollten Sie den Gro\u00dfteil der Fragen mit &#8222;Ja&#8220; beantworten k\u00f6nnen.\u00a0 Nutzen Sie die M\u00f6glichkeit den Beitrag auszudrucken oder per Email zu versenden,<\/p>\n<table>\n<tbody>\n<tr>\n<td width=\"676\">\n<p><strong>Wie finde ich den richtigen Pflegedienst?<\/strong><\/p>\n<\/td>\n<td width=\"38\">\n<p><strong>Ja<\/strong><\/p>\n<\/td>\n<td width=\"59\">\n<p>Nein<\/p>\n<\/td>\n<\/tr>\n<tr>\n<td width=\"676\">\n<p>Hat der Pflegedienst einen Versorgungs- und Verg\u00fctungsvertrag mit der Pflegekasse, damit dieser die Dienstleistungen direkt abrechnen kann?<\/p>\n<\/td>\n<td width=\"38\">\n<p>&nbsp;<\/p>\n<\/td>\n<td width=\"59\">\n<p>&nbsp;<\/p>\n<\/td>\n<\/tr>\n<tr>\n<td width=\"676\">\n<p>Hat der Pflegedienst einen Versorgungs- und Verg\u00fctungsvertrag mit der Krankenkasse, damit medizinische Behandlungspflege, wie von der \u00c4rztin oder vom Arzt verordnet, mit dieser direkt abrechnen kann?<\/p>\n<\/td>\n<td width=\"38\">\n<p>&nbsp;<\/p>\n<\/td>\n<td width=\"59\">\n<p>&nbsp;<\/p>\n<\/td>\n<\/tr>\n<tr>\n<td width=\"676\">\n<p>Hat der Anbieter Pflege-Fachkr\u00e4fte, wenn ja wie viele<\/p>\n<\/td>\n<td width=\"38\">\n<p>&nbsp;<\/p>\n<\/td>\n<td width=\"59\">\n<p>&nbsp;<\/p>\n<\/td>\n<\/tr>\n<tr>\n<td width=\"676\">\n<p>Letzter Qualit\u00e4tsbericht des Medizinischen Dienstes vom\u00a0 \u2026\u2026\u2026\u2026\u2026..<\/p>\n<\/td>\n<td width=\"38\">\n<p>&nbsp;<\/p>\n<\/td>\n<td width=\"59\">\n<p>&nbsp;<\/p>\n<\/td>\n<\/tr>\n<tr>\n<td width=\"676\">\n<p>Hilfspersonal f\u00fcr die Unterst\u00fctzung im hauswirtschaftlichen Bereich?<\/p>\n<\/td>\n<td width=\"38\">\n<p>&nbsp;<\/p>\n<\/td>\n<td width=\"59\">\n<p>&nbsp;<\/p>\n<\/td>\n<\/tr>\n<tr>\n<td width=\"676\">\n<p><strong>\u00dcbernimmt der Pflegedienst<\/strong><\/p>\n<\/td>\n<td width=\"38\">\n<p>&nbsp;<\/p>\n<\/td>\n<td width=\"59\">\n<p>&nbsp;<\/p>\n<\/td>\n<\/tr>\n<tr>\n<td width=\"676\">\n<p>\u00b7\u00a0\u00a0\u00a0\u00a0\u00a0\u00a0\u00a0 grundpflegerische Leistungen \u2013 also K\u00f6rperpflege<\/p>\n<\/td>\n<td width=\"38\">\n<p>&nbsp;<\/p>\n<\/td>\n<td width=\"59\">\n<p>&nbsp;<\/p>\n<\/td>\n<\/tr>\n<tr>\n<td width=\"676\">\n<p>\u00b7\u00a0\u00a0\u00a0\u00a0\u00a0\u00a0\u00a0 Hilfen bei der Ern\u00e4hrung oder Mobilisierung<\/p>\n<\/td>\n<td width=\"38\">\n<p>&nbsp;<\/p>\n<\/td>\n<td width=\"59\">\n<p>&nbsp;<\/p>\n<\/td>\n<\/tr>\n<tr>\n<td width=\"676\">\n<p>Kann der Pflegedienst alle Leistungsbereiche abdecken, die\u00a0 f\u00fcr Sie wichtig sind?<\/p>\n<\/td>\n<td width=\"38\">\n<p>&nbsp;<\/p>\n<\/td>\n<td width=\"59\">\n<p>&nbsp;<\/p>\n<\/td>\n<\/tr>\n<tr>\n<td width=\"676\">\n<p>Arbeitet der Pflegedienst nach einem Pflegekonzept?<\/p>\n<\/td>\n<td width=\"38\">\n<p>&nbsp;<\/p>\n<\/td>\n<td width=\"59\">\n<p>&nbsp;<\/p>\n<\/td>\n<\/tr>\n<tr>\n<td width=\"676\">\n<p>Wird ein individueller Pflegeplan erstellt und mit Ihnen oder Ihren Angeh\u00f6rigenbesprochen?<\/p>\n<\/td>\n<td width=\"38\">\n<p>&nbsp;<\/p>\n<\/td>\n<td width=\"59\">\n<p>&nbsp;<\/p>\n<\/td>\n<\/tr>\n<tr>\n<td width=\"676\">\n<p>Informiert der Pflegedienst Sie ausf\u00fchrlich, welche Kosten die Pflegekasse \u00fcbernimmt und welche Leistungen Sie selbst tragen m\u00fcssen?<\/p>\n<\/td>\n<td width=\"38\">\n<p>&nbsp;<\/p>\n<\/td>\n<td width=\"59\">\n<p>&nbsp;<\/p>\n<\/td>\n<\/tr>\n<tr>\n<td width=\"676\">\n<p>Werden die tats\u00e4chlichen Pflegeleistungen ausf\u00fchrlich dokumentiert?<\/p>\n<\/td>\n<td width=\"38\">\n<p>&nbsp;<\/p>\n<\/td>\n<td width=\"59\">\n<p>&nbsp;<\/p>\n<\/td>\n<\/tr>\n<tr>\n<td width=\"676\">\n<p>Kann der Pflegedienst auf Ihre individuellen Bed\u00fcrfnisse eingehen, durch zeitlich flexible Eins\u00e4tze, z. B. auch an Wochenenden oder in der Nacht, durch Ber\u00fccksichtigung Ihrer Lebensgewohnheiten?<\/p>\n<\/td>\n<td width=\"38\">\n<p>&nbsp;<\/p>\n<\/td>\n<td width=\"59\">\n<p>&nbsp;<\/p>\n<\/td>\n<\/tr>\n<tr>\n<td width=\"676\">\n<p>Arbeitet der Pflegedienst mit anderen Einrichtungen zusammen?<\/p>\n<\/td>\n<td width=\"38\">\n<p>&nbsp;<\/p>\n<\/td>\n<td width=\"59\">\n<p>&nbsp;<\/p>\n<\/td>\n<\/tr>\n<tr>\n<td width=\"676\">\n<table>\n<tbody>\n<tr>\n<td width=\"670\">\n<p>\u00b7\u00a0\u00a0\u00a0\u00a0\u00a0\u00a0\u00a0 Kurzzeitpflege \/ Verhinderungspflege\u00a0 Name:<\/p>\n<\/td>\n<\/tr>\n<tr>\n<td width=\"670\">\n<p>\u00b7\u00a0\u00a0\u00a0\u00a0\u00a0\u00a0\u00a0 Tagespflege<\/p>\n<\/td>\n<\/tr>\n<\/tbody>\n<\/table>\n<\/td>\n<td width=\"38\">\n<p>&nbsp;<\/p>\n<\/td>\n<td width=\"59\">\n<p>&nbsp;<\/p>\n<\/td>\n<\/tr>\n<tr>\n<td width=\"676\">\n<p>&nbsp;<\/p>\n<\/td>\n<td width=\"38\">\n<p>&nbsp;<\/p>\n<\/td>\n<td width=\"59\">\n<p>&nbsp;<\/p>\n<\/td>\n<\/tr>\n<tr>\n<td width=\"676\">\n<p>Kann der Pflegedienst gew\u00e4hrleisten, dass m\u00f6glichst ein gleichbleibendes Team Sie versorgt?<\/p>\n<\/td>\n<td width=\"38\">\n<p>&nbsp;<\/p>\n<\/td>\n<td width=\"59\">\n<p>&nbsp;<\/p>\n<\/td>\n<\/tr>\n<tr>\n<td width=\"676\">\n<p>Ist der Standort des Pflegedienstes in der N\u00e4he Ihrer Wohnumgebung, damit kurze Anfahrtswege sichergestellt sind?<\/p>\n<\/td>\n<td width=\"38\">\n<p>&nbsp;<\/p>\n<\/td>\n<td width=\"59\">\n<p>&nbsp;<\/p>\n<\/td>\n<\/tr>\n<tr>\n<td width=\"676\">\n<p><strong>Beratung\/Hilfe bei allen Fragen rund um die h\u00e4usliche Pflege.<\/strong><\/p>\n<\/td>\n<td width=\"38\">\n<p>&nbsp;<\/p>\n<\/td>\n<td width=\"59\">\n<p>&nbsp;<\/p>\n<\/td>\n<\/tr>\n<tr>\n<td width=\"676\">\n<p>\u00b7\u00a0\u00a0\u00a0\u00a0\u00a0\u00a0\u00a0 <strong>Hausnotruf<\/strong><\/p>\n<\/td>\n<td width=\"38\">\n<p>&nbsp;<\/p>\n<\/td>\n<td width=\"59\">\n<p>&nbsp;<\/p>\n<\/td>\n<\/tr>\n<tr>\n<td width=\"676\">\n<p>\u00b7\u00a0\u00a0\u00a0\u00a0\u00a0\u00a0\u00a0 <strong>Apothekendienst<\/strong><\/p>\n<\/td>\n<td width=\"38\">\n<p>&nbsp;<\/p>\n<\/td>\n<td width=\"59\">\n<p>&nbsp;<\/p>\n<\/td>\n<\/tr>\n<tr>\n<td width=\"676\">\n<p>\u00b7\u00a0\u00a0\u00a0\u00a0\u00a0\u00a0\u00a0 <strong>Menueservice<\/strong><\/p>\n<\/td>\n<td width=\"38\">\n<p>&nbsp;<\/p>\n<\/td>\n<td width=\"59\">\n<p>&nbsp;<\/p>\n<\/td>\n<\/tr>\n<tr>\n<td width=\"676\">\n<p>\u00b7\u00a0\u00a0\u00a0\u00a0\u00a0\u00a0\u00a0 <strong>Angeh\u00f6rigenschulung<\/strong><\/p>\n<\/td>\n<td width=\"38\">\n<p>&nbsp;<\/p>\n<\/td>\n<td width=\"59\">\n<p>&nbsp;<\/p>\n<\/td>\n<\/tr>\n<tr>\n<td width=\"676\">\n<p>\u00b7\u00a0\u00a0\u00a0\u00a0\u00a0\u00a0\u00a0 <strong>\u00a0<\/strong><\/p>\n<\/td>\n<td width=\"38\">\n<p>&nbsp;<\/p>\n<\/td>\n<td width=\"59\">\n<p>&nbsp;<\/p>\n<\/td>\n<\/tr>\n<\/tbody>\n<\/table>\n","protected":false},"excerpt":{"rendered":"<p>Wer will nicht zu Hause gut versorgt sein und werden. Nicht immer, nicht jederzeit und nicht alle Pflegebed\u00fcrftigen k\u00f6nnen von ihren Angeh\u00f6rigen versorgt werden. Die famili\u00e4re Pflege zu erg\u00e4nzen und Pflege zu Hause zu organisieren, ist das Arbeitsfeld ambulanter Pflegedienste. In Oberhausen k\u00f6nnen Sie auf ein weitgehend fl\u00e4chendeckendes Netz von \u00fcber 40 professionellen Pflegediensten zur\u00fcckgreifen.\u00a0&hellip; <a class=\"continue\" href=\"https:\/\/unser-quartier.de\/oberhausen\/2018\/05\/wie-finde-ich-den-richtigen-pflegedienst\/sraebiger\/\" data-wpel-link=\"internal\"> \u00bb weiterlesen: <span> Wie finde ich den richtigen Pflegedienst?<\/span><\/a><\/p>\n","protected":false},"author":612,"featured_media":0,"comment_status":"closed","ping_status":"closed","sticky":false,"template":"","format":"standard","meta":{"_monsterinsights_skip_tracking":false,"_monsterinsights_sitenote_active":false,"_monsterinsights_sitenote_note":"","_monsterinsights_sitenote_category":0,"generate_page_header":"","footnotes":""},"categories":[4,38],"tags":[85,20,174,370,357,295,367,365,366,369,68,289,368],"class_list":["post-2396","post","type-post","status-publish","format-standard","hentry","category-unterstuetzung","category-wohnen","tag-ambulant","tag-beratung","tag-checkliste","tag-dokumentation","tag-hausnotruf","tag-hilfe","tag-kuzrzeit","tag-menue","tag-pflegedienst","tag-pflegekonzept","tag-schulung","tag-tagespflege","tag-verhinderung"],"_links":{"self":[{"href":"https:\/\/unser-quartier.de\/oberhausen\/wp-json\/wp\/v2\/posts\/2396","targetHints":{"allow":["GET"]}}],"collection":[{"href":"https:\/\/unser-quartier.de\/oberhausen\/wp-json\/wp\/v2\/posts"}],"about":[{"href":"https:\/\/unser-quartier.de\/oberhausen\/wp-json\/wp\/v2\/types\/post"}],"author":[{"embeddable":true,"href":"https:\/\/unser-quartier.de\/oberhausen\/wp-json\/wp\/v2\/users\/612"}],"replies":[{"embeddable":true,"href":"https:\/\/unser-quartier.de\/oberhausen\/wp-json\/wp\/v2\/comments?post=2396"}],"version-history":[{"count":0,"href":"https:\/\/unser-quartier.de\/oberhausen\/wp-json\/wp\/v2\/posts\/2396\/revisions"}],"wp:attachment":[{"href":"https:\/\/unser-quartier.de\/oberhausen\/wp-json\/wp\/v2\/media?parent=2396"}],"wp:term":[{"taxonomy":"category","embeddable":true,"href":"https:\/\/unser-quartier.de\/oberhausen\/wp-json\/wp\/v2\/categories?post=2396"},{"taxonomy":"post_tag","embeddable":true,"href":"https:\/\/unser-quartier.de\/oberhausen\/wp-json\/wp\/v2\/tags?post=2396"}],"curies":[{"name":"wp","href":"https:\/\/api.w.org\/{rel}","templated":true}]}}