{"id":24046,"date":"2025-06-13T11:02:29","date_gmt":"2025-06-13T09:02:29","guid":{"rendered":"https:\/\/unser-quartier.de\/oberhausen\/?p=24046"},"modified":"2025-05-11T13:25:03","modified_gmt":"2025-05-11T11:25:03","slug":"wer-kennt-demenzfreundliche-krankenhaeuser-hospitaeler-dfh","status":"publish","type":"post","link":"https:\/\/unser-quartier.de\/oberhausen\/2025\/06\/wer-kennt-demenzfreundliche-krankenhaeuser-hospitaeler-dfh\/sraebiger\/","title":{"rendered":"Wer kennt demenzfreundliche Krankenh\u00e4user\/Hospit\u00e4ler (DFH)"},"content":{"rendered":"<blockquote>\n<h2><strong>Krankenh\u00e4user werben mit \u201eseniorenfreundliches Krankenhaus\u201c<\/strong><\/h2>\n<\/blockquote>\n<p class=\"wp-more-tag mce-wp-more\" title=\"Weiterlesen\u00a0\u2026\" data-wp-more=\"more\" data-wp-more-text=\"\" data-mce-placeholder=\"1\">Angeh\u00f6rigen sind unentbehrlich und bieten eine gro\u00dfe Unterst\u00fctzung, insbesondere diejenigen, die mit dem Teilnehmer im Krankenhaus bleiben m\u00fcssen. Die Ausd\u00fcnnung der Krankenh\u00e4user darf nicht l\u00e4nger ein gewinnorientiertes Unternehmen werden. Keine soziale K\u00e4lte, keine Fliessbandarbeit, Menschlichkeit muss einen Stellenwert erhalten.<!--more--><\/p>\n<p class=\"wp-more-tag mce-wp-more\" title=\"Weiterlesen\u00a0\u2026\" data-wp-more=\"more\" data-wp-more-text=\"\" data-mce-placeholder=\"1\"><strong>Sicht eines\/einer Betroffenen<\/strong><\/p>\n<p>Ein ungeplanter Krankenhausaufenthalt ist nicht nur f\u00fcr Menschen mit Demenz oft mit negativen Erfahrungen verbunden. Orientierungslosigkeit, Angst, Unbehagen, sind einige der Gef\u00fchle, die sich w\u00e4hrend des Krankenhausaufenthalts einstellen. Langeweile und Ausgrenzung beschreiben Angeh\u00f6rige. Dies\u00a0 versuchen Angeh\u00f6rige abzumildern und unterst\u00fctzen die Patienten, indem sie demenzspezifische Symptome ausgleichen und beruhigen, wenn \u00c4ngste Unsicherheit verursachen.<\/p>\n<p>Pflegefachkr\u00e4fte und Servicepersonal sehen mangels Zeit die \u00c4ngste der Patienten und deren Angeh\u00f6rige oftmals nicht, sie sehen die Angeh\u00f6rigen als St\u00f6rfaktoren im Klinikablauf. Schnell zieht sich der eingeschaltete Arzt auf Formalien zur\u00fcck. Verlangt vom Angeh\u00f6rigen den Nachweis der Bestellung zum Betreuer. Doch <a href=\"https:\/\/unser-quartier.de\/oberhausen\/2023\/01\/betreuungsrecht-ab-maerz-2023\/sraebiger\/\" target=\"_blank\" rel=\"noopener\" data-wpel-link=\"internal\">seit 2023 ist der Zwang und Weg<\/a> zur indirekten Entm\u00fcndigung erschwert. <strong>Angstmachen gilt nicht (mehr). Das Wohl des Patienten steht im Vordergrund.<\/strong><\/p>\n<p>F\u00fcr Menschen mit Demenz bietet ein demenzfreundliches Krankenhaus mehr als das N\u00f6tigste. Es zeichnet sich aus durch einen angenehmen Umgang, eine gute Atmosph\u00e4re aus. Patienten finden jemanden, der sich k\u00fcmmert. Professionelle Betreuung zeigt sich in der Anerkennung der individuellen F\u00e4higkeiten und Ziele der Patienten. Bringt Abwechslung, verringert das Alleinseins durch soziale Kontakte und bezieht An- und Zugeh\u00f6rige aktiv ein und vermindert auch \u00c4ngste.<\/p>\n<p>Ein Krankenhausaufenthalt ist f\u00fcr Menschen mit Demenz oft mit negativen Erfahrungen verbunden. Orientierungslosigkeit, Angst, Unbehagen, Langeweile und Ausgrenzung sind einige der Gef\u00fchle. Dar\u00fcber hinaus birgt ein Krankenhausaufenthalt f\u00fcr Menschen mit Demenz ein hohes <a href=\"https:\/\/unser-quartier.de\/oberhausen\/2020\/10\/demenz-durch-op\/sraebiger\/\" target=\"_blank\" rel=\"noopener\" data-wpel-link=\"internal\">Risiko f\u00fcr Delir<\/a>, St\u00fcrze, Dehydrierung, Mangelern\u00e4hrung, k\u00f6rperlichen und kognitiven Verfall, Infektionen, Todesf\u00e4lle im Krankenhaus, Einweisung in ein Pflegeheim und l\u00e4ngere Krankenhausaufenthalte. Ein Krankenhausaufenthalt ist f\u00fcr Menschen mit Demenz nicht immer vermeidbar. Sie haben ein h\u00f6heres Risiko f\u00fcr eine Krankenhauseinweisung als \u00e4ltere Menschen ohne Demenz. In Deutschland hatten bereits 2018 sch\u00e4tzungsweise 40% der Patienten ab 65 Jahren in Krankenh\u00e4usern eine kognitive Beeintr\u00e4chtigung, darunter eine Demenzpr\u00e4valenz von 18,4% \u00a0<a href=\"https:\/\/pmc.ncbi.nlm.nih.gov\/articles\/PMC6318438\/pdf\/Dtsch_Arztebl_Int-115_0733.pdf\" class=\"mtli_attachment mtli_pdf ext-link wpel-icon-right\" target=\"_blank\" rel=\"noopener nofollow external noreferrer\" data-wpel-link=\"external\" title=\"Externer Link: Studie aus 2018\">Studie aus 2018<span class=\"wpel-icon wpel-image wpel-icon-6\"><\/span><\/a><\/p>\n<p>Wir brauchen Menschlichkeit und mehr f\u00fcrsorgliche Versorgung, die im Wirtschaftsbetrieb Krankenhaus durch das &#8222;knappe&#8220; Personal in Pflege und Service nicht gegeben ist. Wenn die Einbeziehung der An- und Zugeh\u00f6rigen nicht als Belastung, sondern als Hilfe gesehen wird, gelingt eine bessere Versorgung. Dazu braucht es klare Regeln und die Festschreibung im Qualit\u00e4tsmanagement-Handbuch und der Transparenz und Einbeziehung des Patientenbeauftragten.<\/p>\n<p>Angeh\u00f6rige k\u00f6nnen daf\u00fcr sorgen, dass der demente Patient alles hat, was er braucht. Sie besorgen Geschenke f\u00fcr das Personal und sind Begleiter f\u00fcr das Verlassen der Station, den Gang auf die Terrasse oder den Besuch der Kapelle. Dar\u00fcber hinaus initiieren, organisieren und \u00fcberwachen sie die Gesundheitsversorgung vor, w\u00e4hrend und nach dem Krankenhausaufenthalt und stehen den Teilnehmenden als Berater, F\u00fcrsprecher oder Stellvertreter zur Seite.<\/p>\n<p>Ein Krankenhausaufenthalt sollte gut vorbereitet sein \u2013 egal ob geplant oder wegen eines Notfalls. Je mehr \u00c4rztinnen und \u00c4rzte oder Pflegekr\u00e4fte bereits am Anfang \u00fcber die gesundheitliche Situation, den Pflegebedarf, \u00fcber die Lebensgewohnheiten und Vorlieben von Patientinnen und Patienten mit Demenz wissen, umso schneller und besser k\u00f6nnen sie diese behandeln. Die Dokumentation in der elektronischen Patientenakte (ePA) ist ein Hilfsmittel. Angeh\u00f6rige k\u00f6nnen ebenfalls einen entscheidenden Beitrag leisten, indem sie alle f\u00fcr einen Krankenhausaufenthalt wichtigen Informationen bereits im Vorfeld zusammentragen.<\/p>\n<p>Ein Verzeichnis von Krankenh\u00e4usern und Kliniken die eigene Stationen oder Konzepte speziell f\u00fcr Menschen mit Demenz haben, finden Sie <a href=\"https:\/\/www.dggeriatrie.de\/spezialstationen-fuer-patienten-mit-kognitiver-einschraenkung\" target=\"_blank\" rel=\"noopener nofollow external noreferrer\" data-wpel-link=\"external\" title=\"Externer Link: &lt;strong&gt;hier&lt;\/strong&gt;\" class=\"ext-link wpel-icon-right\"><strong>hier<\/strong><span class=\"wpel-icon wpel-image wpel-icon-6\"><\/span><\/a> bei der Deutschen Gesellschaft f\u00fcr Geriatrie e.V. In Deutschland sind aktuell 44 sogenannte \u201eSpecial Care Units\u201c besonders auf die Behandlung kognitiv eingeschr\u00e4nkter Patienten eingerichtet.<\/p>\n<p>Seit 2019 gibt es einen \u00fcber 200seitigen Leitfaden der Bosch Stiftung zum <a href=\"https:\/\/www.bosch-stiftung.de\/sites\/default\/files\/publications\/pdf\/2019-11\/Praxisleitfaden_demenzsensible_Krankenhaeuser.pdf\" class=\"mtli_attachment mtli_pdf ext-link wpel-icon-right\" target=\"_blank\" rel=\"noopener nofollow external noreferrer\" data-wpel-link=\"external\" title=\"Externer Link: Aufbau demenzsensibler Krankenh\u00e4user.\u00a0 \">Aufbau demenzsensibler Krankenh\u00e4user.\u00a0 <span class=\"wpel-icon wpel-image wpel-icon-6\"><\/span><\/a>Dieser sollte gerade in der Umstrukturierungsphase und zur Zukunftssicherung mitgedacht worden sein.<\/p>\n<h2><strong>\u201eRooming-in\u201c-<\/strong><\/h2>\n<p>Immer mehr Kliniken arbeiten an der Umsetzung des \u201eRooming-in\u201c-Konzepts nicht nur f\u00fcr Kinder. Angesichts der steigenden Zahl von Menschen mit Demenz haben einige Krankenh\u00e4user die Vorteile der Ausweitung erkannt. Bei der Vertrauensperson muss es sich nicht um einen Angeh\u00f6rigen handeln, auch Freundinnen und Freunde oder Bekannte k\u00f6nnen die Begleitung \u00fcbernehmen.<\/p>\n<p>Bescheinigt der Krankenhausarzt, dass eine Begleitung f\u00fcr die Zeit des Aufenthalts aus medizinischen oder therapeutischen Gr\u00fcnden notwendig ist, werden die Kosten von der Krankenkasse \u00fcbernommen (\u00a7 11 Absatz 3 SGB V<strong>). Eine Haus\u00e4rztin oder ein Hausarzt kann eine solche Empfehlung auch vorab aussprechen und den formalen Vorgang ansto\u00dfen.<\/strong><\/p>\n<h2><strong>Zusammenfassung<\/strong><!--more--><\/h2>\n<ul>\n<li>Angeh\u00f6rige unterst\u00fctzen die Patienten, indem sie demenzspezifische Symptome ausgleichen und beruhigen, wenn Symptome Unsicherheit verursachen.<\/li>\n<li>Der Hausarzt ist rechtzeitig einzubinden.<\/li>\n<li>\u00c4rzte und \u00a0Pflegefachkr\u00e4fte sehen dies oftmals auch in werbenden Krankenh\u00e4usern anders, sie sehen die Angeh\u00f6rigen als St\u00f6rfaktoren im Klinikablauf. Alle reden von Digitalisierung und B\u00fcrokratieabbau, wer spricht von Mitmenschlichkeit.<\/li>\n<li>Patientenbeauftragte m\u00fcssen als Mittler zwischen Angeh\u00f6rigen und Einrichtung handeln.<\/li>\n<\/ul>\n<p>Nicht nur f\u00fcr Menschen mit Demenz auch den Hochaltriegen bietet ein demenzfreundliches Krankenhaus auf der einen Seite mehr als das N\u00f6tigste und dem Angebot als Privatpatient umsorgt zu werden. Die Einrichtung der Zukunft zeichnet sich durch einen angenehmen Umgang aus. Menschen, die sich k\u00fcmmern. Angefangen bei der professionellen Betreuung durch Anerkennung der individuellen F\u00e4higkeiten und Ziele, Abwechslung, M\u00f6glichkeiten des Alleinseins oder des sozialen Kontakts und die Ber\u00fccksichtigung der individuellen Rolle der Angeh\u00f6rigen.<\/p>\n<p>Wir bieten in der Kommentarfunktion die M\u00f6glichkeit des Austausches. <strong>\u00dcberlassen wir die notwendige Reform nicht den Kosten- und Einrichtungstr\u00e4gern. Es geht um unser Wohlbefinden.<\/strong><\/p>\n<h2><strong>Jedes Krankenhaus muss demente Patienten ad\u00e4quat begleiten.<\/strong> <\/h2>\n","protected":false},"excerpt":{"rendered":"<p>Krankenh\u00e4user werben mit \u201eseniorenfreundliches Krankenhaus\u201c Angeh\u00f6rigen sind unentbehrlich und bieten eine gro\u00dfe Unterst\u00fctzung, insbesondere diejenigen, die mit dem Teilnehmer im Krankenhaus bleiben m\u00fcssen. Die Ausd\u00fcnnung der Krankenh\u00e4user darf nicht l\u00e4nger ein gewinnorientiertes Unternehmen werden. Keine soziale K\u00e4lte, keine Fliessbandarbeit, Menschlichkeit muss einen Stellenwert erhalten.<\/p>\n","protected":false},"author":612,"featured_media":9175,"comment_status":"open","ping_status":"closed","sticky":false,"template":"","format":"standard","meta":{"_monsterinsights_skip_tracking":false,"_monsterinsights_sitenote_active":false,"_monsterinsights_sitenote_note":"","_monsterinsights_sitenote_category":0,"generate_page_header":"","footnotes":""},"categories":[1,1122,2695,4],"tags":[194,4183,1774,4179,4182,157,4180,2795,4184,4177,4181,3255,4178],"class_list":["post-24046","post","type-post","status-publish","format-standard","has-post-thumbnail","hentry","category-dies-und-das","category-ernaehrung-hygiene","category-seniorenbeirat","category-unterstuetzung","tag-betreuer","tag-bosch-stiftung","tag-delir","tag-demenzsensibel","tag-deutsche-gesellschaft-fuer-geriatrie-e-v","tag-hausarzt","tag-krankenhausaufenthalt","tag-patientenbeauftragter","tag-qm","tag-rooming-in","tag-special-care-units","tag-stuerze","tag--11abs-3-sgb-v"],"_links":{"self":[{"href":"https:\/\/unser-quartier.de\/oberhausen\/wp-json\/wp\/v2\/posts\/24046","targetHints":{"allow":["GET"]}}],"collection":[{"href":"https:\/\/unser-quartier.de\/oberhausen\/wp-json\/wp\/v2\/posts"}],"about":[{"href":"https:\/\/unser-quartier.de\/oberhausen\/wp-json\/wp\/v2\/types\/post"}],"author":[{"embeddable":true,"href":"https:\/\/unser-quartier.de\/oberhausen\/wp-json\/wp\/v2\/users\/612"}],"replies":[{"embeddable":true,"href":"https:\/\/unser-quartier.de\/oberhausen\/wp-json\/wp\/v2\/comments?post=24046"}],"version-history":[{"count":3,"href":"https:\/\/unser-quartier.de\/oberhausen\/wp-json\/wp\/v2\/posts\/24046\/revisions"}],"predecessor-version":[{"id":24089,"href":"https:\/\/unser-quartier.de\/oberhausen\/wp-json\/wp\/v2\/posts\/24046\/revisions\/24089"}],"wp:featuredmedia":[{"embeddable":true,"href":"https:\/\/unser-quartier.de\/oberhausen\/wp-json\/wp\/v2\/media\/9175"}],"wp:attachment":[{"href":"https:\/\/unser-quartier.de\/oberhausen\/wp-json\/wp\/v2\/media?parent=24046"}],"wp:term":[{"taxonomy":"category","embeddable":true,"href":"https:\/\/unser-quartier.de\/oberhausen\/wp-json\/wp\/v2\/categories?post=24046"},{"taxonomy":"post_tag","embeddable":true,"href":"https:\/\/unser-quartier.de\/oberhausen\/wp-json\/wp\/v2\/tags?post=24046"}],"curies":[{"name":"wp","href":"https:\/\/api.w.org\/{rel}","templated":true}]}}