{"id":24393,"date":"2025-07-04T11:04:22","date_gmt":"2025-07-04T09:04:22","guid":{"rendered":"https:\/\/unser-quartier.de\/oberhausen\/?p=24393"},"modified":"2025-07-01T13:15:42","modified_gmt":"2025-07-01T11:15:42","slug":"juli-news-4","status":"publish","type":"post","link":"https:\/\/unser-quartier.de\/oberhausen\/2025\/07\/juli-news-4\/sraebiger\/","title":{"rendered":"Juli News"},"content":{"rendered":"<p><strong>B\u00fcrgerkoffer, Pflegeunterst\u00fctzung, Schlaue Uhren.<\/strong><\/p>\n<p>In NRW, dem be\u00f6lkerungsreichsten Bundesland, wird im September in den St\u00e4dten, Kreisen und Gemeinden gew\u00e4hlt. Zum zweiten Mal direkt das Ruhrparlament. Die Senioren sind eine starke Gruppe, werden sie beworben oder wieder vergessen, wie die Millionen An- und Zugeh\u00f6rigen, die in der H\u00e4uslichkeit die \u00fcber 5,3 Millionen Senioren pflegen. H\u00e4usliche Care-Arbeit aufwerten durch ein Gehalt f\u00fcr pflegende Angeh\u00f6rige. <strong><a href=\"https:\/\/chng.it\/hfcRkGNs7g\" target=\"_blank\" rel=\"noopener nofollow external noreferrer\" data-wpel-link=\"external\" title=\"Externer Link: PETITION\" class=\"ext-link wpel-icon-right\">PETITION<span class=\"wpel-icon wpel-image wpel-icon-6\"><\/span><\/a><\/strong><\/p>\n<h2><strong>&#8222;B\u00fcrgerkoffer&#8220;<\/strong><\/h2>\n<p>Wer kennt nicht das eRezept \u00fcber die Gesundheitskarte oder das online Bankkonto, dies sind Vorboten. Die Online-Ausweisfunktion im Personalausweis, im Elektronischen Aufenthaltstitel (EAT) und der ID-Karte f\u00fcr EU-B\u00fcrgerinnen und -B\u00fcrger erlangt f\u00fcr die Menschen immer mehr an Bedeutung. Die <a href=\"https:\/\/www.egovernment.de\/was-ist-die-bundid-a-6941454454cc14590f66f63aa0075b3d\/\" target=\"_blank\" rel=\"noopener nofollow external noreferrer\" data-wpel-link=\"external\" title=\"Externer Link: BundID\" class=\"ext-link wpel-icon-right\">BundID<span class=\"wpel-icon wpel-image wpel-icon-6\"><\/span><\/a> \u2013 die App <a href=\"https:\/\/www.ausweisapp.bund.de\/download\" target=\"_blank\" rel=\"noopener nofollow external noreferrer\" data-wpel-link=\"external\" title=\"Externer Link: \u201eAusweisApp2\u201c \" class=\"ext-link wpel-icon-right\">\u201eAusweisApp2\u201c <span class=\"wpel-icon wpel-image wpel-icon-6\"><\/span><\/a>&#8211; ben\u00f6tigt f\u00fcr die Kfz-Zulassung, Wohnsitzummeldung, Ehe-Online usw. \u00a0Was nutzen die M\u00f6glichkeiten, die nicht genutzt werden.<\/p>\n<p><strong>Bereits jetzt bieten die St\u00e4dte<\/strong> Augsburg\/Dortmund\/Essen\/Leipzig\/Marburg\/Wiesbaden\/Zwickau mit <img loading=\"lazy\" decoding=\"async\" class=\"alignleft wp-image-12089\" src=\"https:\/\/unser-quartier.de\/oberhausen\/files\/2020\/12\/Methodenkoffer-300x207.jpg\" alt=\"Arbeitshilfe f\u00fcr die digitale Kommunikation\" width=\"100\" height=\"69\" srcset=\"https:\/\/unser-quartier.de\/oberhausen\/files\/2020\/12\/Methodenkoffer-300x207.jpg 300w, https:\/\/unser-quartier.de\/oberhausen\/files\/2020\/12\/Methodenkoffer-150x103.jpg 150w, https:\/\/unser-quartier.de\/oberhausen\/files\/2020\/12\/Methodenkoffer.jpg 416w\" sizes=\"auto, (max-width: 100px) 100vw, 100px\" \/>dem &#8222;B\u00fcrgerkoffer&#8220; durch B\u00fcrgermobils und Quartierb\u00fcros einen Vor-Ort-Service speziell f\u00fcr stark mobilit\u00e4tseingeschr\u00e4nkte Menschen an. Menschen, die ohne Fremdhilfe nicht in der Lage sind, die \u00c4mter zu besuchen, k\u00f6nnen ihr Anliegen durch die Mitarbeitenden des Vor-Ort-Service pers\u00f6nlich und ortsunabh\u00e4ngig bearbeiten lassen. Insbesondere in l\u00e4ndlichen Gebieten ein notwendiges Angebot. Zu den Dienstleistungen geh\u00f6ren unter anderem:<\/p>\n<ul>\n<li>Beantragung von Ausweisdokumenten (Personalausweis, Reisepass)<\/li>\n<li>Beantragung von vorl\u00e4ufigen Ausweisdokumenten (im besonders begr\u00fcndeten Einzelfall)<\/li>\n<li>Beantragung von eID-Karten f\u00fcr Unionsb\u00fcrger*innen<\/li>\n<li>An-\/Um- und Abmeldungen des Wohnsitzes<\/li>\n<li>Ausstellen von Meldebescheinigungen\/Lebensbescheinigungen.<\/li>\n<\/ul>\n<p>Seniorenorganisationen, Senioren(bei)r\u00e4te sind aufgefordert, die Initiative f\u00fcr einen besseren B\u00fcrgerservice durch IT zu ergreifen. Erfolgreich sind Kommunen vor allem dort, wo sie die Effizienz in den Abl\u00e4ufen der Kernverwaltung steigern. So l\u00e4sst sich aus den begrenzten Ressourcen der Kommunen, angesichts steigender Anforderungen auch ein Mehrwert f\u00fcr B\u00fcrger erreichen.<\/p>\n<p><strong>Ob die Anregung im Kommunalwahlkampf NRW aufgenommen und sp\u00e4ter umgesetzt werden!?<\/strong><\/p>\n<h2 class=\"post--title\"><strong>Ein Budget f\u00fcr Verhinderungs- und Kurzzeitpflege<\/strong><\/h2>\n<p>Ab 1. Juli 2025 werden die Budgets f\u00fcr Kurzzeit- und Verhinderungspflege zusammengelegt. Pflegebed\u00fcrftige k\u00f6nnen dann flexibel \u00fcber einen <strong>Jahresgesamtbetrag von 3.539 Euro<\/strong> verf\u00fcgen. Die Neuregelung soll pflegenden Angeh\u00f6rigen die Organisation von Auszeiten erleichtern.<\/p>\n<p>Mit der Reform werden die Bedingungen f\u00fcr beide Leistungsarten angeglichen:<\/p>\n<ul>\n<li>Die H\u00f6chstdauer f\u00fcr Verhinderungspflege wird auf acht Wochen pro Jahr angehoben \u2013 wie bereits bei der Kurzzeitpflege \u00fcblich.<\/li>\n<li>Die bisher erforderliche sechsmonatige Vorpflegezeit f\u00fcr Verhinderungspflege entf\u00e4llt.<\/li>\n<li>Die h\u00e4lftige Fortzahlung eines zuvor bezogenen (anteiligen) Pflegegeldes erfolgt w\u00e4hrend beider Pflegeformen f\u00fcr bis zu acht Wochen im Kalenderjahr.<\/li>\n<\/ul>\n<p>Im ersten Halbjahr 2025 in Anspruch genommene Leistungen werden auf den neuen Gesamtbetrag angerechnet.<\/p>\n<h2><strong>Pflegeunterst\u00fctzung rechtzeitig beantragen.<\/strong><\/h2>\n<p><strong>Ab <\/strong><a href=\"https:\/\/www.pflege.de\/pflegekasse-pflegerecht\/pflegegrade\/pflegegrad-1\/\" target=\"_blank\" rel=\"noopener nofollow external noreferrer\" data-wpel-link=\"external\" title=\"Externer Link: &lt;strong&gt;Pflegegrad 1&lt;\/strong&gt;\" class=\"ext-link wpel-icon-right\"><strong>Pflegegrad 1<\/strong><span class=\"wpel-icon wpel-image wpel-icon-6\"><\/span><\/a><strong>:<\/strong> sind monatlich vorgesehen:<\/p>\n<p>42,00 \u20ac f\u00fcr Pflegehilfsmittel, bis zu 25,50 Euro f\u00fcr einen Hausnotruf, bis zu 4.180 Euro f\u00fcr Wohnraumanpassung bei jeder Pflegegraderh\u00f6hung.<\/p>\n<p><span style=\"text-decoration: underline;\"><strong>Entlastungsleistungen<\/strong><\/span><\/p>\n<p>erhalten Sie <strong>bis zu 131\u202f\u20ac monatlich<\/strong> \u2013 zum Beispiel f\u00fcr Haushaltshilfen, Betreuung oder Tagespflege.<\/p>\n<p><strong>a) Zweckgebunden:<\/strong> Der Betrag kann nur f\u00fcr anerkannte Leistungen genutzt werden. Eine direkte Auszahlung als Geldleistung erfolgt nicht.<\/p>\n<p><strong>b) Ansparbar:<\/strong> Ungenutzte Betr\u00e4ge verfallen nicht sofort \u2013 Sie k\u00f6nnen Sie bis zum 30. Juni des Folgejahres b\u00fcndeln und sp\u00e4ter nutzen.<\/p>\n<p><img loading=\"lazy\" decoding=\"async\" class=\"alignleft wp-image-15318\" src=\"https:\/\/unser-quartier.de\/oberhausen\/files\/2022\/09\/Frage.jpg\" alt=\"Hinweis\" width=\"80\" height=\"81\" srcset=\"https:\/\/unser-quartier.de\/oberhausen\/files\/2022\/09\/Frage.jpg 220w, https:\/\/unser-quartier.de\/oberhausen\/files\/2022\/09\/Frage-150x151.jpg 150w\" sizes=\"auto, (max-width: 80px) 100vw, 80px\" \/>Wussten Sie, dass Sie damit vertraute Helfer aus Ihrer Nachbarschaft \u00fcber den Entlastungsbetrag finanzieren k\u00f6nnen? In vielen Bundesl\u00e4ndern ist das m\u00f6glich \u2013 vorausgesetzt, die Helfer sind offiziell anerkannt. Informieren Sie sich \u00fcber die Regelungen in Ihrer Gemeinde, bei der Krankenkasse und schaffen Sie sich unkomplizierte Unterst\u00fctzung direkt vor Ort.<\/p>\n<h2><strong>Schlaue Uhren<\/strong><\/h2>\n<p>Smartwatches haben sich zu verl\u00e4sslichen, \u00fcberwiegend guten Begleitern entwickelt. Nicht alle halten das Versprechen. Stiftung Warentest (Ausgabe 6\/25) hat 24 &#8222;Uhren&#8220; getestet. \u00a0Die drei Testsieger: Die Apple Watch Series 10 Aluminium (GPS) 46 mm f\u00fcr 467 Euro, Google Pixel Watch 3 (Bluetooth\/WLAN) 45 mm f\u00fcr 421 Euro und die Samsung Galaxy Watch Ultra f\u00fcr 416 Euro. Sie alle erreichen die Gesamtnote 1,6. Der Preistipp der Warentester, die Samsung Galaxy Watch FE kostet nur 163 Euro, ist insgesamt kaum schlechter (Gesamtnote 1,7) als die Testsieger und schneidet in den Teildisziplinen Fitness und Kommunikation ebenfalls sehr gut ab.<\/p>\n<p><strong>Bedenken Sie, Ihre Daten bleiben nicht geheim. <\/strong><\/p>\n<p>Wer nur Schritte z\u00e4hlen m\u00f6chte, kann dies auch mit dem Smartphone tun. Pulsmessen funktioniert im Zweifel auch ganz klassisch mit dem Finger am Handgelenk oder fragen Sie ihren Arzt. Er kann Ihnen ab 2026 notwendige digitale Hilfsmittel bei chronischer Erkrankung verschreiben und auswerten.<\/p>\n<h2><strong>Zuletzt ver\u00f6ffentlicht:<\/strong><\/h2>\n<ul>\n<li>13.06. <a href=\"https:\/\/unser-quartier.de\/oberhausen\/2025\/06\/wer-kennt-demenzfreundliche-krankenhaeuser-hospitaeler-dfh\/sraebiger\/\" target=\"_blank\" rel=\"noopener\" data-wpel-link=\"internal\">Wer kennt demenzfreundliche Krankenh\u00e4user\/Hospit\u00e4ler (DFH)<\/a><\/li>\n<li>20.06. <a href=\"https:\/\/unser-quartier.de\/oberhausen\/2025\/06\/zukunft-der-pflege-2\/sraebiger\/\" target=\"_blank\" rel=\"noopener\" data-wpel-link=\"internal\">Zukunft der Pflege<\/a><\/li>\n<li>27.06. <a href=\"https:\/\/unser-quartier.de\/oberhausen\/2025\/06\/demenz-eine-diagnose-die-alles-veraendert\/sraebiger\/\" target=\"_blank\" rel=\"noopener\" data-wpel-link=\"internal\">Demenz: Eine Diagnose, die alles ver\u00e4ndert<\/a><\/li>\n<\/ul>\n<p><strong>*****************<\/strong><\/p>\n","protected":false},"excerpt":{"rendered":"<p>B\u00fcrgerkoffer, Pflegeunterst\u00fctzung, Schlaue Uhren. In NRW, dem be\u00f6lkerungsreichsten Bundesland, wird im September in den St\u00e4dten, Kreisen und Gemeinden gew\u00e4hlt. Zum zweiten Mal direkt das Ruhrparlament. Die Senioren sind eine starke Gruppe, werden sie beworben oder wieder vergessen, wie die Millionen An- und Zugeh\u00f6rigen, die in der H\u00e4uslichkeit die \u00fcber 5,3 Millionen Senioren pflegen. H\u00e4usliche Care-Arbeit&hellip; <a class=\"continue\" href=\"https:\/\/unser-quartier.de\/oberhausen\/2025\/07\/juli-news-4\/sraebiger\/\" data-wpel-link=\"internal\"> \u00bb weiterlesen: <span> Juli News<\/span><\/a><\/p>\n","protected":false},"author":612,"featured_media":12553,"comment_status":"open","ping_status":"closed","sticky":false,"template":"","format":"standard","meta":{"_monsterinsights_skip_tracking":false,"_monsterinsights_sitenote_active":false,"_monsterinsights_sitenote_note":"","_monsterinsights_sitenote_category":0,"generate_page_header":"","footnotes":""},"categories":[1520,6,1,1122,5,2695],"tags":[4203,4202,4200,4197,4201,88,2015,4199,4204,4198,368],"class_list":["post-24393","post","type-post","status-publish","format-standard","has-post-thumbnail","hentry","category-heimbeirat","category-computer-und-technik","category-dies-und-das","category-ernaehrung-hygiene","category-recht","category-seniorenbeirat","tag-ausweisapp2","tag-bundid","tag-buergerkoffer","tag-digital-health","tag-erezept","tag-kurzzeitpflege","tag-petition","tag-pflegeunterstuetzung","tag-schlaue-uhren","tag-smartwatch","tag-verhinderung"],"_links":{"self":[{"href":"https:\/\/unser-quartier.de\/oberhausen\/wp-json\/wp\/v2\/posts\/24393","targetHints":{"allow":["GET"]}}],"collection":[{"href":"https:\/\/unser-quartier.de\/oberhausen\/wp-json\/wp\/v2\/posts"}],"about":[{"href":"https:\/\/unser-quartier.de\/oberhausen\/wp-json\/wp\/v2\/types\/post"}],"author":[{"embeddable":true,"href":"https:\/\/unser-quartier.de\/oberhausen\/wp-json\/wp\/v2\/users\/612"}],"replies":[{"embeddable":true,"href":"https:\/\/unser-quartier.de\/oberhausen\/wp-json\/wp\/v2\/comments?post=24393"}],"version-history":[{"count":3,"href":"https:\/\/unser-quartier.de\/oberhausen\/wp-json\/wp\/v2\/posts\/24393\/revisions"}],"predecessor-version":[{"id":24509,"href":"https:\/\/unser-quartier.de\/oberhausen\/wp-json\/wp\/v2\/posts\/24393\/revisions\/24509"}],"wp:featuredmedia":[{"embeddable":true,"href":"https:\/\/unser-quartier.de\/oberhausen\/wp-json\/wp\/v2\/media\/12553"}],"wp:attachment":[{"href":"https:\/\/unser-quartier.de\/oberhausen\/wp-json\/wp\/v2\/media?parent=24393"}],"wp:term":[{"taxonomy":"category","embeddable":true,"href":"https:\/\/unser-quartier.de\/oberhausen\/wp-json\/wp\/v2\/categories?post=24393"},{"taxonomy":"post_tag","embeddable":true,"href":"https:\/\/unser-quartier.de\/oberhausen\/wp-json\/wp\/v2\/tags?post=24393"}],"curies":[{"name":"wp","href":"https:\/\/api.w.org\/{rel}","templated":true}]}}