{"id":24501,"date":"2025-07-18T10:24:52","date_gmt":"2025-07-18T08:24:52","guid":{"rendered":"https:\/\/unser-quartier.de\/oberhausen\/?p=24501"},"modified":"2025-06-30T17:05:40","modified_gmt":"2025-06-30T15:05:40","slug":"schlechte-moral","status":"publish","type":"post","link":"https:\/\/unser-quartier.de\/oberhausen\/2025\/07\/schlechte-moral\/sraebiger\/","title":{"rendered":"Schlechte Moral"},"content":{"rendered":"<h2><strong>Die anderen sind schuld<\/strong><\/h2>\n<p>Pflegedienste ambulant und station\u00e4r melden nach den ausgesetzten Insolvenzen in den Coronajahren rund 25 Prozent mehr Insolvenzen als in den Vorjahren an. Als Gr\u00fcnde werden pauschal unzureichende Refinanzierung, hohe B\u00fcrokratiebelastungen und steigender Personaldruck als wesentliche Ursachen genannt.<\/p>\n<h2><strong>Unzureichende Refinanzierung<\/strong><\/h2>\n<p><strong>Als erstes h\u00f6rt man, die schlechte Zahlungsmoral der Pflegekassen und Sozial\u00e4mter f\u00fchren die Unternehmen in die Insolvenz. Dies ist sicherlich ein Aspekt, der sich aus strukturellen Problemen im Unternehmen ergibt.<\/strong><\/p>\n<p>Nicht selten ist die Leistung nicht gen\u00fcgend dokumentiert. Die erbrachte Pflegeleistung kommt nicht oder nicht rechtzeitig zur Abrechnung. Dann ist weniger Geld in der Kasse, als ben\u00f6tigt wird, um Rechnungen und Geh\u00e4lter fristgem\u00e4\u00df zahlen zu k\u00f6nnen. Dies sind organisatorische Schwierigkeiten, wie sie in jedem Unternehmen vorkommen. <a href=\"https:\/\/www.carevor9.de\/care-inside\/mangelndes-controlling-ist-oft-grund-fuer-insolvenzen\" data-wpel-link=\"external\" target=\"_self\" rel=\"nofollow external noopener noreferrer\" title=\"Externer Link: Es fehlt das notwendige Controlling\" class=\"ext-link wpel-icon-right\">Es fehlt das notwendige Controlling<span class=\"wpel-icon wpel-image wpel-icon-6\"><\/span><\/a>.<\/p>\n<p><strong>Die behauptete unzureichende Refinanzierung wird damit nicht belegt.<\/strong><\/p>\n<p>Die notwendige laufende Kontrolle und Steuerung sind mit den heutigen EDV-M\u00f6glichkeiten leicht gegeben. Voraussetzung ist, dass die verhandelten \u201eWunschentgelte\u201c mit der effektiven Belegung und den sich daraus ergebenden Erl\u00f6sen mit den laufenden Kosten abgeglichen und angepasst werden.<\/p>\n<h2><strong>Das Geheimnis der Wunschentgelte<\/strong><\/h2>\n<p>Die zuk\u00fcnftig notwendigen Erl\u00f6se sind abh\u00e4ngig von der richtig prognostizierten und m\u00f6glichen Belegung je Pflegegrad im Verh\u00e4ltnis zu den vorhandenen Mitarbeitern und deren Kosten. Die Kalkulation ist ein standardisiertes und in sich stimmiges Verfahren.<\/p>\n<p><strong>Warum wird ein Geheimnis daraus?<\/strong><\/p>\n<p>Die echten betriebswirtschaftlichen Zahlen sind interne Anhaltspunkte der Entgeltfindung. Die Kalkulation gegen\u00fcber den Landespflegekassen beruht auf der Fortschreibung plausibler maximaler Werte der Vorjahre seit 1995. Die Pflegebuchf\u00fchrungsVO ist eine Formalie.<\/p>\n<p>Testierte Bilanzwerte der jeweiligen Einrichtung werden nicht verlangt. Die Pflegekassen haben bei Konzernen durch die Konsolidierung der Bilanzen zu einer Gesamtbilanz keine M\u00f6glichkeit die Werte je Einrichtung zu pr\u00fcfen.<\/p>\n<p>Dieses Defizit wurde im Gesetzgebungsverfahren durch die Wissenschaft gesehen. Die Kontrolle in der<\/p>\n<div class=\"wp-block-image\"><img loading=\"lazy\" decoding=\"async\" class=\"wpa-warning wpa-image-missing-alt size-full wp-image-23635 alignleft\" src=\"https:\/\/unser-quartier.de\/oberhausen\/files\/2025\/02\/Gespraech.jpg\" alt=\"\" width=\"76\" height=\"77\" data-warning=\"Missing alt text\" \/><\/div>\n<p>Einrichtung wurde dem Bewohnerbeirat formal \u00fcbertragen. Es hei\u00dft zum Pflegesatzverfahren in <a href=\"https:\/\/www.gesetze-im-internet.de\/sgb_11\/__85.html\" data-wpel-link=\"external\" target=\"_self\" rel=\"nofollow external noopener noreferrer\" title=\"Externer Link: \u00a7 85 SGB XI\" class=\"ext-link wpel-icon-right\">\u00a7 85 SGB XI<span class=\"wpel-icon wpel-image wpel-icon-6\"><\/span><\/a> Absatz 3 Satz 2 \u201eDas Pflegeheim hat Art, Inhalt, Umfang und Kosten der Leistungen, f\u00fcr die es eine Verg\u00fctung beansprucht, durch Pflegedokumentationen und andere geeignete Nachweise rechtzeitig vor Beginn der Pflegesatzverhandlungen darzulegen; <strong>es hat au\u00dferdem die schriftliche Stellungnahme der nach heimrechtlichen Vorschriften vorgesehenen Interessenvertretung der Bewohnerinnen und Bewohner beizuf\u00fcgen.<\/strong>\u201c<\/p>\n<h2><strong>Schriftliche Stellungnahme<\/strong><\/h2>\n<p>Eine Stellungnahme ist nicht ein vom Tr\u00e4ger gefertigtes Dokument, welches oft ohne f\u00f6rmlichen Beschluss des Gremiums einseitig vom Vorsitzenden unterzeichnet wird.<\/p>\n<p>Zu pr\u00fcfen sind Art, Inhalt, Umfang und Kosten der Leistungen der Gegenwart und abzugleichen mit den Prognosedaten. Diese umfangreiche Arbeit war anfangs durch die r\u00fcstigen Bewohner noch m\u00f6glich. Bei den heutigen Pflegegraden und relativ geringeren Aufenthaltszeiten je Bewohner ist die notwendige Pr\u00fcfung nur leistbar durch die ins Gremium gew\u00e4hlten Angeh\u00f6rigen und Seniorenvertreter.<\/p>\n<p><strong>Was nutzt ein Gesetz, das nicht wahrgenommen oder gar bewusst ignoriert wird.<\/strong><\/p>\n<p>Das Bundessozialgericht\u00a0mahnt, mit Urteil <a href=\"https:\/\/www.bsg.bund.de\/SharedDocs\/Entscheidungen\/DE\/2019\/2019_09_26_B_03_P_01_18_R.html\" data-wpel-link=\"external\" target=\"_self\" rel=\"nofollow external noopener noreferrer\" title=\"Externer Link: vom 26.09.2019 &#8211; B 3 P 1\/18 R\" class=\"ext-link wpel-icon-right\">vom 26.09.2019 &#8211; B 3 P 1\/18 R<span class=\"wpel-icon wpel-image wpel-icon-6\"><\/span><\/a><a href=\"#_edn1\" name=\"_ednref1\">[i]<\/a>, die jahrzehntelange Missachtung der Mitwirkung des Bewohnerbeirates bei der Entgelterh\u00f6hung\u00a0an. Gesetze zu Gunsten der Bewohner werden oft nicht umgesetzt. Ein Apell der weiterhin ungeh\u00f6rt verhallt.<\/p>\n<p>Es hat sich ein System etabliert, die Verantwortung zu aufzuteilen und die H\u00e4nde in Unschuld zu waschen. Damit es funktioniert st\u00f6rt schon die notwendige Kontrolle. Notwendige Reformgesetze sind auch abh\u00e4ngig vom politischen Willen der Parteien und Regierungen.\u00a0 Es ist leicht allgemeine Forderungen aufzustellen und einzufordern, wenn der Sachverstand nicht gegeben ist.<\/p>\n<h2><a name=\"_Toc107681989\"><\/a><strong>Transparenz<\/strong><strong>\u00a0und Nachhaltigkeit<\/strong><strong>\u00a0sichert die Zukunft der Pflege<\/strong><\/h2>\n<p><strong>St\u00f6ren die Nachfrager und Mitarbeiter <\/strong><\/p>\n<p>Die gew\u00e4hlten Bewohnerbeir\u00e4te werden in den Einrichtungen als notwendiges \u00dcbel betrachtet und erhalten oft eine Spielwiese nach den Wohn- und\u00a0 Teilhabegesetzen der L\u00e4nder. Die notwendige Aufkl\u00e4rung \u00fcber die eigentliche Aufgabe nach dem SGB XI und Kontrolle entf\u00e4llt, ist oft unbekannt. Dazu kommt, dass die Tr\u00e4ger die Einrichtungs- und Pflegedienstleiter diese bei der Entgeltfindung oft nicht einbeziehen.<\/p>\n<p><strong>Wie sollen<\/strong><\/p>\n<ul>\n<li>aufkommende Fragen beantwortet werden,<\/li>\n<li>notwendige Steuerungsaufgaben vor Ort \u00fcbernommen werden?<\/li>\n<\/ul>\n<p>Verbraucherschutz wird nicht selbstverst\u00e4ndlich eingehalten, muss eingefordert und durchgesetzt werden. Die Mitwirkung und Mitbestimmung ist ein demokratisches Element.<\/p>\n<p>Die Frage stellt sich: Regulieren die Abgeordnete die Angelegenheiten ihrer W\u00e4hler oder \u00fcberwiegen die Lobbyinteressen? \u00a0\u00a0<\/p>\n<p><strong>Die Realit\u00e4t mahnt die<\/strong>\u00b7\u00a0\u00a0\u00a0\u00a0\u00a0\u00a0<\/p>\n<ul>\n<li>demokratischen Parteien, die Daseinsvorsorge sozial gerechter zu gestalten,\u00b7\u00a0\u00a0\u00a0\u00a0\u00a0\u00a0<\/li>\n<li>B\u00fcrger sich aktiv einzubringen und ihre Interessen nicht l\u00e4nger zu vernachl\u00e4ssigen. \u00b7\u00a0\u00a0\u00a0\u00a0\u00a0\u00a0<\/li>\n<li>Wie lange h\u00e4lt \u201edie\u201c Gesellschaft noch zusammen &#8211; der Markt regelt das Defizit der Pflege nicht auf Dauer &#8211; im Gegenteil \u201ePrivat vor Staat\u201c ist kontraproduktiv f\u00fcr Arbeitnehmer und Rentner.\u00a0<\/li>\n<\/ul>\n<h2><strong>Vor Ort Einfluss nehmen<\/strong><\/h2>\n<div class=\"wp-block-image\">\n<figure id=\"attachment_23636\" aria-describedby=\"caption-attachment-23636\" style=\"width: 50px\" class=\"wp-caption alignleft\"><img loading=\"lazy\" decoding=\"async\" class=\"wpa-warning wpa-image-missing-alt wp-image-23636\" src=\"https:\/\/unser-quartier.de\/oberhausen\/files\/2025\/02\/Diskussion.jpg\" alt=\"Information und Diskussion\" width=\"60\" height=\"60\" data-warning=\"Missing alt text\" \/><figcaption id=\"caption-attachment-23636\" class=\"wp-caption-text\">Kommunikation<\/figcaption><\/figure>\n<\/div>\n<p>Offene Kommunikation mit nachvollziehbaren Fakten wird in der digitalen Welt erm\u00f6glicht, kann Ger\u00fcchten vorbeugen und Mitwirkung erleichtern. Lassen wir uns nicht l\u00e4nger durch Worte blenden, fordern wir die Versprechen ein.<\/p>\n<p><strong>Dies ist die Fortsetzung von: <a href=\"https:\/\/unser-quartier.de\/oberhausen\/2025\/07\/missverstandene-versicherung\/sraebiger\/\" data-wpel-link=\"internal\">Missverstandene Versicherung<\/a><\/strong><a href=\"#_ednref1\" name=\"_edn1\"><\/a><\/p>\n<p>[i]<a href=\"https:\/\/www.bsg.bund.de\/SharedDocs\/Entscheidungen\/DE\/2019\/2019_09_26_B_03_P_01_18_R.html\" data-wpel-link=\"external\" target=\"_self\" rel=\"nofollow external noopener noreferrer\" title=\"Externer Link: https:\/\/www.bsg.bund.de\/SharedDocs\/Entscheidungen DE\/2019\/2019_09_26_B_03_P_01_18_R.html\" class=\"ext-link wpel-icon-right\">https:\/\/www.bsg.bund.de\/SharedDocs\/Entscheidungen DE\/2019\/2019_09_26_B_03_P_01_18_R.html<span class=\"wpel-icon wpel-image wpel-icon-6\"><\/span><\/a><\/p>\n<p><strong>******************<\/strong><\/p>\n","protected":false},"excerpt":{"rendered":"<p>Die anderen sind schuld Pflegedienste ambulant und station\u00e4r melden nach den ausgesetzten Insolvenzen in den Coronajahren rund 25 Prozent mehr Insolvenzen als in den Vorjahren an. Als Gr\u00fcnde werden pauschal unzureichende Refinanzierung, hohe B\u00fcrokratiebelastungen und steigender Personaldruck als wesentliche Ursachen genannt. Unzureichende Refinanzierung Als erstes h\u00f6rt man, die schlechte Zahlungsmoral der Pflegekassen und Sozial\u00e4mter f\u00fchren&hellip; <a class=\"continue\" href=\"https:\/\/unser-quartier.de\/oberhausen\/2025\/07\/schlechte-moral\/sraebiger\/\" data-wpel-link=\"internal\"> \u00bb weiterlesen: <span> Schlechte Moral<\/span><\/a><\/p>\n","protected":false},"author":612,"featured_media":10355,"comment_status":"open","ping_status":"closed","sticky":false,"template":"","format":"standard","meta":{"_monsterinsights_skip_tracking":false,"_monsterinsights_sitenote_active":false,"_monsterinsights_sitenote_note":"","_monsterinsights_sitenote_category":0,"generate_page_header":"","footnotes":""},"categories":[1520,6,1,5,2695],"tags":[4213,1326,1612,2779,446,2414,1054,3968],"class_list":["post-24501","post","type-post","status-publish","format-standard","has-post-thumbnail","hentry","category-heimbeirat","category-computer-und-technik","category-dies-und-das","category-recht","category-seniorenbeirat","tag-bsg-26-09-2019","tag-insolvenz","tag-mitwirkung","tag-moral","tag-privat-vor-staat","tag-refinanzierung","tag-verbraucherschutz","tag-wunschentgelte"],"_links":{"self":[{"href":"https:\/\/unser-quartier.de\/oberhausen\/wp-json\/wp\/v2\/posts\/24501","targetHints":{"allow":["GET"]}}],"collection":[{"href":"https:\/\/unser-quartier.de\/oberhausen\/wp-json\/wp\/v2\/posts"}],"about":[{"href":"https:\/\/unser-quartier.de\/oberhausen\/wp-json\/wp\/v2\/types\/post"}],"author":[{"embeddable":true,"href":"https:\/\/unser-quartier.de\/oberhausen\/wp-json\/wp\/v2\/users\/612"}],"replies":[{"embeddable":true,"href":"https:\/\/unser-quartier.de\/oberhausen\/wp-json\/wp\/v2\/comments?post=24501"}],"version-history":[{"count":4,"href":"https:\/\/unser-quartier.de\/oberhausen\/wp-json\/wp\/v2\/posts\/24501\/revisions"}],"predecessor-version":[{"id":24589,"href":"https:\/\/unser-quartier.de\/oberhausen\/wp-json\/wp\/v2\/posts\/24501\/revisions\/24589"}],"wp:featuredmedia":[{"embeddable":true,"href":"https:\/\/unser-quartier.de\/oberhausen\/wp-json\/wp\/v2\/media\/10355"}],"wp:attachment":[{"href":"https:\/\/unser-quartier.de\/oberhausen\/wp-json\/wp\/v2\/media?parent=24501"}],"wp:term":[{"taxonomy":"category","embeddable":true,"href":"https:\/\/unser-quartier.de\/oberhausen\/wp-json\/wp\/v2\/categories?post=24501"},{"taxonomy":"post_tag","embeddable":true,"href":"https:\/\/unser-quartier.de\/oberhausen\/wp-json\/wp\/v2\/tags?post=24501"}],"curies":[{"name":"wp","href":"https:\/\/api.w.org\/{rel}","templated":true}]}}