{"id":24527,"date":"2025-07-24T11:17:07","date_gmt":"2025-07-24T09:17:07","guid":{"rendered":"https:\/\/unser-quartier.de\/oberhausen\/?p=24527"},"modified":"2025-07-09T09:52:26","modified_gmt":"2025-07-09T07:52:26","slug":"beitragssteigerungen-verhindern","status":"publish","type":"post","link":"https:\/\/unser-quartier.de\/oberhausen\/2025\/07\/beitragssteigerungen-verhindern\/sraebiger\/","title":{"rendered":"Beitragssteigerungen verhindern"},"content":{"rendered":"<h2><strong>Eine Strukturreform, die den Namen verdient.<\/strong><\/h2>\n<p><strong>Wir brauchen die politische Kontrolle und den sozialen Interessenausgleich.<\/strong><\/p>\n<p>Ministerin Warken <a href=\"https:\/\/www.aerzteblatt.de\/news\/warken-erwartet-hohere-beitrage-in-kranken-und-pflegeversicherung-11c81ffa-17f0-4158-98bb-474d950dcb7c\" target=\"_blank\" rel=\"noopener nofollow external noreferrer\" data-wpel-link=\"external\" title=\"Externer Link: bezifferte den Anstieg\" class=\"ext-link wpel-icon-right\">bezifferte den Anstieg<span class=\"wpel-icon wpel-image wpel-icon-6\"><\/span><\/a> f\u00fcr die Krankenversicherung mit 0,5 bis 0,6 Prozentpunkten f\u00fcr 2026, f\u00fcr die Pflegeversicherung mit 0,1 Prozentpunkt. So einfach soll wieder einseitig in die Taschen der sozialversicherten Arbeitnehmer und Rentner gegriffen, statt einer Reform, einer Umsteuerung.<\/p>\n<p>Die Beitr\u00e4ge zur Krankenversicherung in Deutschland sind doppelt so hoch, wie beispielsweise in \u00d6sterreich oder der Schweiz. Die Kosten des Gesundheitssystems sind nicht nur f\u00fcr die B\u00fcrger undurchsichtig auch f\u00fcr die Kranken-, Pflegekassen und Kommunen.<\/p>\n<p>Die Defizite im sozialen Gesundheitswesen sind durch den <a href=\"https:\/\/unser-quartier.de\/oberhausen\/2024\/11\/leistungsgerechte-verguetung-transparente-kosten\/sraebiger\/\" target=\"_blank\" rel=\"noopener\" data-wpel-link=\"internal\">Schutz der Anbieter systembedingt<\/a> gewollt.<\/p>\n<p><strong>Seit 1995 gilt: \u201ePrivat vor Staat\u201c. <\/strong><\/p>\n<p>Der Wohlfahrtsstaat wurde durch die Einf\u00fchrung der Pflegeversicherung abgebaut.<\/p>\n<ul>\n<li>Die Sozialkassen werden im Jahre 2024 im Pflegebereich durch die Arbeitnehmer und Rentner mit 66 Mrd.\u20ac entlastet.<\/li>\n<li>Starke Gewerkschaften galten vormals als Verursacher der Kosten. Zur Abwehr der Gewerkschaften werden nun Pflegekammern oft gegen den Willen der Betroffenen in den L\u00e4ndern eingef\u00fchrt. Der fehlende Ausgleich durch die Gewerkschaften zwang die Politik zur gesetzlichen Bestimmung eines Mindestlohnes im Pflegebereich. (Hilfskr\u00e4fte 17,35 \u20ac, Fachkr\u00e4fte 20,50 \u20ac)<\/li>\n<li>Die Mitbestimmung, Mitwirkung und Kontrolle im SGB XI wurde und wird auch nach einem <a href=\"https:\/\/unser-quartier.de\/oberhausen\/senioren-in-den-kommunen\/bewohnerbeirat\/\" target=\"_blank\" rel=\"noopener\" data-wpel-link=\"internal\">Bundessozialgerichtsurteil<\/a> nicht eingehalten.<\/li>\n<\/ul>\n<p>Die Regierungskoalition auf Bundesebene sieht sich weiter als Besch\u00fctzer der gewerblichen Pflegeanbieter; nicht anders ist die Forderung nach einer privaten Vorsorge f\u00fcr den Pflegefall der Ministerin zu verstehen, statt auf eine nachhaltige Qualit\u00e4ts-Kontrolle der Ausgaben zu achten und den Pflegekassen die notwendigen Kontrollinstrumente und R\u00fcckgriffsrechte einzur\u00e4umen.<\/p>\n<p><img loading=\"lazy\" decoding=\"async\" class=\"alignleft wp-image-15318\" src=\"https:\/\/unser-quartier.de\/oberhausen\/files\/2022\/09\/Frage.jpg\" alt=\"Hinweis\" width=\"100\" height=\"101\" srcset=\"https:\/\/unser-quartier.de\/oberhausen\/files\/2022\/09\/Frage.jpg 220w, https:\/\/unser-quartier.de\/oberhausen\/files\/2022\/09\/Frage-150x151.jpg 150w\" sizes=\"auto, (max-width: 100px) 100vw, 100px\" \/>Die Privatisierung im Gesundheitswesen hat keine Marktbelebung aber eine Kostenexplosion hervorgebracht. Der schlanke Staat mit der marktorientierten Leistungskonzeption ohne Effizienzkontrolle ist im Gesundheitsbereich gescheitert.<\/p>\n<p>Im Jahr 2024 waren bereits 19 % der Bev\u00f6lkerung \u00e4lter als 65 Jahre. Die Themen &#8222;Wohnen im Alter&#8220; und \u201ePflege\u201c sind die zentralen Themen zukunftsorientierter Alten- und Wohnungspolitik. Von \u00fcber 5,9 Millionen anerkannt Pflegebed\u00fcrftigen m\u00fcssen 5 Millionen in der H\u00e4uslichkeit \u00fcberwiegend ohne fachliche Unterst\u00fctzung durch An- und Zugeh\u00f6rige bereits gepflegt werden.<\/p>\n<p>Solange sich B\u00fcrger in der Kommune nicht f\u00fcr die Daseinsvorsorge wirklich interessieren, dulden sie, dass Pflegebed\u00fcrftige mit Losgl\u00fcck einen Platz in einer Einrichtung erhalten und die Tr\u00e4ger weiterhin Wunschentgelte verlangen k\u00f6nnen und bezahlt bekommen.<\/p>\n<p>In der Diskussion um die Pflegereform geht es nur ums Geld, die Themen<a href=\"https:\/\/www.deutschlandfunk.de\/pflege-baustellen-interview-mit-pflegeexperte-claus-fussek-100.html\" target=\"_blank\" rel=\"noopener nofollow external noreferrer\" data-wpel-link=\"external\" title=\"Externer Link:  Lebens- und Pflegequalit\u00e4t\" class=\"ext-link wpel-icon-right\"> Lebens- und Pflegequalit\u00e4t<span class=\"wpel-icon wpel-image wpel-icon-6\"><\/span><\/a> kommen nicht vor.<\/p>\n<p>Siehe auch: <a href=\"https:\/\/unser-quartier.de\/oberhausen\/2025\/06\/zukunft-der-pflege-2\/sraebiger\/\" target=\"_blank\" rel=\"noopener\" data-wpel-link=\"internal\">Zukunft der Pflege<\/a>\u00a0\u00a0 und <a href=\"https:\/\/unser-quartier.de\/oberhausen\/2025\/07\/missverstandene-versicherung\/sraebiger\/\" target=\"_blank\" rel=\"noopener\" data-wpel-link=\"internal\">Missverstandene Versicherung<\/a><\/p>\n<p><strong>****************<\/strong><\/p>\n<p>Nutzen Sie die Kommentarfunktion und die Weiterleitungslinks<\/p>\n","protected":false},"excerpt":{"rendered":"<p>Eine Strukturreform, die den Namen verdient. Wir brauchen die politische Kontrolle und den sozialen Interessenausgleich. Ministerin Warken bezifferte den Anstieg f\u00fcr die Krankenversicherung mit 0,5 bis 0,6 Prozentpunkten f\u00fcr 2026, f\u00fcr die Pflegeversicherung mit 0,1 Prozentpunkt. So einfach soll wieder einseitig in die Taschen der sozialversicherten Arbeitnehmer und Rentner gegriffen, statt einer Reform, einer Umsteuerung.&hellip; <a class=\"continue\" href=\"https:\/\/unser-quartier.de\/oberhausen\/2025\/07\/beitragssteigerungen-verhindern\/sraebiger\/\" data-wpel-link=\"internal\"> \u00bb weiterlesen: <span> Beitragssteigerungen verhindern<\/span><\/a><\/p>\n","protected":false},"author":612,"featured_media":9184,"comment_status":"open","ping_status":"closed","sticky":false,"template":"","format":"standard","meta":{"_monsterinsights_skip_tracking":false,"_monsterinsights_sitenote_active":false,"_monsterinsights_sitenote_note":"","_monsterinsights_sitenote_category":0,"generate_page_header":"","footnotes":""},"categories":[1520,1,5,2695,4],"tags":[1062,1023,4214,556,1613,1612,4216,446,4215,3968],"class_list":["post-24527","post","type-post","status-publish","format-standard","has-post-thumbnail","hentry","category-heimbeirat","category-dies-und-das","category-recht","category-seniorenbeirat","category-unterstuetzung","tag-daseinsvorsorge","tag-gewerkschaften","tag-interessenausgleich","tag-mindestlohn","tag-mitbestimmung","tag-mitwirkung","tag-pflegekammern","tag-privat-vor-staat","tag-strukturreform","tag-wunschentgelte"],"_links":{"self":[{"href":"https:\/\/unser-quartier.de\/oberhausen\/wp-json\/wp\/v2\/posts\/24527","targetHints":{"allow":["GET"]}}],"collection":[{"href":"https:\/\/unser-quartier.de\/oberhausen\/wp-json\/wp\/v2\/posts"}],"about":[{"href":"https:\/\/unser-quartier.de\/oberhausen\/wp-json\/wp\/v2\/types\/post"}],"author":[{"embeddable":true,"href":"https:\/\/unser-quartier.de\/oberhausen\/wp-json\/wp\/v2\/users\/612"}],"replies":[{"embeddable":true,"href":"https:\/\/unser-quartier.de\/oberhausen\/wp-json\/wp\/v2\/comments?post=24527"}],"version-history":[{"count":2,"href":"https:\/\/unser-quartier.de\/oberhausen\/wp-json\/wp\/v2\/posts\/24527\/revisions"}],"predecessor-version":[{"id":24542,"href":"https:\/\/unser-quartier.de\/oberhausen\/wp-json\/wp\/v2\/posts\/24527\/revisions\/24542"}],"wp:featuredmedia":[{"embeddable":true,"href":"https:\/\/unser-quartier.de\/oberhausen\/wp-json\/wp\/v2\/media\/9184"}],"wp:attachment":[{"href":"https:\/\/unser-quartier.de\/oberhausen\/wp-json\/wp\/v2\/media?parent=24527"}],"wp:term":[{"taxonomy":"category","embeddable":true,"href":"https:\/\/unser-quartier.de\/oberhausen\/wp-json\/wp\/v2\/categories?post=24527"},{"taxonomy":"post_tag","embeddable":true,"href":"https:\/\/unser-quartier.de\/oberhausen\/wp-json\/wp\/v2\/tags?post=24527"}],"curies":[{"name":"wp","href":"https:\/\/api.w.org\/{rel}","templated":true}]}}