{"id":2545,"date":"2018-05-25T14:00:10","date_gmt":"2018-05-25T12:00:10","guid":{"rendered":"https:\/\/unser-quartier.de\/oberhausen\/?p=2545"},"modified":"2018-04-25T18:31:28","modified_gmt":"2018-04-25T16:31:28","slug":"aerger-mit-der-kranken-pflegekasse","status":"publish","type":"post","link":"https:\/\/unser-quartier.de\/oberhausen\/2018\/05\/aerger-mit-der-kranken-pflegekasse\/sraebiger\/","title":{"rendered":"\u00c4rger mit der Kranken- \/ Pflegekasse?"},"content":{"rendered":"<blockquote>\n<p>Ihre Kranken- Pflegekasse hat Ihnen gegen\u00fcber Leistungen zu erbringen. Dazu geh\u00f6ren zum Beispiel die Versorgung mit Hilfsmitteln, Bezahlung von Krankengeld, Kosten\u00fcbernahme f\u00fcr eine Reha, aber auch Leistungen aus einem Pflegegrad etc. Aber: <strong>Was tun, wenn es \u00c4rger mit der Krankenkasse gibt?<\/strong><\/p>\n<\/blockquote>\n<p>Die Gr\u00fcnde, sich zu beschweren, sind vielf\u00e4ltig. Wichtig ist zu unterscheiden, warum haben Sie sich ge\u00e4rgert, \u00a0beziehen sich auf den pers\u00f6nlichen Umgang oder darauf, dass die Krankenkasse gewisse Leistungen ablehnt.\u00a0 In beiden F\u00e4llen, bevor Sie sich beschweren, sollten Sie versuchen, sich mit dem Sachbearbeiter oder dem Vorgesetzten g\u00fctlich zu einigen, vielleicht liegt nur ein Missverst\u00e4ndnis vor.<\/p>\n<h2>Was tun, wenn Leistungen abgelehnt wurden?<\/h2>\n<p>Wenn Sie berechtigte Leistungen von Ihrer Krankenkasse oder Pflegekasse nicht erhalten, dann sollten Sie sich zur Wehr setzen!\u00a0Es ist nicht un\u00fcblich, dass zum Beispiel dringend ben\u00f6tigte \u00a0<a href=\"https:\/\/hilfsmittel.gkv-spitzenverband.de\/hmvAnzeigen_input.action\" data-wpel-link=\"external\" target=\"_self\" rel=\"nofollow external noopener noreferrer\" title=\"Externer Link: Hilfsmittel\" class=\"ext-link wpel-icon-right\">Hilfsmittel<span class=\"wpel-icon wpel-image wpel-icon-6\"><\/span><\/a>\u00a0oder ein Pflegegrad beim ersten Antrag abgelehnt werden. Aber h\u00e4ufig werden diese dann nach einem Widerspruch doch genehmigt. Das kann mehrere Gr\u00fcnde haben, wie z.B.:<\/p>\n<p>Der Fall wurde nach Aktenlage entschieden, ohne dass der zust\u00e4ndige Mitarbeiter der Krankenkasse den Fall im Detail kennt. Daher fehlen im oftmals wichtige Informationen, die dann zu einer Ablehnung der Leistung gef\u00fchrt haben k\u00f6nnen.<\/p>\n<p>Finanzieller Druck auf die Kassen l\u00e4sst vermuten, dass doch eher mal eine Leistung abgelehnt wird.<\/p>\n<p>Laut der\u00a0<a href=\"https:\/\/www.aerztezeitung.de\/politik_gesellschaft\/krankenkassen\/article\/919530\/unzufriedene-versicherte-zahl-beschwerden-stark-gestiegen.html\" data-wpel-link=\"external\" target=\"_self\" rel=\"nofollow external noopener noreferrer\" title=\"Externer Link: \u00c4rztezeitung\" class=\"ext-link wpel-icon-right\">\u00c4rztezeitung<span class=\"wpel-icon wpel-image wpel-icon-6\"><\/span><\/a> vom 19.9.2016 \u201e<strong>Mal zeigen sich Kassen knauserig, mal zu spendabel im Wettbewerb\u201c <\/strong>Die Zahl der Beschwerden \u00fcber die Krankenversicherungen bzw. Pflegeversicherungen stark an. Im Jahr 2015 gab es 22 % mehr Beschwerden \u00fcber die Krankenversicherung als im Jahr 2014. \u00dcber die Pflegeversicherung beschwerten sich im Jahr 2015 sogar 58 % mehr als im Jahr 2014.<\/p>\n<p>Hat ein kurzfristiges Gespr\u00e4ch innerhalb der ersten <strong>14 Tagen<\/strong> nicht abgeholfen, oder liegt nach <strong>drei Wochen<\/strong> kein neuer Bescheid vor, dann <strong>sofort schriftlich einen Widerspruch<\/strong> formulieren (innerhalb vier Wochen nach erstem Bescheid). \u00a0<strong>Begr\u00fcndung wird nachgereicht<\/strong>, hat innerhalb der n\u00e4chsten vier Wochen zu erfolgen.<\/p>\n<p>Haben Sie ein ungutes Gef\u00fchl, senden Sie gleichzeitig sichtbar eine Kopie an das Bundesversicherungsamt Friedrich-Ebert-Allee 38\u00a0 53113 Bonn<\/p>\n<p>Ihre Anschreiben m\u00fcssen enthalten:<\/p>\n<ul>\n<li>Ihre vollst\u00e4ndige Adresse,<\/li>\n<li>Ihre Versichertennummer bei der Krankenkasse sowie<\/li>\n<li>den Namen und Ort Ihrer Krankenkasse benennen.<\/li>\n<li>Beschreiben Sie dann den Sachverhalt.<\/li>\n<li>Legen Sie unbedingt neben dem Bescheid der Kasse, vorhandene Atteste, Bescheinigungen usw. bei (in Kopie).<\/li>\n<li>Wenn Sie die Beschwerde \u00fcber die Krankenkasse f\u00fcr eine dritte Person einlegen, ben\u00f6tigen Sie eine Vollmacht. Bitte dann auch diese beilegen.<\/li>\n<\/ul>\n<h2>Hilft alles nichts, erw\u00e4gen Sie eine Klage vor dem Sozialgericht.<\/h2>\n","protected":false},"excerpt":{"rendered":"<p>Ihre Kranken- Pflegekasse hat Ihnen gegen\u00fcber Leistungen zu erbringen. Dazu geh\u00f6ren zum Beispiel die Versorgung mit Hilfsmitteln, Bezahlung von Krankengeld, Kosten\u00fcbernahme f\u00fcr eine Reha, aber auch Leistungen aus einem Pflegegrad etc. Aber: Was tun, wenn es \u00c4rger mit der Krankenkasse gibt? Die Gr\u00fcnde, sich zu beschweren, sind vielf\u00e4ltig. Wichtig ist zu unterscheiden, warum haben Sie&hellip; <a class=\"continue\" href=\"https:\/\/unser-quartier.de\/oberhausen\/2018\/05\/aerger-mit-der-kranken-pflegekasse\/sraebiger\/\" data-wpel-link=\"internal\"> \u00bb weiterlesen: <span> \u00c4rger mit der Kranken- \/ Pflegekasse?<\/span><\/a><\/p>\n","protected":false},"author":612,"featured_media":0,"comment_status":"closed","ping_status":"closed","sticky":false,"template":"","format":"standard","meta":{"_monsterinsights_skip_tracking":false,"_monsterinsights_sitenote_active":false,"_monsterinsights_sitenote_note":"","_monsterinsights_sitenote_category":0,"generate_page_header":"","footnotes":""},"categories":[5,4],"tags":[434,433,430,431,435,270,432,392,436,148,429,119],"class_list":["post-2545","post","type-post","status-publish","format-standard","hentry","category-recht","category-unterstuetzung","tag-begruendung","tag-bescheid","tag-beschwerde","tag-bundesversicherungsamt","tag-gespraech","tag-hilfsmittel","tag-krankenkasse","tag-leistungen","tag-missverstaendnis","tag-pflegekasse","tag-sozialgericht","tag-vollmacht"],"_links":{"self":[{"href":"https:\/\/unser-quartier.de\/oberhausen\/wp-json\/wp\/v2\/posts\/2545","targetHints":{"allow":["GET"]}}],"collection":[{"href":"https:\/\/unser-quartier.de\/oberhausen\/wp-json\/wp\/v2\/posts"}],"about":[{"href":"https:\/\/unser-quartier.de\/oberhausen\/wp-json\/wp\/v2\/types\/post"}],"author":[{"embeddable":true,"href":"https:\/\/unser-quartier.de\/oberhausen\/wp-json\/wp\/v2\/users\/612"}],"replies":[{"embeddable":true,"href":"https:\/\/unser-quartier.de\/oberhausen\/wp-json\/wp\/v2\/comments?post=2545"}],"version-history":[{"count":0,"href":"https:\/\/unser-quartier.de\/oberhausen\/wp-json\/wp\/v2\/posts\/2545\/revisions"}],"wp:attachment":[{"href":"https:\/\/unser-quartier.de\/oberhausen\/wp-json\/wp\/v2\/media?parent=2545"}],"wp:term":[{"taxonomy":"category","embeddable":true,"href":"https:\/\/unser-quartier.de\/oberhausen\/wp-json\/wp\/v2\/categories?post=2545"},{"taxonomy":"post_tag","embeddable":true,"href":"https:\/\/unser-quartier.de\/oberhausen\/wp-json\/wp\/v2\/tags?post=2545"}],"curies":[{"name":"wp","href":"https:\/\/api.w.org\/{rel}","templated":true}]}}