{"id":2598,"date":"2020-09-11T12:12:39","date_gmt":"2020-09-11T10:12:39","guid":{"rendered":"https:\/\/unser-quartier.de\/oberhausen\/?p=2598"},"modified":"2020-09-06T17:28:30","modified_gmt":"2020-09-06T15:28:30","slug":"ii-demenz-was-nun","status":"publish","type":"post","link":"https:\/\/unser-quartier.de\/oberhausen\/2020\/09\/ii-demenz-was-nun\/uwiemann\/","title":{"rendered":"II.Demenz was nun?"},"content":{"rendered":"<blockquote>\n<p><strong>Oder der Nebel des Vergessens.<\/strong><\/p>\n<\/blockquote>\n<p>Fortsetzung <a href=\"https:\/\/unser-quartier.de\/oberhausen\/2020\/09\/i-demenz-was-nun\/\" target=\"_blank\" rel=\"noopener noreferrer\" data-wpel-link=\"internal\">vom 6..9.20<\/a><\/p>\n<p>Zum Krankheitsbild der Demenz geh\u00f6ren verschiedene typische Verhaltensweisen und Handlungsmuster der Betroffenen, mit denen sich die meisten Angeh\u00f6rigen zu einem bestimmten Zeitpunkt auseinandersetzen m\u00fcssen. Die Ursachen liegen zum Gro\u00dfteil im Verlust von Ged\u00e4chtnis und Erinnerungsverm\u00f6gen und in der Unf\u00e4higkeit, logische Verkn\u00fcpfungen herzustellen. Viele Menschen mit Demenz stellen immer wieder dieselbe Frage oder wiederholen die gleichen S\u00e4tze oder Handlungen. Das kann f\u00fcr die Betreuer ausgesprochen anstrengend und belastend sein und den Eindruck n\u00e4hren, dass der Mensch einen mit Absicht \u00e4rgern will. Das ist jedoch normalerweise nicht der Fall. Vielmehr hat er wahrscheinlich einfach vergessen, dass er die Frage schon einmal gestellt hat. Die st\u00e4ndige Vergewisserung hilft ihm, mit seinen Zweifeln umzugehen.<\/p>\n<p><strong>1. Akzeptieren Sie Ausreden und Leugnungen der Kranken wie etwa ein das wahr ich nicht.<\/strong><\/p>\n<p><strong>2. Versuchen Sie, die Frage zu beantworten.<\/strong><\/p>\n<p><strong>3. Schreiben Sie die Antwort gut lesbar auf und zeigen Sie auf die Notiz, sobald der erkrankte Mensch die Frage stellt.<\/strong><\/p>\n<p><strong>4. Geben Sie nicht nur eine Antwort, sondern beruhigen Sie ihn auch.<\/strong><\/p>\n<p><strong>5. Wenn Sie die Geduld verlieren, gehen Sie f\u00fcr kurze Zeit aus dem Zimmer.<\/strong><\/p>\n<p>Manchmal neigt ein an Demenz erkrankter Mensch auch dazu die gleiche Handlung immer wieder durchzuf\u00fchren, wie etwa Regale abzustauben oder Schuhe zu putzen. Dies ist kein Grund zur Beunruhigung, sondern ein Zeichen daf\u00fcr, dass es ihm gelungen ist, eine Besch\u00e4ftigung zu finden, die ihm gut gelingt und gef\u00e4llt.<\/p>\n<p><strong>Im mittleren Stadium<\/strong> der Krankheit zeigen viele Menschen mit Demenz einen ausgepr\u00e4gten Bewegungsdrang, gepaart mit starker Unruhe. M\u00f6gliche Ursachen sind innere Anspannung oder Nervosit\u00e4t, die oftmals durch krankhafte Ver\u00e4nderungen im Gehirn hervorgerufen werden. Hinzu kommt, dass das Gehen f\u00fcr sie von besonderer Bedeutung ist. Es geh\u00f6rt zu den wenigen T\u00e4tigkeiten, die noch selbstst\u00e4ndig ausgef\u00fchrt werden k\u00f6nnen. Gehen st\u00e4rkt ihr Selbstwert und K\u00f6rpergef\u00fchl, gibt ihnen eine gewisse Entscheidungsfreiheit und wirkt sich positiv auf ihre Stimmung aus. Oftmals dr\u00fcckt sich in diesem sogenannten Wandern von Demenz erkrankten auch die Such nach dem aus, was sie verloren haben, beispielsweise nach einem Gegenstand, nach Menschen aus ihrer Vergangenheit oder allgemein nach Sicherheit und Geborgenheit.<\/p>\n<p>Der von einer Demenz betroffene Mensch b\u00fc\u00dft zwar seine Erinnerungs- und Denkverm\u00f6gen ein, seine <strong>Erlebnisf\u00e4higkeit und sein Gef\u00fchlsleben bleiben<\/strong> jedoch bis zu seinem Tode erhalten.<\/p>\n<p><strong>Das richtige Essen f\u00fcr Menschen mit Demenzerkrankung<\/strong><\/p>\n<p>Was Menschen mit Demenz schmeckt, ist von Patient zu Patient unterschiedlich. Es gibt aber Gemeinsamkeiten. Viele Betroffene bevorzugen zum Beispiel s\u00fc\u00dfes und fettiges Essen. Diesen Vorlieben sollten Pflegende auch ruhig nachgeben. Entscheidend ist bei Demenz, dass die Kranken gerne und mit Genuss essen. Um die Ern\u00e4hrung etwas ausgewogener zu gestalten, k\u00f6nnen Angeh\u00f6rige Gerichte eventuell nachs\u00fc\u00dfen indem sie Sauerkraut zum Beispiel mit R\u00fcbensirup mischen oder Brote gleichzeitig mit Leberwurst und Honig oder Zucker bestreichen<\/p>\n<p><strong>Getr\u00e4nke:<\/strong> Wasser lehnen viele Demenzpatienten ab, weil es schon bei leichten Schluckbeschwerden schwer zu trinken ist und schnell wieder aus dem Mund herausflie\u00dft. Besser sind daher dickfl\u00fcssige, s\u00fc\u00dfe S\u00e4fte wie Pfirsich oder Bananensaft. Pampelmusensaft ist dagegen keine gute Idee, weil er die Verarbeitung von Medikamenten st\u00f6ren kann. Kaffee hat Vor-und Nachteile. Einerseits kann er den Appetit z\u00fcgeln, so dass Demenzpatienten weniger essen. Andererseits empfinden sie den Duft oft als wohltuend, weil er positive Erinnerungen in ihnen weckt.<\/p>\n<p><strong>Gew\u00fcrze: <\/strong>\u00c4hnlich wie Kaffee k\u00f6nnen auch bestimmte Gew\u00fcrze den Appetit bremsen, rote Pfefferschoten und Chili zum Beispiel. Schwarzer Tee und Cola haben eventuell eine \u00e4hnliche Wirkung. Und Knoblauch verhindert die Aufnahme von Fett und Kohlenhydraten und kann deshalb gef\u00e4hrlichen Gewichtsverlust verursachen, warnen die Experten.<\/p>\n<p><strong>Zubereitung: Unterschiedliche Texturen und Konsistenzen verunsichern viele Demenzpatienten. Nach M\u00f6glichkeit sollten Angeh\u00f6rige daher alle Speisen gabelweich kochen, gleichzeitig aber keinen unattraktiven Einheitsbrei servieren. Zu hei\u00df sollte das Essen auch nicht sein, weil die Kranken dies oft zu sp\u00e4t bemerken. Mehlige oder kr\u00fcmelige Speisen weichen pflegende Angeh\u00f6rige am besten vor dem Essen ein, ansonsten verursachen sie oft Schluckprobleme.<\/strong><\/p>\n<p><strong>Einf\u00fchrung<\/strong> siehe: <a href=\"https:\/\/wp.me\/p91Zz0-CK\" target=\"_blank\" rel=\"noopener noreferrer nofollow external\" data-wpel-link=\"external\" title=\"Externer Link: Demenz was nun?\" class=\"ext-link wpel-icon-right\">Demenz was nun?<span class=\"wpel-icon wpel-image wpel-icon-6\"><\/span><\/a><\/p>\n<blockquote>\n<p>Ausblick<\/p>\n<\/blockquote>\n<p>Politiker in den Kommunen und im Land sind gefordert ein\u00a0 <strong><b>Geriatrie- und Demenzkonzept <\/b><\/strong>zu beschlie\u00dfen. Die Familien sind \u00fcberfordert. Demenz geht uns alle an. Lassen Sie uns gemeinsam die Gedanken zusammentragen und zur Diskussion stellen. F\u00fcnf Handlungsfeldern sind f\u00fcr uns erkennbar, die ineinander greifen.<\/p>\n<h3>\u00b7\u00a0\u00a0\u00a0\u00a0\u00a0\u00a0\u00a0 <strong><b>Autonomie und Selbst\u00e4ndigkeit zu Hause<\/b><\/strong><\/h3>\n<ul>\n<li>\n<h3><strong><b>Fr\u00fcherkennung (Screening), ambulante Akuttherapie<\/b><\/strong><\/h3>\n<\/li>\n<li>\n<h3><strong><b>Station\u00e4re geriatrische Akuttherapie und Rehabilitation<\/b><\/strong><\/h3>\n<\/li>\n<li>\n<h3><strong><b>Ambulante und station\u00e4re Angebote im Langzeitbereich<\/b><\/strong><\/h3>\n<\/li>\n<li>\n<h3><strong><b>Fachkompetenz zu Geriatrie und Demenz<\/b><\/strong><\/h3>\n<\/li>\n<\/ul>\n<p>Haben Sie Fragen, Anregungen oder Hinweise nutzen Sie nachfolgendes Formular. Bei Gefallen senden Sie den Beitrag weiter.<\/p>\n<p>[contact-form][contact-field label=&#8217;Name&#8216; type=&#8217;name&#8216; required=&#8217;1&#8217;\/][contact-field label=&#8217;E-Mail&#8216; type=&#8217;email&#8216; required=&#8217;1&#8217;\/][contact-field label=&#8217;Kommentar&#8216; type=&#8217;textarea&#8216; required=&#8217;1&#8217;\/][\/contact-form]<\/p>\n","protected":false},"excerpt":{"rendered":"<p>Oder der Nebel des Vergessens. Fortsetzung vom 6..9.20 Zum Krankheitsbild der Demenz geh\u00f6ren verschiedene typische Verhaltensweisen und Handlungsmuster der Betroffenen, mit denen sich die meisten Angeh\u00f6rigen zu einem bestimmten Zeitpunkt auseinandersetzen m\u00fcssen. Die Ursachen liegen zum Gro\u00dfteil im Verlust von Ged\u00e4chtnis und Erinnerungsverm\u00f6gen und in der Unf\u00e4higkeit, logische Verkn\u00fcpfungen herzustellen. Viele Menschen mit Demenz stellen&hellip; <a class=\"continue\" href=\"https:\/\/unser-quartier.de\/oberhausen\/2020\/09\/ii-demenz-was-nun\/uwiemann\/\" data-wpel-link=\"internal\"> \u00bb weiterlesen: <span> II.Demenz was nun?<\/span><\/a><\/p>\n","protected":false},"author":617,"featured_media":9175,"comment_status":"closed","ping_status":"closed","sticky":false,"template":"","format":"standard","meta":{"_monsterinsights_skip_tracking":false,"_monsterinsights_sitenote_active":false,"_monsterinsights_sitenote_note":"","_monsterinsights_sitenote_category":0,"generate_page_header":"","footnotes":""},"categories":[1,1122,5,39,4,38],"tags":[1362,460,151,461,458,462,459,690],"class_list":["post-2598","post","type-post","status-publish","format-standard","has-post-thumbnail","hentry","category-dies-und-das","category-ernaehrung-hygiene","category-recht","category-tabus","category-unterstuetzung","category-wohnen","tag-ausblick","tag-bewegungsdrang","tag-demenz","tag-denkvermoegen","tag-erinnerung","tag-erlebnisfaehigkeit","tag-gefuehl","tag-konzept"],"_links":{"self":[{"href":"https:\/\/unser-quartier.de\/oberhausen\/wp-json\/wp\/v2\/posts\/2598","targetHints":{"allow":["GET"]}}],"collection":[{"href":"https:\/\/unser-quartier.de\/oberhausen\/wp-json\/wp\/v2\/posts"}],"about":[{"href":"https:\/\/unser-quartier.de\/oberhausen\/wp-json\/wp\/v2\/types\/post"}],"author":[{"embeddable":true,"href":"https:\/\/unser-quartier.de\/oberhausen\/wp-json\/wp\/v2\/users\/617"}],"replies":[{"embeddable":true,"href":"https:\/\/unser-quartier.de\/oberhausen\/wp-json\/wp\/v2\/comments?post=2598"}],"version-history":[{"count":0,"href":"https:\/\/unser-quartier.de\/oberhausen\/wp-json\/wp\/v2\/posts\/2598\/revisions"}],"wp:featuredmedia":[{"embeddable":true,"href":"https:\/\/unser-quartier.de\/oberhausen\/wp-json\/wp\/v2\/media\/9175"}],"wp:attachment":[{"href":"https:\/\/unser-quartier.de\/oberhausen\/wp-json\/wp\/v2\/media?parent=2598"}],"wp:term":[{"taxonomy":"category","embeddable":true,"href":"https:\/\/unser-quartier.de\/oberhausen\/wp-json\/wp\/v2\/categories?post=2598"},{"taxonomy":"post_tag","embeddable":true,"href":"https:\/\/unser-quartier.de\/oberhausen\/wp-json\/wp\/v2\/tags?post=2598"}],"curies":[{"name":"wp","href":"https:\/\/api.w.org\/{rel}","templated":true}]}}