{"id":2812,"date":"2018-07-13T13:26:12","date_gmt":"2018-07-13T11:26:12","guid":{"rendered":"https:\/\/unser-quartier.de\/oberhausen\/?p=2812"},"modified":"2018-07-09T13:47:00","modified_gmt":"2018-07-09T11:47:00","slug":"die-vierte-saeule-der-altersvorsorge","status":"publish","type":"post","link":"https:\/\/unser-quartier.de\/oberhausen\/2018\/07\/die-vierte-saeule-der-altersvorsorge\/sraebiger\/","title":{"rendered":"Die Vierte S\u00e4ule der Altersvorsorge"},"content":{"rendered":"<blockquote>\n<p>Die Altersvorsorge ruht bekanntlich auf drei Sa\u0308ulen: gesetzlich, betrieblich und privat. Die Vierte Sa\u0308ule: \u201eEine gute Nachbarschaft\u201c oder \u201eIch fu\u0308r uns\u201c muss wieder belebt werden.<\/p>\n<\/blockquote>\n<p>Der Bund f\u00f6rdert<a href=\"#_ftn1\" name=\"_ftnref1\">[1]<\/a> mit anderen F\u00f6rdergebern ein Pilotprojekts \u201eCaring Community\u201c es geht um \u201eneue\u201c Formen der klassischen Nachbarschaftshilfe. Von sorgenden Gemeinschaften spricht die Bundeskanzlerin Merkel, wenn es um die Zukunft unserer Kommunen geht. Unklar bleibt, meint sie die Verwaltung oder die B\u00fcrger.<\/p>\n<p>CARING COMMUNITY \u2013 EIN NEUES LEITBILD?<\/p>\n<p>Wird f\u00fcr uns im Alter gesorgt sein? Diese Frage besch\u00e4ftigt viele \u00e4lter werdende Menschen. Die Familie allein schafft es nicht mehr, in einer von Erwerbsarbeit dominierten Welt, alle Sorge-Aufgaben zu bew\u00e4ltigen. In den Kommunen ist dies <strong>keine<\/strong> Pflichtaufgabe, ein eigener Haushaltstitel fehlt in NRW, in Baden-W\u00fcrttemberg ist er gegeben. Auch dann sind nicht alle zuk\u00fcnftigen Risiken durch den Staat zu tragen. Es m\u00fcssen neue Wege, ein neues Denken her. In diesem Sinne k\u00f6nnen die Fragen 18+19 &#8222;60 plus&#8220; an den Rat am 25.6.18 TOP 2 verstanden werden. Die <a href=\"https:\/\/allris.oberhausen.de\/bi\/___tmp\/tmp\/45081036739606249\/739606249\/00181693\/93-Anlagen\/01\/BeantwortungderGrossenAnfrage60plus.pdf\" class=\"mtli_attachment mtli_pdf ext-link wpel-icon-right\" target=\"_blank\" rel=\"noopener nofollow external noreferrer\" data-wpel-link=\"external\" title=\"Externer Link: Antwort der Stadtverwaltung\">Antwort der Stadtverwaltung<span class=\"wpel-icon wpel-image wpel-icon-6\"><\/span><\/a> auf die vorgenannten Fragen ist eindeutig.\u00a0\u00a0<\/p>\n<p>Der Begriff der &#8222;<a href=\"https:\/\/de.wikipedia.org\/wiki\/Community_Care\" target=\"_blank\" rel=\"noopener nofollow external noreferrer\" data-wpel-link=\"external\" title=\"Externer Link: Caring Community\" class=\"ext-link wpel-icon-right\">Caring Community<span class=\"wpel-icon wpel-image wpel-icon-6\"><\/span><\/a>&#8222;, der <strong>sorgenden Gemeinschaft<\/strong> etabliert sich langsam als politisch aufgegriffener Leitbegriff und meint sozial-staatliche Verantwortung und lokales Engagement miteinander zu verbinden.<\/p>\n<p>\u201eWie gelingt in einer Gesellschaft des langen Lebens, des demographischen und sozialen Wandels die Bewirtschaftung des gemeinsamen Lebens?\u201c<a href=\"#_ftn2\" name=\"_ftnref2\">[2]<\/a><\/p>\n<p>Eine caring community verbindet aktuelles Fachwissen, verl\u00e4ssliche Infrastruktur mit \u00f6rtlicher (Selbst-) Organisation des im Prinzip nicht delegationsf\u00e4higen Themas Sorge. Nehmen wir unsere Verantwortung wahr, uns gegenseitig sehr ernst zu nehmen.\u00a0<\/p>\n<p>Bitte denken wir Alle\u00a0 daran, dass die psychische Gesundheit und unser emotionales Wohlbefinden genauso wichtig sind wie die k\u00f6rperliche Gesundheit.\u00a0Wenn B\u00fcrger Hilfe ben\u00f6tigen, ben\u00f6tigen wir \u00fcber eine Vielzahl von Beratungs- und Unterst\u00fctzungsdiensten, um den emotionalen, physischen, sozialen und spirituellen Bed\u00fcrfnissen gerecht zu werden.\u00a0<\/p>\n<p><strong>W<\/strong>as fehlt in unserer Stadt, in unserem Quartier, damit wir in absehbarer Zeit die vorgenannten Ziel erreicht werden. Sind die Antworten in &#8222;60 plus&#8220; wirklich eine umfassende Bestandsaufnahme oder ist mehr m\u00f6glich und gefordert.<\/p>\n<p><strong>Der Grundstock ist in Oberhausen gegeben; es besteht eine Datenbank von Ehrenamtlichen.<\/strong><\/p>\n<p><a href=\"#_ftnref1\" name=\"_ftn1\">[1]<\/a> <a href=\"https:\/\/www.engagiertestadt.de\/2018\/05\/23\/die-vierte-sa%CC%88ule-der-altersvorsorge\/\" data-wpel-link=\"external\" target=\"_self\" rel=\"nofollow external noopener noreferrer\" title=\"Externer Link: https:\/\/www.engagiertestadt.de\/2018\/05\/23\/die-vierte-sa%CC%88ule-der-altersvorsorge\/\" class=\"ext-link wpel-icon-right\">https:\/\/www.engagiertestadt.de\/2018\/05\/23\/die-vierte-sa%CC%88ule-der-altersvorsorge\/<span class=\"wpel-icon wpel-image wpel-icon-6\"><\/span><\/a><\/p>\n<p><a href=\"#_ftnref2\" name=\"_ftn2\">[2]<\/a> Klie, Kirche im l\u00e4ndlichen Raum 03\/2013 Seite 20 m. w. Nachweisen<\/p>\n<p><strong>Was fehlt in der Stadt im Quartier und welche M\u00f6glichkeiten der Umsetzung sehen Sie? Nutzen Sie das Kontaktformular!<\/strong><\/p>\n<p>[contact-form][contact-field label=&#8217;Name&#8216; type=&#8217;name&#8216; required=&#8217;1&#8217;\/][contact-field label=&#8217;E-Mail&#8216; type=&#8217;email&#8216; required=&#8217;1&#8217;\/][contact-field label=&#8217;Kommentar&#8216; type=&#8217;textarea&#8216; required=&#8217;1&#8217;\/][\/contact-form]<\/p>\n","protected":false},"excerpt":{"rendered":"<p>Die Altersvorsorge ruht bekanntlich auf drei Sa\u0308ulen: gesetzlich, betrieblich und privat. Die Vierte Sa\u0308ule: \u201eEine gute Nachbarschaft\u201c oder \u201eIch fu\u0308r uns\u201c muss wieder belebt werden. Der Bund f\u00f6rdert[1] mit anderen F\u00f6rdergebern ein Pilotprojekts \u201eCaring Community\u201c es geht um \u201eneue\u201c Formen der klassischen Nachbarschaftshilfe. Von sorgenden Gemeinschaften spricht die Bundeskanzlerin Merkel, wenn es um die Zukunft&hellip; <a class=\"continue\" href=\"https:\/\/unser-quartier.de\/oberhausen\/2018\/07\/die-vierte-saeule-der-altersvorsorge\/sraebiger\/\" data-wpel-link=\"internal\"> \u00bb weiterlesen: <span> Die Vierte S\u00e4ule der Altersvorsorge<\/span><\/a><\/p>\n","protected":false},"author":612,"featured_media":0,"comment_status":"closed","ping_status":"closed","sticky":false,"template":"","format":"standard","meta":{"_monsterinsights_skip_tracking":false,"_monsterinsights_sitenote_active":false,"_monsterinsights_sitenote_note":"","_monsterinsights_sitenote_category":0,"generate_page_header":"","footnotes":""},"categories":[1,38],"tags":[518,294,295,520,238,517,521,519],"class_list":["post-2812","post","type-post","status-publish","format-standard","hentry","category-dies-und-das","category-wohnen","tag-caring-community","tag-ehrenamtlich","tag-hilfe","tag-infrastruktur","tag-kontaktformular","tag-nachbarschaftshilfe","tag-pflichtaufgabe","tag-sorgenden-gemeinschaft"],"_links":{"self":[{"href":"https:\/\/unser-quartier.de\/oberhausen\/wp-json\/wp\/v2\/posts\/2812","targetHints":{"allow":["GET"]}}],"collection":[{"href":"https:\/\/unser-quartier.de\/oberhausen\/wp-json\/wp\/v2\/posts"}],"about":[{"href":"https:\/\/unser-quartier.de\/oberhausen\/wp-json\/wp\/v2\/types\/post"}],"author":[{"embeddable":true,"href":"https:\/\/unser-quartier.de\/oberhausen\/wp-json\/wp\/v2\/users\/612"}],"replies":[{"embeddable":true,"href":"https:\/\/unser-quartier.de\/oberhausen\/wp-json\/wp\/v2\/comments?post=2812"}],"version-history":[{"count":0,"href":"https:\/\/unser-quartier.de\/oberhausen\/wp-json\/wp\/v2\/posts\/2812\/revisions"}],"wp:attachment":[{"href":"https:\/\/unser-quartier.de\/oberhausen\/wp-json\/wp\/v2\/media?parent=2812"}],"wp:term":[{"taxonomy":"category","embeddable":true,"href":"https:\/\/unser-quartier.de\/oberhausen\/wp-json\/wp\/v2\/categories?post=2812"},{"taxonomy":"post_tag","embeddable":true,"href":"https:\/\/unser-quartier.de\/oberhausen\/wp-json\/wp\/v2\/tags?post=2812"}],"curies":[{"name":"wp","href":"https:\/\/api.w.org\/{rel}","templated":true}]}}