{"id":3009,"date":"2018-07-27T13:54:08","date_gmt":"2018-07-27T11:54:08","guid":{"rendered":"https:\/\/unser-quartier.de\/oberhausen\/?p=3009"},"modified":"2018-07-05T16:19:37","modified_gmt":"2018-07-05T14:19:37","slug":"die-senioren-wg","status":"publish","type":"post","link":"https:\/\/unser-quartier.de\/oberhausen\/2018\/07\/die-senioren-wg\/sraebiger\/","title":{"rendered":"Die Senioren-WG \/ Wohnformen im Alter &#8211; 01 &#8211;"},"content":{"rendered":"<p><strong>Wohngemeinschaft statt Altersheim<\/strong><\/p>\n<blockquote>\n<p>Menschen haben ganz unterschiedliche Vorstellungen, wie sie im Alter wohnen wollen. Die meisten verbindet der Wunsch, ihr Leben auch bei Unterst\u00fctzungsbedarf m\u00f6glichst selbstst\u00e4ndig gestalten zu k\u00f6nnen. Das muss kein Traum bleiben. &#8211;\u00a0<strong>Vorsicht ist geboten. &#8211;<\/strong><\/p>\n<\/blockquote>\n<p><!--more-->Nicht nur die \u00f6ffentlich verbreitete Meinung: <em>Heime sind nicht Ideal<\/em>, auch den Lebenserfahrenen Senioren-WGlern ist es oft ganz wichtig, sich nicht von Heimleitern oder anderen Vorgesetzten bevormunden zu lassen. So w\u00fcnschen sich die Mieter die Selbstverwaltung selbst zu \u00fcbernehmen. \u00a0Die (eigene) Selbstverwaltung von Senioren oder An- \/ Zugeh\u00f6rigen ist aber in Nordrhein-Westfalen im Gegensatz zu Baden-W\u00fcrttemberg derzeit nicht die Regel. Die l\u00e4ngsten Erfahrungen in der Gemeinschaft des Zusammenlebens haben <a href=\"https:\/\/www.dachverband-der-beginen.de\/essen.php\" target=\"_blank\" rel=\"noopener nofollow external noreferrer\" data-wpel-link=\"external\" title=\"Externer Link: die Beginen\" class=\"ext-link wpel-icon-right\">die Beginen<span class=\"wpel-icon wpel-image wpel-icon-6\"><\/span><\/a>.\u00a0<\/p>\n<p>Mehrheitlich wird ein\u00a0 \u201eService-Wohnen\u201c\u00a0 oder auch <a href=\"https:\/\/unser-quartier.de\/oberhausen\/2018\/03\/was-bedeutet-eigentlich-betreutes-wohnen\/\" target=\"_blank\" rel=\"noopener\" data-wpel-link=\"internal\">&#8222;Betreutes Wohnen&#8220;<\/a> angeboten, mit einem Mietvertrag und ein Servicevertrag. Eine feste Definition oder Unterscheidung ist nicht vorhanden. In der Regel sind die Vertr\u00e4ge faktisch nicht zu trennen. Die Entscheidung bleibt, entweder in das gesamte Paket einzuwilligen oder eben nicht zu unterschreiben. Hierzu siehe auch <a href=\"https:\/\/allris.oberhausen.de\/bi\/___tmp\/tmp\/45081036311309298\/311309298\/00181693\/93-Anlagen\/01\/BeantwortungderGrossenAnfrage60plus.pdf\" class=\"mtli_attachment mtli_pdf ext-link wpel-icon-right\" target=\"_blank\" rel=\"noopener nofollow external noreferrer\" data-wpel-link=\"external\" title=\"Externer Link: Antworten der Stadtverwaltung\">Antworten der Stadtverwaltung<span class=\"wpel-icon wpel-image wpel-icon-6\"><\/span><\/a> zur gro\u00dfen Anfrage 60 plus im 31. Sitzung des Rates vom 25.6.18, Antworten 39 bis 47.\u00a0 Vor der Vertragsunterzeichnung sollte vorsorglich die WTG-Aufsicht, besser unter Heimaufsicht bekannt, auf Erkenntnisse angefragt werden. Zu erw\u00e4hnen ist das Angebot der <a href=\"https:\/\/unser-quartier.de\/oberhausen\/adresse\/wohngemeinschaften-fuer-menschen-mit-demenz\/\" target=\"_blank\" rel=\"noopener\" data-wpel-link=\"internal\">Ruhrwerkstatt<\/a> &#8222;Wohngemeinschaften f\u00fcr Menschen mit Demenz&#8220;<\/p>\n<p>Meist werden die Serviceleistungen pauschal abgerechnet, unabh\u00e4ngig davon, ob man sie tats\u00e4chlich nutzt, sind die vertraglichen Entgelte zu zahlen. Wird nach Zeit abgerechnet, k\u00f6nnte eine grobe Faustregel sein:\u00a0 1,00 \u20ac pro Minute.<\/p>\n<p>Wer eine Senioren-WG betreibt, muss die Pflege f\u00fcr die Bewohner anderswo \u201eeinkaufen\u201c und darf diese nicht mit eigenen Kr\u00e4ften leisten. <a href=\"https:\/\/www.schwaebische.de\/sueden\/baden-wuerttemberg_artikel,-kritik-an-b%C3%BCrokratie-f%C3%BCr-senioren-wohngruppen-_arid,10878660.html\" target=\"_blank\" rel=\"noopener nofollow external noreferrer\" data-wpel-link=\"external\" title=\"Externer Link: Prof. Dr.Thomas Klie\" class=\"ext-link wpel-icon-right\">Prof. Dr.Thomas Klie<span class=\"wpel-icon wpel-image wpel-icon-6\"><\/span><\/a> Freiburg, warnt davor, diese Trennung aufzuheben. \u201eAm Markt bewegen sich auch unseri\u00f6se Anbieter.\u00a0Deshalb genau pr\u00fcfen, die <a href=\"https:\/\/www.verbraucherzentrale.de\/wissen\/gesundheit-pflege\/pflege-in-wohngemeinschaften\/betreutes-wohnen-eine-alternative-fuers-wohnen-im-alter-13905\" target=\"_blank\" rel=\"noopener nofollow external noreferrer\" data-wpel-link=\"external\" title=\"Externer Link: Verbraucherzentrale\" class=\"ext-link wpel-icon-right\">Verbraucherzentrale<span class=\"wpel-icon wpel-image wpel-icon-6\"><\/span><\/a> zeigt in dem Beitrag die grobe Richtung an.<\/p>\n<p><strong>Rechtsprobleme beim betreuten Wohnen f\u00fcr Senioren<\/strong><\/p>\n<p>Die <a href=\"https:\/\/www.biva.de\/publikationen\/\" target=\"_blank\" rel=\"noopener nofollow external noreferrer\" data-wpel-link=\"external\" title=\"Externer Link: Brosch\u00fcre der\u00a0 BIVA\" class=\"ext-link wpel-icon-right\">Brosch\u00fcre der\u00a0 BIVA<span class=\"wpel-icon wpel-image wpel-icon-6\"><\/span><\/a> hilft bei Abschluss eines Vertrages f\u00fcr betreutes Wohnen falsche Erwartungen und Fehlentscheidungen zu vermeiden. Eine \u00dcbersicht \u00fcber die wesentlichen Rechtsfragen bei der Verkn\u00fcpfung von Wohnen und Betreuung.<\/p>\n<p>Schon jetzt kann gesagt werden, Service-Wohnen ist nicht preiswert, bei einer Vollkostenbetrachtung mit Pflege mindestens so teuer wie ein Altenheim.\u00a0 Der Stadtverwaltung liegen, laut ihrer obigen Antwort auf Frage 43,\u00a0keine Preise oder Kalkulationen\u00a0 vor.\u00a0In einem sp\u00e4teren Beitrag werden Kostenpositionen und Kosten als Anhaltspunkte dargestellt. Dazu auch der Beitrag aus M\u00e4rz:\u00a0<\/p>\n<ul>\n<li><a href=\"https:\/\/wp.me\/p91Zz0-Au\" data-wpel-link=\"external\" target=\"_self\" rel=\"nofollow external noopener noreferrer\" title=\"Externer Link: Was bedeutet eigentlich betreutes Wohnen?\" class=\"ext-link wpel-icon-right\">Was bedeutet eigentlich betreutes Wohnen?<span class=\"wpel-icon wpel-image wpel-icon-6\"><\/span><\/a><\/li>\n<\/ul>\n<p><strong>Wer hat Informationen<\/strong>, konkrete Zahlen aus bestehenden Service- oder Betreuungsvertr\u00e4gen? <strong>Jede Information hilft zur Transparenz.<\/strong><\/p>\n<p>[contact-form][contact-field label=&#8217;Name&#8216; type=&#8217;name&#8216; required=&#8217;1&#8217;\/][contact-field label=&#8217;E-Mail&#8216; type=&#8217;email&#8216; required=&#8217;1&#8217;\/][contact-field label=&#8217;Kommentar&#8216; type=&#8217;textarea&#8216; required=&#8217;1&#8217;\/][\/contact-form]<\/p>\n","protected":false},"excerpt":{"rendered":"<p>Wohngemeinschaft statt Altersheim Menschen haben ganz unterschiedliche Vorstellungen, wie sie im Alter wohnen wollen. Die meisten verbindet der Wunsch, ihr Leben auch bei Unterst\u00fctzungsbedarf m\u00f6glichst selbstst\u00e4ndig gestalten zu k\u00f6nnen. Das muss kein Traum bleiben. &#8211;\u00a0Vorsicht ist geboten. &#8211;<\/p>\n","protected":false},"author":612,"featured_media":0,"comment_status":"closed","ping_status":"closed","sticky":false,"template":"","format":"standard","meta":{"_monsterinsights_skip_tracking":false,"_monsterinsights_sitenote_active":false,"_monsterinsights_sitenote_note":"","_monsterinsights_sitenote_category":0,"generate_page_header":"","footnotes":""},"categories":[1,5,4,38],"tags":[241,683,550,78,217,681,546,674,549,547,319,545,637,352,675,682,325],"class_list":["post-3009","post","type-post","status-publish","format-standard","hentry","category-dies-und-das","category-recht","category-unterstuetzung","category-wohnen","tag-altenheim","tag-anfrage-60-plus","tag-beginen","tag-betreutes-wohnen","tag-biva","tag-heimaufsicht","tag-mietvertrag","tag-rat","tag-selbstverwaltung","tag-service-vertrag","tag-service-wohnen","tag-thomas-klie","tag-transparenz","tag-verbraucherzentrale","tag-verwaltungsantwort","tag-wohnformen-im-alter","tag-wtg"],"_links":{"self":[{"href":"https:\/\/unser-quartier.de\/oberhausen\/wp-json\/wp\/v2\/posts\/3009","targetHints":{"allow":["GET"]}}],"collection":[{"href":"https:\/\/unser-quartier.de\/oberhausen\/wp-json\/wp\/v2\/posts"}],"about":[{"href":"https:\/\/unser-quartier.de\/oberhausen\/wp-json\/wp\/v2\/types\/post"}],"author":[{"embeddable":true,"href":"https:\/\/unser-quartier.de\/oberhausen\/wp-json\/wp\/v2\/users\/612"}],"replies":[{"embeddable":true,"href":"https:\/\/unser-quartier.de\/oberhausen\/wp-json\/wp\/v2\/comments?post=3009"}],"version-history":[{"count":0,"href":"https:\/\/unser-quartier.de\/oberhausen\/wp-json\/wp\/v2\/posts\/3009\/revisions"}],"wp:attachment":[{"href":"https:\/\/unser-quartier.de\/oberhausen\/wp-json\/wp\/v2\/media?parent=3009"}],"wp:term":[{"taxonomy":"category","embeddable":true,"href":"https:\/\/unser-quartier.de\/oberhausen\/wp-json\/wp\/v2\/categories?post=3009"},{"taxonomy":"post_tag","embeddable":true,"href":"https:\/\/unser-quartier.de\/oberhausen\/wp-json\/wp\/v2\/tags?post=3009"}],"curies":[{"name":"wp","href":"https:\/\/api.w.org\/{rel}","templated":true}]}}