{"id":3575,"date":"2018-12-21T11:08:35","date_gmt":"2018-12-21T10:08:35","guid":{"rendered":"https:\/\/unser-quartier.de\/oberhausen\/?p=3575"},"modified":"2018-12-19T18:37:43","modified_gmt":"2018-12-19T17:37:43","slug":"welche-kosten-sind-bei-stationaerer-pflege-nicht-abgedeckt","status":"publish","type":"post","link":"https:\/\/unser-quartier.de\/oberhausen\/2018\/12\/welche-kosten-sind-bei-stationaerer-pflege-nicht-abgedeckt\/uwiemann\/","title":{"rendered":"Welche Kosten sind bei station\u00e4rer Pflege nicht abgedeckt?"},"content":{"rendered":"<blockquote>\n<p>In keinem Fall reicht die Leistung der Pflegeversicherung aus, um die pflegebedingten Aufwendungen abzudecken; sie ist eine Teilleistung. Von der pflegebed\u00fcrftigen Person ist ein Eigenanteil zu zahlen.<\/p>\n<\/blockquote>\n<p>Dieser war vor dem 1. Januar 2017 mit zunehmender Pflegebed\u00fcrftigkeit durch den erh\u00f6hten Pflegekr\u00e4fteeinsatz oft immens.\u00a0 Pflegebed\u00fcrftige mit h\u00f6herer Pflegestufe mussten also mehr zuzahlen als Pflegebed\u00fcrftige mit niedrigerer Pflegestufe. Das f\u00fchrt dazu, dass sich Pflegebed\u00fcrftige und deren Angeh\u00f6rige oft aus Furcht vor einem h\u00f6heren Eigenanteil gegen eine Neubegutachtung wehrten, obwohl sie mehr Pflege nutzten. Dem schafft die Neuregelung f\u00fcr die Einrichtungen Abhilfe.<\/p>\n<p><strong>Seit dem 1. Januar 2017 gilt in jeder vollstation\u00e4ren Pflegeeinrichtung nun ein einrichtungseinheitlicher Eigenanteil f\u00fcr die Pflegegrad 2 bis 5. Das hei\u00dft, Betroffene im Pflegegrad 5 zahlen f\u00fcr die Pflege genauso viel zu wie Betroffene im Pflegegrad 2. Der Eigenanteil unterscheidet sich nur noch von Einrichtung zu Einrichtung.<br \/>\n<\/strong><\/p>\n<p>Zus\u00e4tzlich zum pflegebedingten Eigenanteil fallen bei vollstation\u00e4rer Pflege f\u00fcr die Pflegebed\u00fcrftigen stets weitere Kosten, die sogenannten Hotelkosten an: Hierzu z\u00e4hlen Kosten f\u00fcr die Unterbringung und Verpflegung. Auch m\u00fcssen Bewohnerinnen und Bewohner einer Einrichtung gegebenenfalls gesondert berechenbare Investitionskosten \u00fcbernehmen. Hierbei handelt es sich um durch den Landschaftsverband gepr\u00fcfte Ausgaben des Betreibers f\u00fcr Anschaffungen, Geb\u00e4udemiete und \u00c4hnliches, die auf die Pflegebed\u00fcrftigen laut Investitionsbescheid umgelegt werden k\u00f6nnen.<\/p>\n<p>Wenn die Heimbewohnerin oder der Heimbewohner zudem besondere <strong>Komfort- oder Zusatzleistungen in Anspruch nimmt, muss sie beziehungsweise er diese ebenfalls privat bezahlen.<\/strong> Grunds\u00e4tzlich gilt: Da die Kosten f\u00fcr Verpflegung, Unterkunft, Investitionen und Komfortleistungen je nach Einrichtung sehr unterschiedlich ausfallen k\u00f6nnen, ist es dringend angeraten, sich bei der Auswahl eines Heims ausf\u00fchrlich dar\u00fcber zu informieren.<\/p>\n<p><strong>Im Zuge der Umstellung auf die <span style=\"text-decoration: underline;\">neuen Pflegegrade wurden die Leistungsbetr\u00e4ge zum 1. Januar 2017 neu gestaffelt.<\/span> Um Einbu\u00dfen, die sich daraus ergeben haben, zu vermeiden, hatten betroffene Pflegebed\u00fcrftige <span style=\"text-decoration: underline;\">Besitzstandsschutz: Sie erhalten einen Zuschlag auf den Leistungsbetrag,<\/span> wenn ihr selbst zu tragender Eigenanteil am Pflegesatz ab dem 1. Januar 2017 h\u00f6her ist als im Dezember 2016. Der Zuschlag gleicht die Differenz aus.<\/strong><\/p>\n<p>&nbsp;<\/p>\n","protected":false},"excerpt":{"rendered":"<p>In keinem Fall reicht die Leistung der Pflegeversicherung aus, um die pflegebedingten Aufwendungen abzudecken; sie ist eine Teilleistung. Von der pflegebed\u00fcrftigen Person ist ein Eigenanteil zu zahlen. Dieser war vor dem 1. Januar 2017 mit zunehmender Pflegebed\u00fcrftigkeit durch den erh\u00f6hten Pflegekr\u00e4fteeinsatz oft immens.\u00a0 Pflegebed\u00fcrftige mit h\u00f6herer Pflegestufe mussten also mehr zuzahlen als Pflegebed\u00fcrftige mit niedrigerer&hellip; <a class=\"continue\" href=\"https:\/\/unser-quartier.de\/oberhausen\/2018\/12\/welche-kosten-sind-bei-stationaerer-pflege-nicht-abgedeckt\/uwiemann\/\" data-wpel-link=\"internal\"> \u00bb weiterlesen: <span> Welche Kosten sind bei station\u00e4rer Pflege nicht abgedeckt?<\/span><\/a><\/p>\n","protected":false},"author":617,"featured_media":0,"comment_status":"closed","ping_status":"closed","sticky":false,"template":"","format":"standard","meta":{"_monsterinsights_skip_tracking":false,"_monsterinsights_sitenote_active":false,"_monsterinsights_sitenote_note":"","_monsterinsights_sitenote_category":0,"generate_page_header":"","footnotes":""},"categories":[1,5,4,38],"tags":[64,981,980,415,979,982,392,320,765,978],"class_list":["post-3575","post","type-post","status-publish","format-standard","hentry","category-dies-und-das","category-recht","category-unterstuetzung","category-wohnen","tag-angehoerige","tag-eee","tag-einheitlicher-einrichtungs-eigenanteil","tag-hotelkosten","tag-investitionsbescheid","tag-komfortleistung","tag-leistungen","tag-pflegeheim","tag-pflegeversicherung","tag-zusatzleistung"],"_links":{"self":[{"href":"https:\/\/unser-quartier.de\/oberhausen\/wp-json\/wp\/v2\/posts\/3575","targetHints":{"allow":["GET"]}}],"collection":[{"href":"https:\/\/unser-quartier.de\/oberhausen\/wp-json\/wp\/v2\/posts"}],"about":[{"href":"https:\/\/unser-quartier.de\/oberhausen\/wp-json\/wp\/v2\/types\/post"}],"author":[{"embeddable":true,"href":"https:\/\/unser-quartier.de\/oberhausen\/wp-json\/wp\/v2\/users\/617"}],"replies":[{"embeddable":true,"href":"https:\/\/unser-quartier.de\/oberhausen\/wp-json\/wp\/v2\/comments?post=3575"}],"version-history":[{"count":0,"href":"https:\/\/unser-quartier.de\/oberhausen\/wp-json\/wp\/v2\/posts\/3575\/revisions"}],"wp:attachment":[{"href":"https:\/\/unser-quartier.de\/oberhausen\/wp-json\/wp\/v2\/media?parent=3575"}],"wp:term":[{"taxonomy":"category","embeddable":true,"href":"https:\/\/unser-quartier.de\/oberhausen\/wp-json\/wp\/v2\/categories?post=3575"},{"taxonomy":"post_tag","embeddable":true,"href":"https:\/\/unser-quartier.de\/oberhausen\/wp-json\/wp\/v2\/tags?post=3575"}],"curies":[{"name":"wp","href":"https:\/\/api.w.org\/{rel}","templated":true}]}}