{"id":9883,"date":"2019-10-23T12:13:45","date_gmt":"2019-10-23T10:13:45","guid":{"rendered":"https:\/\/unser-quartier.de\/oberhausen\/?p=9883"},"modified":"2019-10-11T18:35:45","modified_gmt":"2019-10-11T16:35:45","slug":"news-oktober-2019","status":"publish","type":"post","link":"https:\/\/unser-quartier.de\/oberhausen\/2019\/10\/news-oktober-2019\/sraebiger\/","title":{"rendered":"News Oktober 2019"},"content":{"rendered":"<h1>Inhalt<\/h1>\n<ol>\n<li><a href=\"#_Toc21690173\"><strong><b> #<\/b><\/strong> <strong><b>Verzinsung bei lebensl\u00e4nglichen <\/b><\/strong><strong><b>Mieteinnahmen und \u2026\u2026<\/b><\/strong>,<\/a><\/li>\n<li><a href=\"#_Toc21690174\"><strong><b> # Vorsicht!<\/b><\/strong><strong><b>Neuer Pflege-T\u00dcV kein Verbraucherschutz<\/b><\/strong>.,<\/a><\/li>\n<li><a href=\"#_Toc21690175\"><strong><b> # Mehr Licht f\u00fcrs Fahrrad<\/b><\/strong>..,<\/a><\/li>\n<li><a href=\"#_Toc21690176\"><strong><b> # SCHUTZ VOR ARMUT IM PFLEGEFALL<\/b><\/strong>.,<\/a><\/li>\n<\/ol>\n<p>&nbsp;<\/p>\n<h3><a name=\"_Toc21690173\"><\/a><strong><b>1. #<\/b><\/strong> <strong><b>Verzinsung bei lebensl\u00e4nglichen <\/b><\/strong><strong><b>Mieteinnahmen und \u2026\u2026<\/b><\/strong><\/h3>\n<p>Der j\u00e4hrliche Kapitalwert einer lebensl\u00e4nglichen Leistung auch Nie\u00dfbrauch genannt (z. B. der Mieteinnahme) wird mit einem sog. Vervielf\u00e4ltiger multipliziert. Dieser ergibt sich durch die sogenannte Sterbetafel, die auch bei der Besteuerung von Leibrenten zur Geltung kommt und durch das Bundesfinanzministerium j\u00e4hrlich ver\u00f6ffentlicht wird. In einer Antwort der Bundesregierung \u00a0(<a href=\"http:\/\/dip21.bundestag.de\/dip21\/btd\/19\/129\/1912971.pdf\" class=\"mtli_attachment mtli_pdf ext-link wpel-icon-right\" target=\"_blank\" rel=\"noopener noreferrer nofollow external\" data-wpel-link=\"external\" title=\"Externer Link: Drucksache 19\/12971\">Drucksache 19\/12971<span class=\"wpel-icon wpel-image wpel-icon-6\"><\/span><\/a>) h\u00e4lt Sie an dem seit 1952 bestehenden <strong><b>Zinssatz von 5,5%<\/b><\/strong> fest. Bemerkenswert bei der aktuellen Verzinsung von Sparbriefen, Sparb\u00fcchern und Tagesgeld.<\/p>\n<h3><a name=\"_Toc21690174\"><\/a><a name=\"_Toc14707730\"><\/a><strong><b>2. <\/b><\/strong><strong><b>\u00a0# Vorsicht! <\/b><\/strong><strong><b>Neuer Pflege-T\u00dcV kein Verbraucherschutz<\/b><\/strong><\/h3>\n<p><strong><u><b>Der Ansatz:<\/b><\/u><\/strong> Um zuk\u00fcnftig Pflegebed\u00fcrftigen und deren Angeh\u00f6rigen aussagekr\u00e4ftige Bewertungen von Pflegeeinrichtungen in Deutschland bieten zu k\u00f6nnen, werden die bisherigen Pflege-Noten abgel\u00f6st. Das seit 2014 geltende System war gepr\u00e4gt von einer gro\u00dfen Intransparenz und stand deshalb schon l\u00e4nger in der Kritik. Dar\u00fcber hinaus wurden Qualit\u00e4tsm\u00e4ngel nur unzureichend abgebildet, da nur bestimmte Kriterien zur Ermittlung der Note beachtet wurden.<\/p>\n<p><strong><u><b>Ergebnis: <\/b><\/u><\/strong>Mehr Informationen wollen die Einrichtungen gegeben und ihre Qualit\u00e4tsunterschiede besser hervorheben. Mit <a href=\"https:\/\/www.mds-ev.de\/themen\/pflegequalitaet\/qualitaetspruefungen.html\" target=\"_blank\" rel=\"noopener noreferrer nofollow external\" data-wpel-link=\"external\" title=\"Externer Link: Hilfe des Medizinischen\" class=\"ext-link wpel-icon-right\">Hilfe des Medizinischen<span class=\"wpel-icon wpel-image wpel-icon-6\"><\/span><\/a> sollen Schwachstellen und Informationen \u00fcber die Einrichtungen gegeben und Qualit\u00e4tsunterschiede besser hervorgehoben werden. Die Kriterien wurden zwischen Pflegekassen, Sozialhilfetr\u00e4ger und Einrichtungen festgelegt. <strong><b>Verbraucherschutz ist nicht zu erkennen.<\/b><\/strong><\/p>\n<h3><a name=\"_Toc21690175\"><\/a><strong><b>3. # Mehr Licht f\u00fcrs Fahrrad<\/b><\/strong><\/h3>\n<p>Die dunkle Jahreszeit beginnt und die ersten Fahrradfahrer ohne ausreichende Beleuchtung am Drahtesel wurden bereits gesichtet. Was Sie tun sollten, um nicht sich und andere zu gef\u00e4hrden? Der WDR hat eine \u00fcbersichtlich Audio und Bilderstrecke zusammengestellt:<\/p>\n<p><a href=\"https:\/\/www1.wdr.de\/verbraucher\/freizeit\/fahrrad-licht-112.html\" data-wpel-link=\"external\" target=\"_self\" rel=\"nofollow external noopener noreferrer\" title=\"Externer Link: https:\/\/www1.wdr.de\/verbraucher\/freizeit\/fahrrad-licht-112.html\" class=\"ext-link wpel-icon-right\">https:\/\/www1.wdr.de\/verbraucher\/freizeit\/fahrrad-licht-112.html<span class=\"wpel-icon wpel-image wpel-icon-6\"><\/span><\/a>,<\/p>\n<h3><a name=\"_Toc21690176\"><\/a><strong><b>4. # SCHUTZ VOR ARMUT IM PFLEGEFALL<\/b><\/strong><\/h3>\n<p>Pflegebed\u00fcrftige m\u00fcssen einen gro\u00dfen Teil ihrer Pflegekosten selbst zahlen. Eine Vollversicherung k\u00f6nnte sie entlasten, dies bei \u00fcberschaubarem Aufwand f\u00fcr die Mehrheit.<\/p>\n<p>Vielen pflegebed\u00fcrftigen Menschen und ihren Angeh\u00f6rigen droht ein erhebliches Armutsrisiko. Eine Pflegevollversicherung, die alle Pflegeleistungen bezahlt, k\u00f6nnte f\u00fcr Entlastung sorgen. Ob das langfristig zu finanzieren ist und was dies f\u00fcr die Beitragszahler bedeutet, hat der Gesundheits\u00f6konom Heinz Rothgang in einer von der Hans-B\u00f6ckler-Stiftung gef\u00f6rderten Studie anhand mehrerer Rechenszenarien untersucht.\u00a0<\/p>\n<p>Im ersten Quartal 2019 mussten Gepflegte in station\u00e4ren Einrichtungen im Bundesdurchschnitt monatlich rund 660 Euro und in Oberhausen 793,76 Euro aus eigener Tasche f\u00fcr Pflegeleistungen zahlen. Darin noch nicht enthalten waren zus\u00e4tzliche Kosten f\u00fcr Miete und Essen, dies sind in <a href=\"https:\/\/wp.me\/P91Zz0-2yD\" target=\"_blank\" rel=\"noopener noreferrer nofollow external\" data-wpel-link=\"external\" title=\"Externer Link: Oberhausen\" class=\"ext-link wpel-icon-right\">Oberhausen<span class=\"wpel-icon wpel-image wpel-icon-6\"><\/span><\/a> im Mittelwert \u00fcber alle 23 Einrichtungen 932,25 Euro. Dies ist aber nicht alles es fehlen noch die Investitionskosten mit durchschnittlich 629,76 Euro. Aber wie unterschiedlich sind die Angebote in den Kommunen! Allein zwischen Oberhausen und M\u00fclheim\/Ruhr ergibt sich f\u00fcr den Betroffenen ein Unterschied des monatlich Einheitlichen Einrichtungs-Entgeltes (EEE) f\u00fcr die Pflege von rund 150 Euro. Die Verpflegungs- und andere Nebenkosten sind in M\u00fclheim fast 100 Euro teurer, doch hebt sich er Unterschied bei den Investitionskosten wieder auf.<\/p>\n<table style=\"width: 67.9776%;height: 341px\" width=\"399\">\n<tbody>\n<tr style=\"height: 34px\">\n<td style=\"height: 34px;width: 34.768%\" width=\"207\">\n<p><strong><b>Heimentgelte 2018<\/b><\/strong><\/p>\n<\/td>\n<td style=\"height: 34px;width: 16.9189%\" width=\"97\">\u00a0<\/td>\n<td style=\"height: 34px;width: 16.0352%\" width=\"95\">\u00a0<\/td>\n<\/tr>\n<tr style=\"height: 27px\">\n<td style=\"height: 27px;width: 34.768%\" width=\"207\">\n<p><strong><b>Mittelwerte<\/b><\/strong><\/p>\n<\/td>\n<td style=\"height: 27px;width: 16.9189%\" width=\"97\">\n<p><strong><b>Oberhausen<\/b><\/strong><\/p>\n<\/td>\n<td style=\"height: 27px;width: 16.0352%\" width=\"95\">\n<p><strong><b>M\u00fclheim<\/b><\/strong><\/p>\n<\/td>\n<\/tr>\n<tr style=\"height: 56px\">\n<td style=\"height: 56px;width: 34.768%\" width=\"207\">\n<p>Pflegeentgelt II mtl.<\/p>\n<\/td>\n<td style=\"height: 56px;width: 16.9189%\" width=\"97\">\n<p>\u00a0 1.563,76 \u20ac<\/p>\n<\/td>\n<td style=\"height: 56px;width: 16.0352%\" width=\"95\">\n<p>\u00a0 1.712,14 \u20ac<\/p>\n<\/td>\n<\/tr>\n<tr style=\"height: 56px\">\n<td style=\"height: 56px;width: 34.768%\" width=\"207\">\n<p><strong><b>Pflegeanteil EEE<\/b><\/strong><\/p>\n<\/td>\n<td style=\"height: 56px;width: 16.9189%\" width=\"97\">\n<p>\u00a0\u00a0\u00a0\u00a0 793,76 \u20ac<\/p>\n<\/td>\n<td style=\"height: 56px;width: 16.0352%\" width=\"95\">\n<p>\u00a0\u00a0\u00a0\u00a0 942,14 \u20ac<\/p>\n<\/td>\n<\/tr>\n<tr style=\"height: 56px\">\n<td style=\"height: 56px;width: 34.768%\" width=\"207\">\n<p><strong><b>Unterkunft &amp; Verpflegung<\/b><\/strong><\/p>\n<\/td>\n<td style=\"height: 56px;width: 16.9189%\" width=\"97\">\n<p>\u00a0\u00a0\u00a0\u00a0 932,25 \u20ac<\/p>\n<\/td>\n<td style=\"height: 56px;width: 16.0352%\" width=\"95\">\n<p>\u00a0 1.023,96 \u20ac<\/p>\n<\/td>\n<\/tr>\n<tr style=\"height: 56px\">\n<td style=\"height: 56px;width: 34.768%\" width=\"207\">\n<p><strong><b>Investition<\/b><\/strong><\/p>\n<\/td>\n<td style=\"height: 56px;width: 16.9189%\" width=\"97\">\n<p>\u00a0\u00a0\u00a0\u00a0 629,76 \u20ac<\/p>\n<\/td>\n<td style=\"height: 56px;width: 16.0352%\" width=\"95\">\n<p>\u00a0\u00a0\u00a0\u00a0 530,07 \u20ac<\/p>\n<\/td>\n<\/tr>\n<tr style=\"height: 56px\">\n<td style=\"height: 56px;width: 34.768%\" width=\"207\">\n<p><strong><b>Gesamtanteil des Bewohners<\/b><\/strong><\/p>\n<\/td>\n<td style=\"height: 56px;width: 16.9189%\" width=\"97\">\n<p><strong><b>\u00a0 2.355,77 \u20ac <\/b><\/strong><\/p>\n<\/td>\n<td style=\"height: 56px;width: 16.0352%\" width=\"95\">\n<p><strong><b>\u00a0 2.509,73 \u20ac <\/b><\/strong><\/p>\n<\/td>\n<\/tr>\n<\/tbody>\n<\/table>\n<p>Bei einer Umstellung auf die vollst\u00e4ndige \u00dcbernahme der Pflegekosten (in Einrichtungen) durch eine B\u00fcrgerversicherung m\u00fcssten gesetzlich Versicherte <a href=\"https:\/\/www.boeckler.de\/122144_122154.htm\" target=\"_blank\" rel=\"noopener noreferrer nofollow external\" data-wpel-link=\"external\" title=\"Externer Link: der Studie\" class=\"ext-link wpel-icon-right\">der Studie<span class=\"wpel-icon wpel-image wpel-icon-6\"><\/span><\/a> zufolge durchschnittlich gut f\u00fcnf Euro im Monat mehr bezahlen. Im Jahr sind dies rund 65 Euro. Wer denkt an die Entlastung der pflegenden Angeh\u00f6rigen; 80 Prozent der <a href=\"https:\/\/unser-quartier.de\/oberhausen\/quartiere\/pflegesituation-in-den-staedten\/\" target=\"_blank\" rel=\"noopener noreferrer\" data-wpel-link=\"internal\">anerkannt Pflegebed\u00fcrftigen<\/a> m\u00fcssen zu Hause gepflegt werden. Was nutzen gesetzliche Angebote mangels Angebote.<\/p>\n<p><strong><b>Zur Klarheit<\/b><\/strong>: es bleiben weiterhin die Zahlungen f\u00fcr den Betroffenen f\u00fcr Unterkunft &amp; Verpflegung und Investition, dies sind derzeit in Oberhausen 1.562,01 \u20ac und f\u00fcr M\u00fclheim 1.554,03 \u20ac. Reicht die Rente nicht aus, kann erleichtert Wohngeld bis zur H\u00f6he der Investitionssumme beantragt werden.<\/p>\n<blockquote>\n<p>Die \u00dcbernahme der vollen Pflegekosten, nicht nur in Einrichtungen auch in der H\u00e4uslichkeit, ist f\u00fcr die f\u00fcrsorgende Gemeinschaft ein Gebot der Stunde.<\/p>\n<\/blockquote>\n<p><strong>Ihre Meinung: <\/strong>waren die News hilfreich, sagen Sie es weiter,<strong> Ihr Kommentar, unterst\u00fctzen Sie uns : [contact-form][contact-field label=&#8217;Name&#8216; type=&#8217;name&#8216; required=&#8217;1&#8217;\/][contact-field label=&#8217;E-Mail&#8216; type=&#8217;email&#8216; required=&#8217;1&#8217;\/][contact-field label=&#8217;Kommentar&#8216; type=&#8217;textarea&#8216; required=&#8217;1&#8217;\/][\/contact-form]\u00a0<\/strong><\/p>\n","protected":false},"excerpt":{"rendered":"<p>Inhalt # Verzinsung bei lebensl\u00e4nglichen Mieteinnahmen und \u2026\u2026, # Vorsicht!Neuer Pflege-T\u00dcV kein Verbraucherschutz., # Mehr Licht f\u00fcrs Fahrrad.., # SCHUTZ VOR ARMUT IM PFLEGEFALL., &nbsp; 1. # Verzinsung bei lebensl\u00e4nglichen Mieteinnahmen und \u2026\u2026 Der j\u00e4hrliche Kapitalwert einer lebensl\u00e4nglichen Leistung auch Nie\u00dfbrauch genannt (z. B. der Mieteinnahme) wird mit einem sog. Vervielf\u00e4ltiger multipliziert. Dieser ergibt sich&hellip; <a class=\"continue\" href=\"https:\/\/unser-quartier.de\/oberhausen\/2019\/10\/news-oktober-2019\/sraebiger\/\" data-wpel-link=\"internal\"> \u00bb weiterlesen: <span> News Oktober 2019<\/span><\/a><\/p>\n","protected":false},"author":612,"featured_media":9384,"comment_status":"closed","ping_status":"closed","sticky":false,"template":"","format":"standard","meta":{"_monsterinsights_skip_tracking":false,"_monsterinsights_sitenote_active":false,"_monsterinsights_sitenote_note":"","_monsterinsights_sitenote_category":0,"generate_page_header":"","footnotes":""},"categories":[3,1,5,39,4],"tags":[256,562,733,530,414,213,309,1364,1421,80,1423,519,740,1422,255,784],"class_list":["post-9883","post","type-post","status-publish","format-standard","has-post-thumbnail","hentry","category-freizeit","category-dies-und-das","category-recht","category-tabus","category-unterstuetzung","tag-armut","tag-btdrs","tag-fahrrad","tag-hans-boeckler-studie","tag-heimentgelte","tag-licht","tag-mdk","tag-meinung","tag-niessbrauch","tag-pflege","tag-pflege-tuev","tag-sorgenden-gemeinschaft","tag-studie","tag-vollversicherung","tag-wdr","tag-zinsen"],"_links":{"self":[{"href":"https:\/\/unser-quartier.de\/oberhausen\/wp-json\/wp\/v2\/posts\/9883","targetHints":{"allow":["GET"]}}],"collection":[{"href":"https:\/\/unser-quartier.de\/oberhausen\/wp-json\/wp\/v2\/posts"}],"about":[{"href":"https:\/\/unser-quartier.de\/oberhausen\/wp-json\/wp\/v2\/types\/post"}],"author":[{"embeddable":true,"href":"https:\/\/unser-quartier.de\/oberhausen\/wp-json\/wp\/v2\/users\/612"}],"replies":[{"embeddable":true,"href":"https:\/\/unser-quartier.de\/oberhausen\/wp-json\/wp\/v2\/comments?post=9883"}],"version-history":[{"count":0,"href":"https:\/\/unser-quartier.de\/oberhausen\/wp-json\/wp\/v2\/posts\/9883\/revisions"}],"wp:featuredmedia":[{"embeddable":true,"href":"https:\/\/unser-quartier.de\/oberhausen\/wp-json\/wp\/v2\/media\/9384"}],"wp:attachment":[{"href":"https:\/\/unser-quartier.de\/oberhausen\/wp-json\/wp\/v2\/media?parent=9883"}],"wp:term":[{"taxonomy":"category","embeddable":true,"href":"https:\/\/unser-quartier.de\/oberhausen\/wp-json\/wp\/v2\/categories?post=9883"},{"taxonomy":"post_tag","embeddable":true,"href":"https:\/\/unser-quartier.de\/oberhausen\/wp-json\/wp\/v2\/tags?post=9883"}],"curies":[{"name":"wp","href":"https:\/\/api.w.org\/{rel}","templated":true}]}}