{"id":22288,"date":"2021-01-25T19:50:32","date_gmt":"2021-01-25T18:50:32","guid":{"rendered":"https:\/\/unser-quartier.de\/roehlinghausen\/?p=22288"},"modified":"2021-01-25T19:50:35","modified_gmt":"2021-01-25T18:50:35","slug":"methodenkoffer-einfache-zugaenge-fuer-aeltere-menschen-in-die-digitale-welt-gestalten","status":"publish","type":"post","link":"https:\/\/unser-quartier.de\/roehlinghausen\/2021\/01\/methodenkoffer-einfache-zugaenge-fuer-aeltere-menschen-in-die-digitale-welt-gestalten\/","title":{"rendered":"Methodenkoffer: Einfache Zug\u00e4nge f\u00fcr \u00e4ltere Menschen in die digitale Welt gestalten"},"content":{"rendered":"\n<p><strong>Im Rahmen eines Gemeinschaftsprojekts des Forum Seniorenarbeit NRW, zusammen mit zahlreichen engagierten \u00c4lteren und Akteuren aus der Seniorenarbeit, entstand im Herbst 2020 der Methodenkoffer \u201eZug\u00e4nge \u00e4lterer Menschen in die digitale Welt gestalten\u201c. Der Methodenkoffer wird als Druckversion (PDF) und interaktive Website ver\u00f6ffentlicht.<br><\/strong><\/p>\n\n\n\n<!--more-->\n\n\n\n<p class=\"has-text-align-justify\">Bedingt durch die Corona-Krise wurde in den vergangenen Monaten besonders deutlich, dass vielen \u00e4lteren Menschen der Zugang in die digitale Welt fehlt. An zahlreichen Orten in Nordrhein-Westfalen bem\u00fchen sich ehren- und hauptamtliche Mitarbeiter*innen darum, \u00c4lteren bei diesen ersten Schritten behilflich zu sein. Insgesamt betrachtet sind es jedoch immer noch zu wenige Angebote und Projekte.<\/p>\n\n\n\n<p>Hintergrund:<\/p>\n\n\n\n<p>Der Methodenkoffer wurde im Rahmen der Arbeitsgruppen des Forum Seniorenarbeit in den Jahren 2018 bis 2020 erdacht und im Herbst 2020 im Rahmen eines gemeinsamen Werkstatt-Tags konkretisiert. Die Mitwirkenden stammen aus Organisationen der freien Wohlfahrtspflege und selbstorganisierten Seniorengruppen, aus Forschung und Kommunen in Nordrhein-Westfalen.<\/p>\n\n\n\n<p>Der Methodenkoffer stellt eine sinnvolle Erg\u00e4nzung in der praktischen Arbeit mit \u00e4lteren Menschen dar, wenn Sie Angebote f\u00fcr \u00e4ltere Menschen im Themenfeld Digitalisierung\/ Medienkompetenzf\u00f6rderung vorhalten oder planen.<\/p>\n\n\n\n<p>Die Website zum Methodenkoffer:<br><a href=\"https:\/\/methoden.forum-seniorenarbeit.de\/\" data-wpel-link=\"external\" target=\"_blank\" rel=\"follow external noopener noreferrer\" title=\"Externer Link: \" class=\"ext-link wpel-icon-right\">methoden.forum-seniorenarbeit.de<span class=\"wpel-icon wpel-image wpel-icon-6\"><\/span><\/a><\/p>\n\n\n\n<p>Web-Seminarangebote zum Methodenkoffer:<br><a href=\"http:\/\/www.forum-seniorenarbeit.de\/\" data-wpel-link=\"external\" target=\"_blank\" rel=\"follow external noopener noreferrer\" title=\"Externer Link: \" class=\"ext-link wpel-icon-right\">www.forum-seniorenarbeit.de<span class=\"wpel-icon wpel-image wpel-icon-6\"><\/span><\/a><\/p>\n\n\n\n<p><strong>Erkl\u00e4rvideo zum Methodenkoffer<a href=\"http:\/\/www.forum-seniorenarbeit.de\/\" data-wpel-link=\"external\" target=\"_blank\" rel=\"follow external noopener noreferrer\" title=\"Externer Link: \" class=\"ext-link wpel-icon-right\"><span class=\"wpel-icon wpel-image wpel-icon-6\"><\/span><\/a><\/strong><\/p>\n\n\n<figure class=\"wp-block-embed-youtube wp-block-embed is-type-video is-provider-youtube wp-embed-aspect-16-9 wp-has-aspect-ratio\"><div class=\"lyte-wrapper\" style=\"width:853px;max-width:100%;margin:5px;\"><div class=\"lyMe\" id=\"WYL_jLf2v8X8uOg\"><div id=\"lyte_jLf2v8X8uOg\" data-src=\"https:\/\/unser-quartier.de\/roehlinghausen\/wp-content\/plugins\/wp-youtube-lyte\/lyteCache.php?origThumbUrl=%2F%2Fi.ytimg.com%2Fvi%2FjLf2v8X8uOg%2Fhqdefault.jpg\" class=\"pL\"><div class=\"tC\"><div class=\"tT\"><\/div><\/div><div class=\"play\"><\/div><div class=\"ctrl\"><div class=\"Lctrl\"><\/div><div class=\"Rctrl\"><\/div><\/div><\/div><noscript><a href=\"https:\/\/youtu.be\/jLf2v8X8uOg\" rel=\"follow external noopener noreferrer\" data-wpel-link=\"external\" target=\"_blank\" title=\"Externer Link: \" class=\"ext-link\"><img loading=\"lazy\" decoding=\"async\" src=\"https:\/\/unser-quartier.de\/roehlinghausen\/wp-content\/plugins\/wp-youtube-lyte\/lyteCache.php?origThumbUrl=https%3A%2F%2Fi.ytimg.com%2Fvi%2FjLf2v8X8uOg%2F0.jpg\" alt=\"\" width=\"853\" height=\"460\" \/><\/a><\/noscript><\/div><\/div><div class=\"lL\" style=\"max-width:100%;width:853px;margin:5px;\"> <a href=\"https:\/\/youtu.be\/jLf2v8X8uOg\" target=\"_blank\" data-wpel-link=\"external\" rel=\"follow external noopener noreferrer\" title=\"Externer Link: \" class=\"ext-link wpel-icon-right\">Dieses Video auf YouTube ansehen<span class=\"wpel-icon wpel-image wpel-icon-6\"><\/span><\/a>.<\/div><figcaption><\/figcaption><\/figure>\n\n\n<p><\/p>\n\n\n\n<p><\/p>\n","protected":false},"excerpt":{"rendered":"<p>Im Rahmen eines Gemeinschaftsprojekts des Forum Seniorenarbeit NRW, zusammen mit zahlreichen engagierten \u00c4lteren und Akteuren aus der Seniorenarbeit, entstand im Herbst 2020 der Methodenkoffer \u201eZug\u00e4nge \u00e4lterer Menschen in die digitale Welt gestalten\u201c. Der Methodenkoffer wird als Druckversion (PDF) und interaktive Website ver\u00f6ffentlicht.<\/p>\n","protected":false},"author":441,"featured_media":22289,"comment_status":"open","ping_status":"closed","sticky":false,"template":"","format":"standard","meta":{"generate_page_header":"","footnotes":""},"categories":[100],"tags":[370,381,19],"class_list":["post-22288","post","type-post","status-publish","format-standard","has-post-thumbnail","hentry","category-quartiersbuero-berichtet","tag-digitalisierung","tag-methodenkoffer","tag-seniorenarbeit"],"_links":{"self":[{"href":"https:\/\/unser-quartier.de\/roehlinghausen\/wp-json\/wp\/v2\/posts\/22288","targetHints":{"allow":["GET"]}}],"collection":[{"href":"https:\/\/unser-quartier.de\/roehlinghausen\/wp-json\/wp\/v2\/posts"}],"about":[{"href":"https:\/\/unser-quartier.de\/roehlinghausen\/wp-json\/wp\/v2\/types\/post"}],"author":[{"embeddable":true,"href":"https:\/\/unser-quartier.de\/roehlinghausen\/wp-json\/wp\/v2\/users\/441"}],"replies":[{"embeddable":true,"href":"https:\/\/unser-quartier.de\/roehlinghausen\/wp-json\/wp\/v2\/comments?post=22288"}],"version-history":[{"count":0,"href":"https:\/\/unser-quartier.de\/roehlinghausen\/wp-json\/wp\/v2\/posts\/22288\/revisions"}],"wp:featuredmedia":[{"embeddable":true,"href":"https:\/\/unser-quartier.de\/roehlinghausen\/wp-json\/wp\/v2\/media\/22289"}],"wp:attachment":[{"href":"https:\/\/unser-quartier.de\/roehlinghausen\/wp-json\/wp\/v2\/media?parent=22288"}],"wp:term":[{"taxonomy":"category","embeddable":true,"href":"https:\/\/unser-quartier.de\/roehlinghausen\/wp-json\/wp\/v2\/categories?post=22288"},{"taxonomy":"post_tag","embeddable":true,"href":"https:\/\/unser-quartier.de\/roehlinghausen\/wp-json\/wp\/v2\/tags?post=22288"}],"curies":[{"name":"wp","href":"https:\/\/api.w.org\/{rel}","templated":true}]}}