{"id":22421,"date":"2021-02-13T10:47:26","date_gmt":"2021-02-13T09:47:26","guid":{"rendered":"https:\/\/unser-quartier.de\/roehlinghausen\/?p=22421"},"modified":"2021-02-13T10:47:28","modified_gmt":"2021-02-13T09:47:28","slug":"drk-bietet-begleitenden-fahrdienst-zum-impfzentrum-an","status":"publish","type":"post","link":"https:\/\/unser-quartier.de\/roehlinghausen\/2021\/02\/drk-bietet-begleitenden-fahrdienst-zum-impfzentrum-an\/","title":{"rendered":"DRK bietet begleitenden Fahrdienst zum Impfzentrum an"},"content":{"rendered":"\n<p>Sie sehen keine M\u00f6glichkeit ihren Impftermin im Impfzentrum wahrzunehmen weil sie es selbst nicht erreichen k\u00f6nnen? Dann k\u00f6nnen sie ab sofort auf die Unterst\u00fctzung vom DRK Herne\/Wanne-Eickel z\u00e4hlen.<\/p>\n<p><!--more-->Auch Behindertenfahrten im Rollstuhl k\u00f6nnen \u00fcbernommen werden . Es ist ein begrenztes Angebot bei Bedarf und f\u00fcr Personen die keine andere M\u00f6glichkeit haben. Vereinbaren sie einen Termin!<\/p>\n<p>Terminvergabe: Herr M\u00f6ller,Telefonnummer <strong>02325 969 454<\/strong><\/p>\n<p>Erreichbarkeit <strong>Mo-Fr 10:00-12:00<\/strong> <strong>Uhr<\/strong> und <strong>14:00-15:00 Uh<\/strong><\/p>\n<p>&nbsp;<\/p>\n","protected":false},"excerpt":{"rendered":"<p>Sie sehen keine M\u00f6glichkeit ihren Impftermin im Impfzentrum wahrzunehmen weil sie es selbst nicht erreichen k\u00f6nnen? Dann k\u00f6nnen sie ab sofort auf die Unterst\u00fctzung vom DRK Herne\/Wanne-Eickel z\u00e4hlen.<\/p>\n","protected":false},"author":441,"featured_media":3835,"comment_status":"open","ping_status":"closed","sticky":false,"template":"","format":"standard","meta":{"generate_page_header":"","footnotes":""},"categories":[100],"tags":[387,386],"class_list":["post-22421","post","type-post","status-publish","format-standard","has-post-thumbnail","hentry","category-quartiersbuero-berichtet","tag-behindertenfahrt","tag-impfzentrum"],"_links":{"self":[{"href":"https:\/\/unser-quartier.de\/roehlinghausen\/wp-json\/wp\/v2\/posts\/22421","targetHints":{"allow":["GET"]}}],"collection":[{"href":"https:\/\/unser-quartier.de\/roehlinghausen\/wp-json\/wp\/v2\/posts"}],"about":[{"href":"https:\/\/unser-quartier.de\/roehlinghausen\/wp-json\/wp\/v2\/types\/post"}],"author":[{"embeddable":true,"href":"https:\/\/unser-quartier.de\/roehlinghausen\/wp-json\/wp\/v2\/users\/441"}],"replies":[{"embeddable":true,"href":"https:\/\/unser-quartier.de\/roehlinghausen\/wp-json\/wp\/v2\/comments?post=22421"}],"version-history":[{"count":0,"href":"https:\/\/unser-quartier.de\/roehlinghausen\/wp-json\/wp\/v2\/posts\/22421\/revisions"}],"wp:featuredmedia":[{"embeddable":true,"href":"https:\/\/unser-quartier.de\/roehlinghausen\/wp-json\/wp\/v2\/media\/3835"}],"wp:attachment":[{"href":"https:\/\/unser-quartier.de\/roehlinghausen\/wp-json\/wp\/v2\/media?parent=22421"}],"wp:term":[{"taxonomy":"category","embeddable":true,"href":"https:\/\/unser-quartier.de\/roehlinghausen\/wp-json\/wp\/v2\/categories?post=22421"},{"taxonomy":"post_tag","embeddable":true,"href":"https:\/\/unser-quartier.de\/roehlinghausen\/wp-json\/wp\/v2\/tags?post=22421"}],"curies":[{"name":"wp","href":"https:\/\/api.w.org\/{rel}","templated":true}]}}