{"id":7690,"date":"2018-04-10T20:00:50","date_gmt":"2018-04-10T18:00:50","guid":{"rendered":"https:\/\/unser-quartier.de\/roehlinghausen\/?p=7690"},"modified":"2025-03-01T21:57:11","modified_gmt":"2025-03-01T20:57:11","slug":"zwar-gruppe-radfahren","status":"publish","type":"post","link":"https:\/\/unser-quartier.de\/roehlinghausen\/2018\/04\/zwar-gruppe-radfahren\/","title":{"rendered":"ZWAR Gruppe Radfahren"},"content":{"rendered":"<h2>Die erste Tour&#8230;<\/h2>\n<p>Treffpunkt war vor dem Altenhilfezentrum auf der Bergmannstrasse in R\u00f6hlinghausen. Sehr gut gelaunt und voller Erwartungen starteten am Sonntag <!--more-->dem 8. April 21 Radfahrerinnen und Radfahrer zur ersten gemeinsamen Fahrradtour. Sich kennenlernen und Spa\u00df haben war das Motto in dieser neu gegr\u00fcndeten ZWAR-Gruppe.<\/p>\n<div id='gallery-1' class='gallery galleryid-7690 gallery-columns-4 gallery-size-thumbnail'><figure class='gallery-item'>\n\t\t\t<div class='gallery-icon landscape'>\n\t\t\t\t<a href=\"https:\/\/unser-quartier.de\/roehlinghausen\/2018\/04\/zwar-gruppe-radfahren\/zwar-radfahren-2\/#main\" data-wpel-link=\"internal\"><img loading=\"lazy\" decoding=\"async\" width=\"150\" height=\"113\" src=\"https:\/\/unser-quartier.de\/roehlinghausen\/files\/2018\/04\/ZWAR-Radfahren-2-150x113.jpg\" class=\"attachment-thumbnail size-thumbnail\" alt=\"Fahrradtour\" aria-describedby=\"gallery-1-7694\" srcset=\"https:\/\/unser-quartier.de\/roehlinghausen\/files\/2018\/04\/ZWAR-Radfahren-2-150x113.jpg 150w, https:\/\/unser-quartier.de\/roehlinghausen\/files\/2018\/04\/ZWAR-Radfahren-2-300x225.jpg 300w, https:\/\/unser-quartier.de\/roehlinghausen\/files\/2018\/04\/ZWAR-Radfahren-2.jpg 640w\" sizes=\"auto, (max-width: 150px) 100vw, 150px\" \/><\/a>\n\t\t\t<\/div>\n\t\t\t\t<figcaption class='wp-caption-text gallery-caption' id='gallery-1-7694'>\n\t\t\t\tTreffpunkt am Altenhilfezentrum in R\u00f6hlinghausen\n\t\t\t\t<\/figcaption><\/figure><figure class='gallery-item'>\n\t\t\t<div class='gallery-icon portrait'>\n\t\t\t\t<a href=\"https:\/\/unser-quartier.de\/roehlinghausen\/2018\/04\/zwar-gruppe-radfahren\/zwar-radfahren-1\/#main\" data-wpel-link=\"internal\"><img loading=\"lazy\" decoding=\"async\" width=\"150\" height=\"200\" src=\"https:\/\/unser-quartier.de\/roehlinghausen\/files\/2018\/04\/ZWAR-Radfahren-1-150x200.jpg\" class=\"attachment-thumbnail size-thumbnail\" alt=\"Fahrradtour\" aria-describedby=\"gallery-1-7693\" srcset=\"https:\/\/unser-quartier.de\/roehlinghausen\/files\/2018\/04\/ZWAR-Radfahren-1-150x200.jpg 150w, https:\/\/unser-quartier.de\/roehlinghausen\/files\/2018\/04\/ZWAR-Radfahren-1-300x400.jpg 300w, https:\/\/unser-quartier.de\/roehlinghausen\/files\/2018\/04\/ZWAR-Radfahren-1.jpg 480w\" sizes=\"auto, (max-width: 150px) 100vw, 150px\" \/><\/a>\n\t\t\t<\/div>\n\t\t\t\t<figcaption class='wp-caption-text gallery-caption' id='gallery-1-7693'>\n\t\t\t\twarten auf die anderen Teilnehmer\n\t\t\t\t<\/figcaption><\/figure><figure class='gallery-item'>\n\t\t\t<div class='gallery-icon landscape'>\n\t\t\t\t<a href=\"https:\/\/unser-quartier.de\/roehlinghausen\/2018\/04\/zwar-gruppe-radfahren\/zwar-radfahren-5\/#main\" data-wpel-link=\"internal\"><img loading=\"lazy\" decoding=\"async\" width=\"150\" height=\"113\" src=\"https:\/\/unser-quartier.de\/roehlinghausen\/files\/2018\/04\/ZWAR-Radfahren-5-150x113.jpg\" class=\"attachment-thumbnail size-thumbnail\" alt=\"Fahrradtour\" aria-describedby=\"gallery-1-7696\" srcset=\"https:\/\/unser-quartier.de\/roehlinghausen\/files\/2018\/04\/ZWAR-Radfahren-5-150x113.jpg 150w, https:\/\/unser-quartier.de\/roehlinghausen\/files\/2018\/04\/ZWAR-Radfahren-5-300x225.jpg 300w, https:\/\/unser-quartier.de\/roehlinghausen\/files\/2018\/04\/ZWAR-Radfahren-5.jpg 640w\" sizes=\"auto, (max-width: 150px) 100vw, 150px\" \/><\/a>\n\t\t\t<\/div>\n\t\t\t\t<figcaption class='wp-caption-text gallery-caption' id='gallery-1-7696'>\n\t\t\t\tdas erste Kennenlernen&#8230;\n\t\t\t\t<\/figcaption><\/figure><figure class='gallery-item'>\n\t\t\t<div class='gallery-icon landscape'>\n\t\t\t\t<a href=\"https:\/\/unser-quartier.de\/roehlinghausen\/2018\/04\/zwar-gruppe-radfahren\/zwar-radfahren-3\/#main\" data-wpel-link=\"internal\"><img loading=\"lazy\" decoding=\"async\" width=\"150\" height=\"113\" src=\"https:\/\/unser-quartier.de\/roehlinghausen\/files\/2018\/04\/ZWAR-Radfahren-3-150x113.jpg\" class=\"attachment-thumbnail size-thumbnail\" alt=\"Fahrradtour\" aria-describedby=\"gallery-1-7695\" srcset=\"https:\/\/unser-quartier.de\/roehlinghausen\/files\/2018\/04\/ZWAR-Radfahren-3-150x113.jpg 150w, https:\/\/unser-quartier.de\/roehlinghausen\/files\/2018\/04\/ZWAR-Radfahren-3-300x225.jpg 300w, https:\/\/unser-quartier.de\/roehlinghausen\/files\/2018\/04\/ZWAR-Radfahren-3.jpg 640w\" sizes=\"auto, (max-width: 150px) 100vw, 150px\" \/><\/a>\n\t\t\t<\/div>\n\t\t\t\t<figcaption class='wp-caption-text gallery-caption' id='gallery-1-7695'>\n\t\t\t\talle da?\n\t\t\t\t<\/figcaption><\/figure>\n\t\t<\/div>\n\n<p>Es ist eine bunt gemischte Gruppe und genau so unterschiedlich war auch der jeweilige fahrbare Untersatz. Mit einem Walkie Talkie und Unfallkoffer &#8211; man wei\u00df ja nie &#8211; ausger\u00fcstet, sollte es endlich los gehen.<\/p>\n<h3>Das Ziel<\/h3>\n<p>Ziel war die Zeche Zollverein mit einer geplanten Strecke von 20 km f\u00fcr die Hin- und R\u00fcckfahrt. Auf der ersten Steigung zeigte sich dann auch die Kondition der einzelnen&nbsp; Gruppenmitglieder. Aber alles kein Problem. Ein kleine Pause war willkommen.<\/p>\n<div id='gallery-2' class='gallery galleryid-7690 gallery-columns-2 gallery-size-thumbnail'><figure class='gallery-item'>\n\t\t\t<div class='gallery-icon landscape'>\n\t\t\t\t<a href=\"https:\/\/unser-quartier.de\/roehlinghausen\/2018\/04\/zwar-gruppe-radfahren\/zwar-radfahren-8\/#main\" data-wpel-link=\"internal\"><img loading=\"lazy\" decoding=\"async\" width=\"150\" height=\"113\" src=\"https:\/\/unser-quartier.de\/roehlinghausen\/files\/2018\/04\/ZWAR-Radfahren-8-150x113.jpg\" class=\"attachment-thumbnail size-thumbnail\" alt=\"Fahrradtour\" aria-describedby=\"gallery-2-7701\" srcset=\"https:\/\/unser-quartier.de\/roehlinghausen\/files\/2018\/04\/ZWAR-Radfahren-8-150x113.jpg 150w, https:\/\/unser-quartier.de\/roehlinghausen\/files\/2018\/04\/ZWAR-Radfahren-8-300x225.jpg 300w, https:\/\/unser-quartier.de\/roehlinghausen\/files\/2018\/04\/ZWAR-Radfahren-8.jpg 640w\" sizes=\"auto, (max-width: 150px) 100vw, 150px\" \/><\/a>\n\t\t\t<\/div>\n\t\t\t\t<figcaption class='wp-caption-text gallery-caption' id='gallery-2-7701'>\n\t\t\t\tein kleines P\u00e4uschen&#8230;\n\t\t\t\t<\/figcaption><\/figure><figure class='gallery-item'>\n\t\t\t<div class='gallery-icon landscape'>\n\t\t\t\t<a href=\"https:\/\/unser-quartier.de\/roehlinghausen\/2018\/04\/zwar-gruppe-radfahren\/zwar-radfahren-7\/#main\" data-wpel-link=\"internal\"><img loading=\"lazy\" decoding=\"async\" width=\"150\" height=\"113\" src=\"https:\/\/unser-quartier.de\/roehlinghausen\/files\/2018\/04\/ZWAR-Radfahren-7-150x113.jpg\" class=\"attachment-thumbnail size-thumbnail\" alt=\"Fahrradtour\" aria-describedby=\"gallery-2-7700\" srcset=\"https:\/\/unser-quartier.de\/roehlinghausen\/files\/2018\/04\/ZWAR-Radfahren-7-150x113.jpg 150w, https:\/\/unser-quartier.de\/roehlinghausen\/files\/2018\/04\/ZWAR-Radfahren-7-300x225.jpg 300w, https:\/\/unser-quartier.de\/roehlinghausen\/files\/2018\/04\/ZWAR-Radfahren-7.jpg 640w\" sizes=\"auto, (max-width: 150px) 100vw, 150px\" \/><\/a>\n\t\t\t<\/div>\n\t\t\t\t<figcaption class='wp-caption-text gallery-caption' id='gallery-2-7700'>\n\t\t\t\talles in Ordnung, es geht weiter&#8230;\n\t\t\t\t<\/figcaption><\/figure>\n\t\t<\/div>\n\n<h3>Der erste Halt<\/h3>\n<p>Nach knapp einer Stunde wurde der erste Halt am Ph\u00e4nomania Erfahrungsfeld in Essen eingelegt. Ein paar Schritte laufen, sich recken und strecken, ein Getr\u00e4nk und ideales Fahrradwetter. Es war perfekt.<\/p>\n<p>Das Ph\u00e4nomania Erfahrungsfeld ist eine Ausstellung in Essen-Katernberg auf dem Gel\u00e4nde vor und insbesondere in den R\u00e4umen des F\u00f6rdermaschinen- und Umformergeb\u00e4udes von Schacht 3\/7\/10 der weiter westlich gelegenen Zeche Zollverein.<\/p>\n<h3>Die Zeche Zollverein<\/h3>\n<p>Nach dieser wohl verdienten Kaffeepause ging die Fahrt dann in Richtung Zeche Zollverein, dem eigentlichen Ziel dieser Fahrradtour.<\/p>\n<p>Die Zeche Zollverein war ein von 1851 bis 1986 aktives Steinkohlebergwerk in Essen. Sie ist heute ein Architektur- und Industriedenkmal. Gemeinsam mit der unmittelbar benachbarten Kokerei Zollverein geh\u00f6ren die Schachtanlagen 12 und 1\/2\/8 der Zeche seit 2001 zum Welterbe der UNESCO.<\/p>\n<div id='gallery-3' class='gallery galleryid-7690 gallery-columns-3 gallery-size-thumbnail'><figure class='gallery-item'>\n\t\t\t<div class='gallery-icon landscape'>\n\t\t\t\t<a href=\"https:\/\/unser-quartier.de\/roehlinghausen\/2018\/04\/zwar-gruppe-radfahren\/zwar-radfahren-15\/#main\" data-wpel-link=\"internal\"><img loading=\"lazy\" decoding=\"async\" width=\"150\" height=\"113\" src=\"https:\/\/unser-quartier.de\/roehlinghausen\/files\/2018\/04\/ZWAR-Radfahren-15-150x113.jpg\" class=\"attachment-thumbnail size-thumbnail\" alt=\"Fahrradtour\" aria-describedby=\"gallery-3-7710\" srcset=\"https:\/\/unser-quartier.de\/roehlinghausen\/files\/2018\/04\/ZWAR-Radfahren-15-150x113.jpg 150w, https:\/\/unser-quartier.de\/roehlinghausen\/files\/2018\/04\/ZWAR-Radfahren-15-300x225.jpg 300w, https:\/\/unser-quartier.de\/roehlinghausen\/files\/2018\/04\/ZWAR-Radfahren-15.jpg 640w\" sizes=\"auto, (max-width: 150px) 100vw, 150px\" \/><\/a>\n\t\t\t<\/div>\n\t\t\t\t<figcaption class='wp-caption-text gallery-caption' id='gallery-3-7710'>\n\t\t\t\twohin?\n\t\t\t\t<\/figcaption><\/figure><figure class='gallery-item'>\n\t\t\t<div class='gallery-icon landscape'>\n\t\t\t\t<a href=\"https:\/\/unser-quartier.de\/roehlinghausen\/2018\/04\/zwar-gruppe-radfahren\/zwar-radfahren-16\/#main\" data-wpel-link=\"internal\"><img loading=\"lazy\" decoding=\"async\" width=\"150\" height=\"113\" src=\"https:\/\/unser-quartier.de\/roehlinghausen\/files\/2018\/04\/ZWAR-Radfahren-16-150x113.jpg\" class=\"attachment-thumbnail size-thumbnail\" alt=\"Fahrradtour\" aria-describedby=\"gallery-3-7711\" srcset=\"https:\/\/unser-quartier.de\/roehlinghausen\/files\/2018\/04\/ZWAR-Radfahren-16-150x113.jpg 150w, https:\/\/unser-quartier.de\/roehlinghausen\/files\/2018\/04\/ZWAR-Radfahren-16-300x225.jpg 300w, https:\/\/unser-quartier.de\/roehlinghausen\/files\/2018\/04\/ZWAR-Radfahren-16.jpg 640w\" sizes=\"auto, (max-width: 150px) 100vw, 150px\" \/><\/a>\n\t\t\t<\/div>\n\t\t\t\t<figcaption class='wp-caption-text gallery-caption' id='gallery-3-7711'>\n\t\t\t\t&#8230;zur Zeche Zollverein\n\t\t\t\t<\/figcaption><\/figure><figure class='gallery-item'>\n\t\t\t<div class='gallery-icon landscape'>\n\t\t\t\t<a href=\"https:\/\/unser-quartier.de\/roehlinghausen\/2018\/04\/zwar-gruppe-radfahren\/zwar-radfahren-17\/#main\" data-wpel-link=\"internal\"><img loading=\"lazy\" decoding=\"async\" width=\"150\" height=\"113\" src=\"https:\/\/unser-quartier.de\/roehlinghausen\/files\/2018\/04\/ZWAR-Radfahren-17-150x113.jpg\" class=\"attachment-thumbnail size-thumbnail\" alt=\"Fahrradtour\" aria-describedby=\"gallery-3-7712\" srcset=\"https:\/\/unser-quartier.de\/roehlinghausen\/files\/2018\/04\/ZWAR-Radfahren-17-150x113.jpg 150w, https:\/\/unser-quartier.de\/roehlinghausen\/files\/2018\/04\/ZWAR-Radfahren-17-300x225.jpg 300w, https:\/\/unser-quartier.de\/roehlinghausen\/files\/2018\/04\/ZWAR-Radfahren-17.jpg 640w\" sizes=\"auto, (max-width: 150px) 100vw, 150px\" \/><\/a>\n\t\t\t<\/div>\n\t\t\t\t<figcaption class='wp-caption-text gallery-caption' id='gallery-3-7712'>\n\t\t\t\t&#8230; na dann los\n\t\t\t\t<\/figcaption><\/figure>\n\t\t<\/div>\n\n<p>Gegen 12.30 Uhr wurde gut gelaunt mit tollen Eindr\u00fccken und neuen Ideen die Heimfahrt angetreten.<\/p>\n<div id='gallery-4' class='gallery galleryid-7690 gallery-columns-3 gallery-size-thumbnail'><figure class='gallery-item'>\n\t\t\t<div class='gallery-icon portrait'>\n\t\t\t\t<a href=\"https:\/\/unser-quartier.de\/roehlinghausen\/2018\/04\/zwar-gruppe-radfahren\/zwar-radfahren-18-1\/#main\" data-wpel-link=\"internal\"><img loading=\"lazy\" decoding=\"async\" width=\"150\" height=\"150\" src=\"https:\/\/unser-quartier.de\/roehlinghausen\/files\/2018\/04\/ZWAR-Radfahren-18-1-150x150.jpg\" class=\"attachment-thumbnail size-thumbnail\" alt=\"Fahrradtour\" aria-describedby=\"gallery-4-7714\" srcset=\"https:\/\/unser-quartier.de\/roehlinghausen\/files\/2018\/04\/ZWAR-Radfahren-18-1-150x150.jpg 150w, https:\/\/unser-quartier.de\/roehlinghausen\/files\/2018\/04\/ZWAR-Radfahren-18-1-300x301.jpg 300w, https:\/\/unser-quartier.de\/roehlinghausen\/files\/2018\/04\/ZWAR-Radfahren-18-1.jpg 479w\" sizes=\"auto, (max-width: 150px) 100vw, 150px\" \/><\/a>\n\t\t\t<\/div>\n\t\t\t\t<figcaption class='wp-caption-text gallery-caption' id='gallery-4-7714'>\n\t\t\t\tvorne weg&#8230;\n\t\t\t\t<\/figcaption><\/figure><figure class='gallery-item'>\n\t\t\t<div class='gallery-icon portrait'>\n\t\t\t\t<a href=\"https:\/\/unser-quartier.de\/roehlinghausen\/2018\/04\/zwar-gruppe-radfahren\/zwar-radfahren-19-1\/#main\" data-wpel-link=\"internal\"><img loading=\"lazy\" decoding=\"async\" width=\"150\" height=\"150\" src=\"https:\/\/unser-quartier.de\/roehlinghausen\/files\/2018\/04\/ZWAR-Radfahren-19-1-150x150.jpg\" class=\"attachment-thumbnail size-thumbnail\" alt=\"Fahrradtour\" aria-describedby=\"gallery-4-7715\" srcset=\"https:\/\/unser-quartier.de\/roehlinghausen\/files\/2018\/04\/ZWAR-Radfahren-19-1-150x150.jpg 150w, https:\/\/unser-quartier.de\/roehlinghausen\/files\/2018\/04\/ZWAR-Radfahren-19-1-300x301.jpg 300w, https:\/\/unser-quartier.de\/roehlinghausen\/files\/2018\/04\/ZWAR-Radfahren-19-1.jpg 479w\" sizes=\"auto, (max-width: 150px) 100vw, 150px\" \/><\/a>\n\t\t\t<\/div>\n\t\t\t\t<figcaption class='wp-caption-text gallery-caption' id='gallery-4-7715'>\n\t\t\t\t&#8230; kommen alle mit?\n\t\t\t\t<\/figcaption><\/figure><figure class='gallery-item'>\n\t\t\t<div class='gallery-icon portrait'>\n\t\t\t\t<a href=\"https:\/\/unser-quartier.de\/roehlinghausen\/2018\/04\/zwar-gruppe-radfahren\/zwar-radfahren-20-1\/#main\" data-wpel-link=\"internal\"><img loading=\"lazy\" decoding=\"async\" width=\"150\" height=\"150\" src=\"https:\/\/unser-quartier.de\/roehlinghausen\/files\/2018\/04\/ZWAR-Radfahren-20-1-150x150.jpg\" class=\"attachment-thumbnail size-thumbnail\" alt=\"Fahrradtour\" aria-describedby=\"gallery-4-7716\" srcset=\"https:\/\/unser-quartier.de\/roehlinghausen\/files\/2018\/04\/ZWAR-Radfahren-20-1-150x150.jpg 150w, https:\/\/unser-quartier.de\/roehlinghausen\/files\/2018\/04\/ZWAR-Radfahren-20-1-300x301.jpg 300w, https:\/\/unser-quartier.de\/roehlinghausen\/files\/2018\/04\/ZWAR-Radfahren-20-1.jpg 479w\" sizes=\"auto, (max-width: 150px) 100vw, 150px\" \/><\/a>\n\t\t\t<\/div>\n\t\t\t\t<figcaption class='wp-caption-text gallery-caption' id='gallery-4-7716'>\n\t\t\t\tdie Strecke genie\u00dfen\n\t\t\t\t<\/figcaption><\/figure><figure class='gallery-item'>\n\t\t\t<div class='gallery-icon portrait'>\n\t\t\t\t<a href=\"https:\/\/unser-quartier.de\/roehlinghausen\/2018\/04\/zwar-gruppe-radfahren\/zwar-radfahren-21-1\/#main\" data-wpel-link=\"internal\"><img loading=\"lazy\" decoding=\"async\" width=\"150\" height=\"150\" src=\"https:\/\/unser-quartier.de\/roehlinghausen\/files\/2018\/04\/ZWAR-Radfahren-21-1-150x150.jpg\" class=\"attachment-thumbnail size-thumbnail\" alt=\"Fahrradtour\" aria-describedby=\"gallery-4-7717\" srcset=\"https:\/\/unser-quartier.de\/roehlinghausen\/files\/2018\/04\/ZWAR-Radfahren-21-1-150x150.jpg 150w, https:\/\/unser-quartier.de\/roehlinghausen\/files\/2018\/04\/ZWAR-Radfahren-21-1-300x301.jpg 300w, https:\/\/unser-quartier.de\/roehlinghausen\/files\/2018\/04\/ZWAR-Radfahren-21-1.jpg 479w\" sizes=\"auto, (max-width: 150px) 100vw, 150px\" \/><\/a>\n\t\t\t<\/div>\n\t\t\t\t<figcaption class='wp-caption-text gallery-caption' id='gallery-4-7717'>\n\t\t\t\tgem\u00fctlich radeln&#8230;\n\t\t\t\t<\/figcaption><\/figure><figure class='gallery-item'>\n\t\t\t<div class='gallery-icon portrait'>\n\t\t\t\t<a href=\"https:\/\/unser-quartier.de\/roehlinghausen\/2018\/04\/zwar-gruppe-radfahren\/zwar-radfahren-23-1\/#main\" data-wpel-link=\"internal\"><img loading=\"lazy\" decoding=\"async\" width=\"150\" height=\"150\" src=\"https:\/\/unser-quartier.de\/roehlinghausen\/files\/2018\/04\/ZWAR-Radfahren-23-1-150x150.jpg\" class=\"attachment-thumbnail size-thumbnail\" alt=\"Fahrradtour\" aria-describedby=\"gallery-4-7719\" srcset=\"https:\/\/unser-quartier.de\/roehlinghausen\/files\/2018\/04\/ZWAR-Radfahren-23-1-150x150.jpg 150w, https:\/\/unser-quartier.de\/roehlinghausen\/files\/2018\/04\/ZWAR-Radfahren-23-1-300x301.jpg 300w, https:\/\/unser-quartier.de\/roehlinghausen\/files\/2018\/04\/ZWAR-Radfahren-23-1.jpg 479w\" sizes=\"auto, (max-width: 150px) 100vw, 150px\" \/><\/a>\n\t\t\t<\/div>\n\t\t\t\t<figcaption class='wp-caption-text gallery-caption' id='gallery-4-7719'>\n\t\t\t\tein L\u00e4cheln f\u00fcr den Fotografen\n\t\t\t\t<\/figcaption><\/figure><figure class='gallery-item'>\n\t\t\t<div class='gallery-icon portrait'>\n\t\t\t\t<a href=\"https:\/\/unser-quartier.de\/roehlinghausen\/2018\/04\/zwar-gruppe-radfahren\/zwar-radfahren-24-1\/#main\" data-wpel-link=\"internal\"><img loading=\"lazy\" decoding=\"async\" width=\"150\" height=\"150\" src=\"https:\/\/unser-quartier.de\/roehlinghausen\/files\/2018\/04\/ZWAR-Radfahren-24-1-150x150.jpg\" class=\"attachment-thumbnail size-thumbnail\" alt=\"Fahrradtour\" aria-describedby=\"gallery-4-7720\" srcset=\"https:\/\/unser-quartier.de\/roehlinghausen\/files\/2018\/04\/ZWAR-Radfahren-24-1-150x150.jpg 150w, https:\/\/unser-quartier.de\/roehlinghausen\/files\/2018\/04\/ZWAR-Radfahren-24-1-300x301.jpg 300w, https:\/\/unser-quartier.de\/roehlinghausen\/files\/2018\/04\/ZWAR-Radfahren-24-1.jpg 479w\" sizes=\"auto, (max-width: 150px) 100vw, 150px\" \/><\/a>\n\t\t\t<\/div>\n\t\t\t\t<figcaption class='wp-caption-text gallery-caption' id='gallery-4-7720'>\n\t\t\t\tist die Gruppe komplett?\n\t\t\t\t<\/figcaption><\/figure><figure class='gallery-item'>\n\t\t\t<div class='gallery-icon portrait'>\n\t\t\t\t<a href=\"https:\/\/unser-quartier.de\/roehlinghausen\/2018\/04\/zwar-gruppe-radfahren\/zwar-radfahren-22-1\/#main\" data-wpel-link=\"internal\"><img loading=\"lazy\" decoding=\"async\" width=\"150\" height=\"150\" src=\"https:\/\/unser-quartier.de\/roehlinghausen\/files\/2018\/04\/ZWAR-Radfahren-22-1-150x150.jpg\" class=\"attachment-thumbnail size-thumbnail\" alt=\"Fahrradtour\" aria-describedby=\"gallery-4-7718\" srcset=\"https:\/\/unser-quartier.de\/roehlinghausen\/files\/2018\/04\/ZWAR-Radfahren-22-1-150x150.jpg 150w, https:\/\/unser-quartier.de\/roehlinghausen\/files\/2018\/04\/ZWAR-Radfahren-22-1-300x301.jpg 300w, https:\/\/unser-quartier.de\/roehlinghausen\/files\/2018\/04\/ZWAR-Radfahren-22-1.jpg 479w\" sizes=\"auto, (max-width: 150px) 100vw, 150px\" \/><\/a>\n\t\t\t<\/div>\n\t\t\t\t<figcaption class='wp-caption-text gallery-caption' id='gallery-4-7718'>\n\t\t\t\tschnell aufschlie\u00dfen\n\t\t\t\t<\/figcaption><\/figure><figure class='gallery-item'>\n\t\t\t<div class='gallery-icon portrait'>\n\t\t\t\t<a href=\"https:\/\/unser-quartier.de\/roehlinghausen\/2018\/04\/zwar-gruppe-radfahren\/zwar-radfahren-25-1\/#main\" data-wpel-link=\"internal\"><img loading=\"lazy\" decoding=\"async\" width=\"150\" height=\"150\" src=\"https:\/\/unser-quartier.de\/roehlinghausen\/files\/2018\/04\/ZWAR-Radfahren-25-1-150x150.jpg\" class=\"attachment-thumbnail size-thumbnail\" alt=\"Fahrradtour\" aria-describedby=\"gallery-4-7721\" srcset=\"https:\/\/unser-quartier.de\/roehlinghausen\/files\/2018\/04\/ZWAR-Radfahren-25-1-150x150.jpg 150w, https:\/\/unser-quartier.de\/roehlinghausen\/files\/2018\/04\/ZWAR-Radfahren-25-1-300x301.jpg 300w, https:\/\/unser-quartier.de\/roehlinghausen\/files\/2018\/04\/ZWAR-Radfahren-25-1.jpg 479w\" sizes=\"auto, (max-width: 150px) 100vw, 150px\" \/><\/a>\n\t\t\t<\/div>\n\t\t\t\t<figcaption class='wp-caption-text gallery-caption' id='gallery-4-7721'>\n\t\t\t\tbei sch\u00f6nem Wetter\n\t\t\t\t<\/figcaption><\/figure><figure class='gallery-item'>\n\t\t\t<div class='gallery-icon portrait'>\n\t\t\t\t<a href=\"https:\/\/unser-quartier.de\/roehlinghausen\/2018\/04\/zwar-gruppe-radfahren\/zwar-radfahren-26-1\/#main\" data-wpel-link=\"internal\"><img loading=\"lazy\" decoding=\"async\" width=\"150\" height=\"150\" src=\"https:\/\/unser-quartier.de\/roehlinghausen\/files\/2018\/04\/ZWAR-Radfahren-26-1-150x150.jpg\" class=\"attachment-thumbnail size-thumbnail\" alt=\"Fahrradtour\" aria-describedby=\"gallery-4-7722\" srcset=\"https:\/\/unser-quartier.de\/roehlinghausen\/files\/2018\/04\/ZWAR-Radfahren-26-1-150x150.jpg 150w, https:\/\/unser-quartier.de\/roehlinghausen\/files\/2018\/04\/ZWAR-Radfahren-26-1-300x301.jpg 300w, https:\/\/unser-quartier.de\/roehlinghausen\/files\/2018\/04\/ZWAR-Radfahren-26-1.jpg 479w\" sizes=\"auto, (max-width: 150px) 100vw, 150px\" \/><\/a>\n\t\t\t<\/div>\n\t\t\t\t<figcaption class='wp-caption-text gallery-caption' id='gallery-4-7722'>\n\t\t\t\twir machen den Schlu\u00df\n\t\t\t\t<\/figcaption><\/figure>\n\t\t<\/div>\n\n<h3>Rast und Ausklang beim Wolpadinger<\/h3>\n<p>Die Tour durfte aber nicht zu Ende gehen, ohne eine ausgiebige Rast einzulegen. Die knuffige Kneipe Wolperding in Essen mit dem einladenden Biergarten war genau das Richtige.<\/p>\n<p>Schnell wurden die Tische zusammenger\u00fcckt und mit k\u00fchlenden Getr\u00e4nken konnten alle bei bester Stimmung, vielleicht der Eine oder Andere ein wenig m\u00fcde, die Bekanntschaften vertiefen.<\/p>\n<div id='gallery-5' class='gallery galleryid-7690 gallery-columns-4 gallery-size-thumbnail'><figure class='gallery-item'>\n\t\t\t<div class='gallery-icon landscape'>\n\t\t\t\t<a href=\"https:\/\/unser-quartier.de\/roehlinghausen\/2018\/04\/zwar-gruppe-radfahren\/wolperdinger\/#main\" data-wpel-link=\"internal\"><img loading=\"lazy\" decoding=\"async\" width=\"150\" height=\"150\" src=\"https:\/\/unser-quartier.de\/roehlinghausen\/files\/2018\/04\/Wolperdinger-150x150.jpg\" class=\"attachment-thumbnail size-thumbnail\" alt=\"Traditionskneipe\" aria-describedby=\"gallery-5-8482\" srcset=\"https:\/\/unser-quartier.de\/roehlinghausen\/files\/2018\/04\/Wolperdinger-150x150.jpg 150w, https:\/\/unser-quartier.de\/roehlinghausen\/files\/2018\/04\/Wolperdinger-300x300.jpg 300w, https:\/\/unser-quartier.de\/roehlinghausen\/files\/2018\/04\/Wolperdinger.jpg 451w\" sizes=\"auto, (max-width: 150px) 100vw, 150px\" \/><\/a>\n\t\t\t<\/div>\n\t\t\t\t<figcaption class='wp-caption-text gallery-caption' id='gallery-5-8482'>\n\t\t\t\t&#8230;gem\u00fctliche Kneipe\n\t\t\t\t<\/figcaption><\/figure><figure class='gallery-item'>\n\t\t\t<div class='gallery-icon landscape'>\n\t\t\t\t<a href=\"https:\/\/unser-quartier.de\/roehlinghausen\/2018\/04\/zwar-gruppe-radfahren\/zwar-radfahren-41\/#main\" data-wpel-link=\"internal\"><img loading=\"lazy\" decoding=\"async\" width=\"150\" height=\"113\" src=\"https:\/\/unser-quartier.de\/roehlinghausen\/files\/2018\/04\/ZWAR-Radfahren-41-150x113.jpg\" class=\"attachment-thumbnail size-thumbnail\" alt=\"Fahrradtour\" aria-describedby=\"gallery-5-7733\" srcset=\"https:\/\/unser-quartier.de\/roehlinghausen\/files\/2018\/04\/ZWAR-Radfahren-41-150x113.jpg 150w, https:\/\/unser-quartier.de\/roehlinghausen\/files\/2018\/04\/ZWAR-Radfahren-41-300x225.jpg 300w, https:\/\/unser-quartier.de\/roehlinghausen\/files\/2018\/04\/ZWAR-Radfahren-41.jpg 640w\" sizes=\"auto, (max-width: 150px) 100vw, 150px\" \/><\/a>\n\t\t\t<\/div>\n\t\t\t\t<figcaption class='wp-caption-text gallery-caption' id='gallery-5-7733'>\n\t\t\t\t&#8230; im Biergarten\n\t\t\t\t<\/figcaption><\/figure><figure class='gallery-item'>\n\t\t\t<div class='gallery-icon landscape'>\n\t\t\t\t<a href=\"https:\/\/unser-quartier.de\/roehlinghausen\/2018\/04\/zwar-gruppe-radfahren\/zwar-radfahren-32\/#main\" data-wpel-link=\"internal\"><img loading=\"lazy\" decoding=\"async\" width=\"150\" height=\"113\" src=\"https:\/\/unser-quartier.de\/roehlinghausen\/files\/2018\/04\/ZWAR-Radfahren-32-150x113.jpg\" class=\"attachment-thumbnail size-thumbnail\" alt=\"Fahrradtour\" aria-describedby=\"gallery-5-7727\" srcset=\"https:\/\/unser-quartier.de\/roehlinghausen\/files\/2018\/04\/ZWAR-Radfahren-32-150x113.jpg 150w, https:\/\/unser-quartier.de\/roehlinghausen\/files\/2018\/04\/ZWAR-Radfahren-32-300x225.jpg 300w, https:\/\/unser-quartier.de\/roehlinghausen\/files\/2018\/04\/ZWAR-Radfahren-32.jpg 640w\" sizes=\"auto, (max-width: 150px) 100vw, 150px\" \/><\/a>\n\t\t\t<\/div>\n\t\t\t\t<figcaption class='wp-caption-text gallery-caption' id='gallery-5-7727'>\n\t\t\t\t&#8230; was trinken wir?\n\t\t\t\t<\/figcaption><\/figure><figure class='gallery-item'>\n\t\t\t<div class='gallery-icon landscape'>\n\t\t\t\t<a href=\"https:\/\/unser-quartier.de\/roehlinghausen\/2018\/04\/zwar-gruppe-radfahren\/zwar-radfahren-31\/#main\" data-wpel-link=\"internal\"><img loading=\"lazy\" decoding=\"async\" width=\"150\" height=\"113\" src=\"https:\/\/unser-quartier.de\/roehlinghausen\/files\/2018\/04\/ZWAR-Radfahren-31-150x113.jpg\" class=\"attachment-thumbnail size-thumbnail\" alt=\"Fahrradtour\" aria-describedby=\"gallery-5-7726\" srcset=\"https:\/\/unser-quartier.de\/roehlinghausen\/files\/2018\/04\/ZWAR-Radfahren-31-150x113.jpg 150w, https:\/\/unser-quartier.de\/roehlinghausen\/files\/2018\/04\/ZWAR-Radfahren-31-300x225.jpg 300w, https:\/\/unser-quartier.de\/roehlinghausen\/files\/2018\/04\/ZWAR-Radfahren-31.jpg 640w\" sizes=\"auto, (max-width: 150px) 100vw, 150px\" \/><\/a>\n\t\t\t<\/div>\n\t\t\t\t<figcaption class='wp-caption-text gallery-caption' id='gallery-5-7726'>\n\t\t\t\t&#8230; sch\u00f6n ist es hier\n\t\t\t\t<\/figcaption><\/figure><figure class='gallery-item'>\n\t\t\t<div class='gallery-icon landscape'>\n\t\t\t\t<a href=\"https:\/\/unser-quartier.de\/roehlinghausen\/2018\/04\/zwar-gruppe-radfahren\/zwar-radfahren-37\/#main\" data-wpel-link=\"internal\"><img loading=\"lazy\" decoding=\"async\" width=\"150\" height=\"113\" src=\"https:\/\/unser-quartier.de\/roehlinghausen\/files\/2018\/04\/ZWAR-Radfahren-37-150x113.jpg\" class=\"attachment-thumbnail size-thumbnail\" alt=\"Fahrradtour\" aria-describedby=\"gallery-5-7731\" srcset=\"https:\/\/unser-quartier.de\/roehlinghausen\/files\/2018\/04\/ZWAR-Radfahren-37-150x113.jpg 150w, https:\/\/unser-quartier.de\/roehlinghausen\/files\/2018\/04\/ZWAR-Radfahren-37-300x225.jpg 300w, https:\/\/unser-quartier.de\/roehlinghausen\/files\/2018\/04\/ZWAR-Radfahren-37.jpg 640w\" sizes=\"auto, (max-width: 150px) 100vw, 150px\" \/><\/a>\n\t\t\t<\/div>\n\t\t\t\t<figcaption class='wp-caption-text gallery-caption' id='gallery-5-7731'>\n\t\t\t\tschon ein Getr\u00e4nk ausgesucht?\n\t\t\t\t<\/figcaption><\/figure><figure class='gallery-item'>\n\t\t\t<div class='gallery-icon landscape'>\n\t\t\t\t<a href=\"https:\/\/unser-quartier.de\/roehlinghausen\/2018\/04\/zwar-gruppe-radfahren\/zwar-radfahren-36\/#main\" data-wpel-link=\"internal\"><img loading=\"lazy\" decoding=\"async\" width=\"150\" height=\"113\" src=\"https:\/\/unser-quartier.de\/roehlinghausen\/files\/2018\/04\/ZWAR-Radfahren-36-150x113.jpg\" class=\"attachment-thumbnail size-thumbnail\" alt=\"Fahrradtour\" aria-describedby=\"gallery-5-7730\" srcset=\"https:\/\/unser-quartier.de\/roehlinghausen\/files\/2018\/04\/ZWAR-Radfahren-36-150x113.jpg 150w, https:\/\/unser-quartier.de\/roehlinghausen\/files\/2018\/04\/ZWAR-Radfahren-36-300x225.jpg 300w, https:\/\/unser-quartier.de\/roehlinghausen\/files\/2018\/04\/ZWAR-Radfahren-36.jpg 640w\" sizes=\"auto, (max-width: 150px) 100vw, 150px\" \/><\/a>\n\t\t\t<\/div>\n\t\t\t\t<figcaption class='wp-caption-text gallery-caption' id='gallery-5-7730'>\n\t\t\t\t&#8230; alle Fotos im Kasten?\n\t\t\t\t<\/figcaption><\/figure><figure class='gallery-item'>\n\t\t\t<div class='gallery-icon landscape'>\n\t\t\t\t<a href=\"https:\/\/unser-quartier.de\/roehlinghausen\/2018\/04\/zwar-gruppe-radfahren\/zwar-radfahren-40\/#main\" data-wpel-link=\"internal\"><img loading=\"lazy\" decoding=\"async\" width=\"150\" height=\"113\" src=\"https:\/\/unser-quartier.de\/roehlinghausen\/files\/2018\/04\/ZWAR-Radfahren-40-150x113.jpg\" class=\"attachment-thumbnail size-thumbnail\" alt=\"Fahrradtour\" aria-describedby=\"gallery-5-7732\" srcset=\"https:\/\/unser-quartier.de\/roehlinghausen\/files\/2018\/04\/ZWAR-Radfahren-40-150x113.jpg 150w, https:\/\/unser-quartier.de\/roehlinghausen\/files\/2018\/04\/ZWAR-Radfahren-40-300x225.jpg 300w, https:\/\/unser-quartier.de\/roehlinghausen\/files\/2018\/04\/ZWAR-Radfahren-40.jpg 640w\" sizes=\"auto, (max-width: 150px) 100vw, 150px\" \/><\/a>\n\t\t\t<\/div>\n\t\t\t\t<figcaption class='wp-caption-text gallery-caption' id='gallery-5-7732'>\n\t\t\t\tgem\u00fctliche Runde\n\t\t\t\t<\/figcaption><\/figure><figure class='gallery-item'>\n\t\t\t<div class='gallery-icon landscape'>\n\t\t\t\t<a href=\"https:\/\/unser-quartier.de\/roehlinghausen\/2018\/04\/zwar-gruppe-radfahren\/zwar-radfahren-42\/#main\" data-wpel-link=\"internal\"><img loading=\"lazy\" decoding=\"async\" width=\"150\" height=\"113\" src=\"https:\/\/unser-quartier.de\/roehlinghausen\/files\/2018\/04\/ZWAR-Radfahren-42-150x113.jpg\" class=\"attachment-thumbnail size-thumbnail\" alt=\"Fahrradtour\" aria-describedby=\"gallery-5-7734\" srcset=\"https:\/\/unser-quartier.de\/roehlinghausen\/files\/2018\/04\/ZWAR-Radfahren-42-150x113.jpg 150w, https:\/\/unser-quartier.de\/roehlinghausen\/files\/2018\/04\/ZWAR-Radfahren-42-300x225.jpg 300w, https:\/\/unser-quartier.de\/roehlinghausen\/files\/2018\/04\/ZWAR-Radfahren-42.jpg 640w\" sizes=\"auto, (max-width: 150px) 100vw, 150px\" \/><\/a>\n\t\t\t<\/div>\n\t\t\t\t<figcaption class='wp-caption-text gallery-caption' id='gallery-5-7734'>\n\t\t\t\tna dann, Prost\n\t\t\t\t<\/figcaption><\/figure><figure class='gallery-item'>\n\t\t\t<div class='gallery-icon landscape'>\n\t\t\t\t<a href=\"https:\/\/unser-quartier.de\/roehlinghausen\/2018\/04\/zwar-gruppe-radfahren\/zwar-radfahren-45\/#main\" data-wpel-link=\"internal\"><img loading=\"lazy\" decoding=\"async\" width=\"150\" height=\"113\" src=\"https:\/\/unser-quartier.de\/roehlinghausen\/files\/2018\/04\/ZWAR-Radfahren-45-150x113.jpg\" class=\"attachment-thumbnail size-thumbnail\" alt=\"Fahrradtour\" aria-describedby=\"gallery-5-7735\" srcset=\"https:\/\/unser-quartier.de\/roehlinghausen\/files\/2018\/04\/ZWAR-Radfahren-45-150x113.jpg 150w, https:\/\/unser-quartier.de\/roehlinghausen\/files\/2018\/04\/ZWAR-Radfahren-45-300x225.jpg 300w, https:\/\/unser-quartier.de\/roehlinghausen\/files\/2018\/04\/ZWAR-Radfahren-45.jpg 640w\" sizes=\"auto, (max-width: 150px) 100vw, 150px\" \/><\/a>\n\t\t\t<\/div>\n\t\t\t\t<figcaption class='wp-caption-text gallery-caption' id='gallery-5-7735'>\n\t\t\t\tes schmeckt&#8230;\n\t\t\t\t<\/figcaption><\/figure><figure class='gallery-item'>\n\t\t\t<div class='gallery-icon landscape'>\n\t\t\t\t<a href=\"https:\/\/unser-quartier.de\/roehlinghausen\/2018\/04\/zwar-gruppe-radfahren\/zwar-radfahren-47\/#main\" data-wpel-link=\"internal\"><img loading=\"lazy\" decoding=\"async\" width=\"150\" height=\"113\" src=\"https:\/\/unser-quartier.de\/roehlinghausen\/files\/2018\/04\/ZWAR-Radfahren-47-150x113.jpg\" class=\"attachment-thumbnail size-thumbnail\" alt=\"Fahrradtour\" aria-describedby=\"gallery-5-7736\" srcset=\"https:\/\/unser-quartier.de\/roehlinghausen\/files\/2018\/04\/ZWAR-Radfahren-47-150x113.jpg 150w, https:\/\/unser-quartier.de\/roehlinghausen\/files\/2018\/04\/ZWAR-Radfahren-47-300x225.jpg 300w, https:\/\/unser-quartier.de\/roehlinghausen\/files\/2018\/04\/ZWAR-Radfahren-47.jpg 640w\" sizes=\"auto, (max-width: 150px) 100vw, 150px\" \/><\/a>\n\t\t\t<\/div>\n\t\t\t\t<figcaption class='wp-caption-text gallery-caption' id='gallery-5-7736'>\n\t\t\t\tsich kennen lernen\n\t\t\t\t<\/figcaption><\/figure><figure class='gallery-item'>\n\t\t\t<div class='gallery-icon landscape'>\n\t\t\t\t<a href=\"https:\/\/unser-quartier.de\/roehlinghausen\/2018\/04\/zwar-gruppe-radfahren\/zwar-radfahren-48\/#main\" data-wpel-link=\"internal\"><img loading=\"lazy\" decoding=\"async\" width=\"150\" height=\"113\" src=\"https:\/\/unser-quartier.de\/roehlinghausen\/files\/2018\/04\/ZWAR-Radfahren-48-150x113.jpg\" class=\"attachment-thumbnail size-thumbnail\" alt=\"Fahrradtour\" aria-describedby=\"gallery-5-7737\" srcset=\"https:\/\/unser-quartier.de\/roehlinghausen\/files\/2018\/04\/ZWAR-Radfahren-48-150x113.jpg 150w, https:\/\/unser-quartier.de\/roehlinghausen\/files\/2018\/04\/ZWAR-Radfahren-48-300x225.jpg 300w, https:\/\/unser-quartier.de\/roehlinghausen\/files\/2018\/04\/ZWAR-Radfahren-48.jpg 640w\" sizes=\"auto, (max-width: 150px) 100vw, 150px\" \/><\/a>\n\t\t\t<\/div>\n\t\t\t\t<figcaption class='wp-caption-text gallery-caption' id='gallery-5-7737'>\n\t\t\t\tKontakte kn\u00fcpfen\n\t\t\t\t<\/figcaption><\/figure><figure class='gallery-item'>\n\t\t\t<div class='gallery-icon landscape'>\n\t\t\t\t<a href=\"https:\/\/unser-quartier.de\/roehlinghausen\/2018\/04\/zwar-gruppe-radfahren\/zwar-radfahren-50\/#main\" data-wpel-link=\"internal\"><img loading=\"lazy\" decoding=\"async\" width=\"150\" height=\"113\" src=\"https:\/\/unser-quartier.de\/roehlinghausen\/files\/2018\/04\/ZWAR-Radfahren-50-150x113.jpg\" class=\"attachment-thumbnail size-thumbnail\" alt=\"Fahrradtour\" aria-describedby=\"gallery-5-7738\" srcset=\"https:\/\/unser-quartier.de\/roehlinghausen\/files\/2018\/04\/ZWAR-Radfahren-50-150x113.jpg 150w, https:\/\/unser-quartier.de\/roehlinghausen\/files\/2018\/04\/ZWAR-Radfahren-50-300x225.jpg 300w, https:\/\/unser-quartier.de\/roehlinghausen\/files\/2018\/04\/ZWAR-Radfahren-50.jpg 640w\" sizes=\"auto, (max-width: 150px) 100vw, 150px\" \/><\/a>\n\t\t\t<\/div>\n\t\t\t\t<figcaption class='wp-caption-text gallery-caption' id='gallery-5-7738'>\n\t\t\t\tNeues planen\n\t\t\t\t<\/figcaption><\/figure>\n\t\t<\/div>\n\n<h3>Zukunftsvision<\/h3>\n<p>Weitere gemeinsame Farradtouren sind geplant. Manche sicher ein bischen in die Zukunft, doch die Spontaneit\u00e4t soll nicht zu kurz kommen. Zeigt sich das Wetter gut gelaunt, wird gefahren!<\/p>\n<p>Also, liebe ZWAR-Gruppe Radfahren, ich bin gespannt!<\/p>\n<p>Und Sie, gesch\u00e4tzte Besucherinnen und Besucher unserer Seite, wollen auch mitmachen?<\/p>\n<p>Kommen sie zum Basisgruppentreffen, DRK Altenhilfezentrum, Bergmannstrasse in R\u00f6hlinghausen und machen sie mit.<br \/>\n<a href=\"https:\/\/unser-quartier.de\/roehlinghausen\/veranstaltungen\/kalenderblatt-farblich\/\" rel=\"nofollow\" data-wpel-link=\"internal\">Hier finden Sie die Termine.<\/a><br \/>\nWir freuen uns auf sie!<\/p>\n","protected":false},"excerpt":{"rendered":"<p>Die erste Tour&#8230; Treffpunkt war vor dem Altenhilfezentrum auf der Bergmannstrasse in R\u00f6hlinghausen. Sehr gut gelaunt und voller Erwartungen starteten am Sonntag<\/p>\n","protected":false},"author":441,"featured_media":7691,"comment_status":"open","ping_status":"closed","sticky":false,"template":"","format":"standard","meta":{"generate_page_header":"","footnotes":""},"categories":[100,192],"tags":[194,193],"class_list":["post-7690","post","type-post","status-publish","format-standard","has-post-thumbnail","hentry","category-quartiersbuero-berichtet","category-zwar-netzwerk","tag-radfahren","tag-zwar-gruppe"],"_links":{"self":[{"href":"https:\/\/unser-quartier.de\/roehlinghausen\/wp-json\/wp\/v2\/posts\/7690","targetHints":{"allow":["GET"]}}],"collection":[{"href":"https:\/\/unser-quartier.de\/roehlinghausen\/wp-json\/wp\/v2\/posts"}],"about":[{"href":"https:\/\/unser-quartier.de\/roehlinghausen\/wp-json\/wp\/v2\/types\/post"}],"author":[{"embeddable":true,"href":"https:\/\/unser-quartier.de\/roehlinghausen\/wp-json\/wp\/v2\/users\/441"}],"replies":[{"embeddable":true,"href":"https:\/\/unser-quartier.de\/roehlinghausen\/wp-json\/wp\/v2\/comments?post=7690"}],"version-history":[{"count":2,"href":"https:\/\/unser-quartier.de\/roehlinghausen\/wp-json\/wp\/v2\/posts\/7690\/revisions"}],"predecessor-version":[{"id":29136,"href":"https:\/\/unser-quartier.de\/roehlinghausen\/wp-json\/wp\/v2\/posts\/7690\/revisions\/29136"}],"wp:featuredmedia":[{"embeddable":true,"href":"https:\/\/unser-quartier.de\/roehlinghausen\/wp-json\/wp\/v2\/media\/7691"}],"wp:attachment":[{"href":"https:\/\/unser-quartier.de\/roehlinghausen\/wp-json\/wp\/v2\/media?parent=7690"}],"wp:term":[{"taxonomy":"category","embeddable":true,"href":"https:\/\/unser-quartier.de\/roehlinghausen\/wp-json\/wp\/v2\/categories?post=7690"},{"taxonomy":"post_tag","embeddable":true,"href":"https:\/\/unser-quartier.de\/roehlinghausen\/wp-json\/wp\/v2\/tags?post=7690"}],"curies":[{"name":"wp","href":"https:\/\/api.w.org\/{rel}","templated":true}]}}