{"id":7816,"date":"2018-04-16T07:12:44","date_gmt":"2018-04-16T05:12:44","guid":{"rendered":"https:\/\/unser-quartier.de\/roehlinghausen\/?p=7816"},"modified":"2025-03-01T22:08:59","modified_gmt":"2025-03-01T21:08:59","slug":"zwar-gruppe-wandern","status":"publish","type":"post","link":"https:\/\/unser-quartier.de\/roehlinghausen\/2018\/04\/zwar-gruppe-wandern\/","title":{"rendered":"ZWAR Gruppe Wandern"},"content":{"rendered":"<h2>Eine Teilnehmerin erz\u00e4hlt&#8230;<\/h2>\n<p>Wir, die neu gegr\u00fcndete ZWAR-Wandergruppe, trafen uns am Samstag, 14.04.18, um 14 Uhr vor dem Ewaldcaf\u00e9 in Herten zur ersten Wandertour und <!--more-->spazierten bei ma\u00dfvollem Tempo, eine Strecke von 4,5 km bei Sonnenschein, netten Gespr\u00e4chen zum Kennenlernen und begeistertem Eindruck der sich entwickelnden Natur, rund um den Ewaldsee in Herten.<\/p>\n<div id='gallery-1' class='gallery galleryid-7816 gallery-columns-4 gallery-size-thumbnail'><figure class='gallery-item'>\n\t\t\t<div class='gallery-icon landscape'>\n\t\t\t\t<a href=\"https:\/\/unser-quartier.de\/roehlinghausen\/2018\/04\/zwar-gruppe-wandern\/zwar-wandern-1\/#main\" data-wpel-link=\"internal\"><img loading=\"lazy\" decoding=\"async\" width=\"150\" height=\"113\" src=\"https:\/\/unser-quartier.de\/roehlinghausen\/files\/2018\/04\/ZWAR-Wandern-1-150x113.jpg\" class=\"attachment-thumbnail size-thumbnail\" alt=\"Wandern\" aria-describedby=\"gallery-1-7819\" srcset=\"https:\/\/unser-quartier.de\/roehlinghausen\/files\/2018\/04\/ZWAR-Wandern-1-150x113.jpg 150w, https:\/\/unser-quartier.de\/roehlinghausen\/files\/2018\/04\/ZWAR-Wandern-1-300x225.jpg 300w, https:\/\/unser-quartier.de\/roehlinghausen\/files\/2018\/04\/ZWAR-Wandern-1-768x576.jpg 768w, https:\/\/unser-quartier.de\/roehlinghausen\/files\/2018\/04\/ZWAR-Wandern-1.jpg 1024w\" sizes=\"auto, (max-width: 150px) 100vw, 150px\" \/><\/a>\n\t\t\t<\/div>\n\t\t\t\t<figcaption class='wp-caption-text gallery-caption' id='gallery-1-7819'>\n\t\t\t\tlos geht`s&#8230;\n\t\t\t\t<\/figcaption><\/figure><figure class='gallery-item'>\n\t\t\t<div class='gallery-icon landscape'>\n\t\t\t\t<a href=\"https:\/\/unser-quartier.de\/roehlinghausen\/2018\/04\/zwar-gruppe-wandern\/zwar-wandern-3\/#main\" data-wpel-link=\"internal\"><img loading=\"lazy\" decoding=\"async\" width=\"150\" height=\"113\" src=\"https:\/\/unser-quartier.de\/roehlinghausen\/files\/2018\/04\/ZWAR-Wandern-3-150x113.jpg\" class=\"attachment-thumbnail size-thumbnail\" alt=\"Wandern\" aria-describedby=\"gallery-1-7821\" srcset=\"https:\/\/unser-quartier.de\/roehlinghausen\/files\/2018\/04\/ZWAR-Wandern-3-150x113.jpg 150w, https:\/\/unser-quartier.de\/roehlinghausen\/files\/2018\/04\/ZWAR-Wandern-3-300x225.jpg 300w, https:\/\/unser-quartier.de\/roehlinghausen\/files\/2018\/04\/ZWAR-Wandern-3-768x576.jpg 768w, https:\/\/unser-quartier.de\/roehlinghausen\/files\/2018\/04\/ZWAR-Wandern-3.jpg 1024w\" sizes=\"auto, (max-width: 150px) 100vw, 150px\" \/><\/a>\n\t\t\t<\/div>\n\t\t\t\t<figcaption class='wp-caption-text gallery-caption' id='gallery-1-7821'>\n\t\t\t\tschnell noch ein Gruppenfoto&#8230;\n\t\t\t\t<\/figcaption><\/figure><figure class='gallery-item'>\n\t\t\t<div class='gallery-icon landscape'>\n\t\t\t\t<a href=\"https:\/\/unser-quartier.de\/roehlinghausen\/2018\/04\/zwar-gruppe-wandern\/zwar-wandern-9\/#main\" data-wpel-link=\"internal\"><img loading=\"lazy\" decoding=\"async\" width=\"150\" height=\"113\" src=\"https:\/\/unser-quartier.de\/roehlinghausen\/files\/2018\/04\/ZWAR-Wandern-9-150x113.jpg\" class=\"attachment-thumbnail size-thumbnail\" alt=\"Wandern\" aria-describedby=\"gallery-1-7826\" srcset=\"https:\/\/unser-quartier.de\/roehlinghausen\/files\/2018\/04\/ZWAR-Wandern-9-150x113.jpg 150w, https:\/\/unser-quartier.de\/roehlinghausen\/files\/2018\/04\/ZWAR-Wandern-9-300x225.jpg 300w, https:\/\/unser-quartier.de\/roehlinghausen\/files\/2018\/04\/ZWAR-Wandern-9-768x576.jpg 768w, https:\/\/unser-quartier.de\/roehlinghausen\/files\/2018\/04\/ZWAR-Wandern-9.jpg 1024w\" sizes=\"auto, (max-width: 150px) 100vw, 150px\" \/><\/a>\n\t\t\t<\/div>\n\t\t\t\t<figcaption class='wp-caption-text gallery-caption' id='gallery-1-7826'>\n\t\t\t\t&#8230;vor dem Ewaldsee\n\t\t\t\t<\/figcaption><\/figure><figure class='gallery-item'>\n\t\t\t<div class='gallery-icon landscape'>\n\t\t\t\t<a href=\"https:\/\/unser-quartier.de\/roehlinghausen\/2018\/04\/zwar-gruppe-wandern\/zwar-wandern-2\/#main\" data-wpel-link=\"internal\"><img loading=\"lazy\" decoding=\"async\" width=\"150\" height=\"113\" src=\"https:\/\/unser-quartier.de\/roehlinghausen\/files\/2018\/04\/ZWAR-Wandern-2-150x113.jpg\" class=\"attachment-thumbnail size-thumbnail\" alt=\"Wandern\" aria-describedby=\"gallery-1-7820\" srcset=\"https:\/\/unser-quartier.de\/roehlinghausen\/files\/2018\/04\/ZWAR-Wandern-2-150x113.jpg 150w, https:\/\/unser-quartier.de\/roehlinghausen\/files\/2018\/04\/ZWAR-Wandern-2-300x225.jpg 300w, https:\/\/unser-quartier.de\/roehlinghausen\/files\/2018\/04\/ZWAR-Wandern-2-768x576.jpg 768w, https:\/\/unser-quartier.de\/roehlinghausen\/files\/2018\/04\/ZWAR-Wandern-2.jpg 1024w\" sizes=\"auto, (max-width: 150px) 100vw, 150px\" \/><\/a>\n\t\t\t<\/div>\n\t\t\t\t<figcaption class='wp-caption-text gallery-caption' id='gallery-1-7820'>\n\t\t\t\tgem\u00fctlicher Spaziergang\n\t\t\t\t<\/figcaption><\/figure><figure class='gallery-item'>\n\t\t\t<div class='gallery-icon landscape'>\n\t\t\t\t<a href=\"https:\/\/unser-quartier.de\/roehlinghausen\/2018\/04\/zwar-gruppe-wandern\/zwar-wandern-4\/#main\" data-wpel-link=\"internal\"><img loading=\"lazy\" decoding=\"async\" width=\"150\" height=\"113\" src=\"https:\/\/unser-quartier.de\/roehlinghausen\/files\/2018\/04\/ZWAR-Wandern-4-150x113.jpg\" class=\"attachment-thumbnail size-thumbnail\" alt=\"Wandern\" aria-describedby=\"gallery-1-7822\" srcset=\"https:\/\/unser-quartier.de\/roehlinghausen\/files\/2018\/04\/ZWAR-Wandern-4-150x113.jpg 150w, https:\/\/unser-quartier.de\/roehlinghausen\/files\/2018\/04\/ZWAR-Wandern-4-300x225.jpg 300w, https:\/\/unser-quartier.de\/roehlinghausen\/files\/2018\/04\/ZWAR-Wandern-4-768x576.jpg 768w, https:\/\/unser-quartier.de\/roehlinghausen\/files\/2018\/04\/ZWAR-Wandern-4.jpg 1024w\" sizes=\"auto, (max-width: 150px) 100vw, 150px\" \/><\/a>\n\t\t\t<\/div>\n\t\t\t\t<figcaption class='wp-caption-text gallery-caption' id='gallery-1-7822'>\n\t\t\t\tdie erste Wanderung genie\u00dfen&#8230;\n\t\t\t\t<\/figcaption><\/figure><figure class='gallery-item'>\n\t\t\t<div class='gallery-icon landscape'>\n\t\t\t\t<a href=\"https:\/\/unser-quartier.de\/roehlinghausen\/2018\/04\/zwar-gruppe-wandern\/zwar-wandern-5\/#main\" data-wpel-link=\"internal\"><img loading=\"lazy\" decoding=\"async\" width=\"150\" height=\"113\" src=\"https:\/\/unser-quartier.de\/roehlinghausen\/files\/2018\/04\/ZWAR-Wandern-5-150x113.jpg\" class=\"attachment-thumbnail size-thumbnail\" alt=\"Wandern\" aria-describedby=\"gallery-1-7823\" srcset=\"https:\/\/unser-quartier.de\/roehlinghausen\/files\/2018\/04\/ZWAR-Wandern-5-150x113.jpg 150w, https:\/\/unser-quartier.de\/roehlinghausen\/files\/2018\/04\/ZWAR-Wandern-5-300x225.jpg 300w, https:\/\/unser-quartier.de\/roehlinghausen\/files\/2018\/04\/ZWAR-Wandern-5-768x576.jpg 768w, https:\/\/unser-quartier.de\/roehlinghausen\/files\/2018\/04\/ZWAR-Wandern-5.jpg 1024w\" sizes=\"auto, (max-width: 150px) 100vw, 150px\" \/><\/a>\n\t\t\t<\/div>\n\t\t\t\t<figcaption class='wp-caption-text gallery-caption' id='gallery-1-7823'>\n\t\t\t\t&#8230;erz\u00e4hlen&#8230;\n\t\t\t\t<\/figcaption><\/figure><figure class='gallery-item'>\n\t\t\t<div class='gallery-icon landscape'>\n\t\t\t\t<a href=\"https:\/\/unser-quartier.de\/roehlinghausen\/2018\/04\/zwar-gruppe-wandern\/zwar-wandern-6\/#main\" data-wpel-link=\"internal\"><img loading=\"lazy\" decoding=\"async\" width=\"150\" height=\"113\" src=\"https:\/\/unser-quartier.de\/roehlinghausen\/files\/2018\/04\/ZWAR-Wandern-6-150x113.jpg\" class=\"attachment-thumbnail size-thumbnail\" alt=\"Wandern\" aria-describedby=\"gallery-1-7824\" srcset=\"https:\/\/unser-quartier.de\/roehlinghausen\/files\/2018\/04\/ZWAR-Wandern-6-150x113.jpg 150w, https:\/\/unser-quartier.de\/roehlinghausen\/files\/2018\/04\/ZWAR-Wandern-6-300x225.jpg 300w, https:\/\/unser-quartier.de\/roehlinghausen\/files\/2018\/04\/ZWAR-Wandern-6-768x576.jpg 768w, https:\/\/unser-quartier.de\/roehlinghausen\/files\/2018\/04\/ZWAR-Wandern-6.jpg 1024w\" sizes=\"auto, (max-width: 150px) 100vw, 150px\" \/><\/a>\n\t\t\t<\/div>\n\t\t\t\t<figcaption class='wp-caption-text gallery-caption' id='gallery-1-7824'>\n\t\t\t\tsich Kennenlernen\n\t\t\t\t<\/figcaption><\/figure><figure class='gallery-item'>\n\t\t\t<div class='gallery-icon landscape'>\n\t\t\t\t<a href=\"https:\/\/unser-quartier.de\/roehlinghausen\/2018\/04\/zwar-gruppe-wandern\/zwar-wandern-7\/#main\" data-wpel-link=\"internal\"><img loading=\"lazy\" decoding=\"async\" width=\"150\" height=\"113\" src=\"https:\/\/unser-quartier.de\/roehlinghausen\/files\/2018\/04\/ZWAR-Wandern-7-150x113.jpg\" class=\"attachment-thumbnail size-thumbnail\" alt=\"Wandern\" aria-describedby=\"gallery-1-7825\" srcset=\"https:\/\/unser-quartier.de\/roehlinghausen\/files\/2018\/04\/ZWAR-Wandern-7-150x113.jpg 150w, https:\/\/unser-quartier.de\/roehlinghausen\/files\/2018\/04\/ZWAR-Wandern-7-300x225.jpg 300w, https:\/\/unser-quartier.de\/roehlinghausen\/files\/2018\/04\/ZWAR-Wandern-7-768x576.jpg 768w, https:\/\/unser-quartier.de\/roehlinghausen\/files\/2018\/04\/ZWAR-Wandern-7.jpg 1024w\" sizes=\"auto, (max-width: 150px) 100vw, 150px\" \/><\/a>\n\t\t\t<\/div>\n\t\t\t\t<figcaption class='wp-caption-text gallery-caption' id='gallery-1-7825'>\n\t\t\t\t&#8230;jetzt aber zur\u00fcck in`s Caf\u00e8\n\t\t\t\t<\/figcaption><\/figure>\n\t\t<\/div>\n\n<p>Zum Abschlu\u00df lie\u00dfen wir den Nachmittag in gem\u00fctlicher Runde auf B\u00e4nken vor dem Ewaldcaf\u00e9 bei Kaffee, Kuchen und erfrischenden Getr\u00e4nken, ausklingen. Um 16:15 ging es wieder zur\u00fcck nach Hause.<\/p>\n<div id='gallery-2' class='gallery galleryid-7816 gallery-columns-3 gallery-size-thumbnail'><figure class='gallery-item'>\n\t\t\t<div class='gallery-icon landscape'>\n\t\t\t\t<a href=\"https:\/\/unser-quartier.de\/roehlinghausen\/2018\/04\/zwar-gruppe-wandern\/zwar-wandern-14\/#main\" data-wpel-link=\"internal\"><img loading=\"lazy\" decoding=\"async\" width=\"150\" height=\"113\" src=\"https:\/\/unser-quartier.de\/roehlinghausen\/files\/2018\/04\/ZWAR-Wandern-14-150x113.jpg\" class=\"attachment-thumbnail size-thumbnail\" alt=\"Wandern\" aria-describedby=\"gallery-2-7831\" srcset=\"https:\/\/unser-quartier.de\/roehlinghausen\/files\/2018\/04\/ZWAR-Wandern-14-150x113.jpg 150w, https:\/\/unser-quartier.de\/roehlinghausen\/files\/2018\/04\/ZWAR-Wandern-14-300x225.jpg 300w, https:\/\/unser-quartier.de\/roehlinghausen\/files\/2018\/04\/ZWAR-Wandern-14-768x576.jpg 768w, https:\/\/unser-quartier.de\/roehlinghausen\/files\/2018\/04\/ZWAR-Wandern-14.jpg 1024w\" sizes=\"auto, (max-width: 150px) 100vw, 150px\" \/><\/a>\n\t\t\t<\/div>\n\t\t\t\t<figcaption class='wp-caption-text gallery-caption' id='gallery-2-7831'>\n\t\t\t\tgem\u00fctliche Runde im Caf\u00e9\n\t\t\t\t<\/figcaption><\/figure><figure class='gallery-item'>\n\t\t\t<div class='gallery-icon landscape'>\n\t\t\t\t<a href=\"https:\/\/unser-quartier.de\/roehlinghausen\/2018\/04\/zwar-gruppe-wandern\/zwar-wandern-10\/#main\" data-wpel-link=\"internal\"><img loading=\"lazy\" decoding=\"async\" width=\"150\" height=\"113\" src=\"https:\/\/unser-quartier.de\/roehlinghausen\/files\/2018\/04\/ZWAR-Wandern-10-150x113.jpg\" class=\"attachment-thumbnail size-thumbnail\" alt=\"Wandern\" aria-describedby=\"gallery-2-7827\" srcset=\"https:\/\/unser-quartier.de\/roehlinghausen\/files\/2018\/04\/ZWAR-Wandern-10-150x113.jpg 150w, https:\/\/unser-quartier.de\/roehlinghausen\/files\/2018\/04\/ZWAR-Wandern-10-300x225.jpg 300w, https:\/\/unser-quartier.de\/roehlinghausen\/files\/2018\/04\/ZWAR-Wandern-10-768x576.jpg 768w, https:\/\/unser-quartier.de\/roehlinghausen\/files\/2018\/04\/ZWAR-Wandern-10.jpg 1024w\" sizes=\"auto, (max-width: 150px) 100vw, 150px\" \/><\/a>\n\t\t\t<\/div>\n\t\t\t\t<figcaption class='wp-caption-text gallery-caption' id='gallery-2-7827'>\n\t\t\t\t&#8230;ah,da kommt ja mein Kaffee\n\t\t\t\t<\/figcaption><\/figure><figure class='gallery-item'>\n\t\t\t<div class='gallery-icon landscape'>\n\t\t\t\t<a href=\"https:\/\/unser-quartier.de\/roehlinghausen\/2018\/04\/zwar-gruppe-wandern\/zwar-wandern-12\/#main\" data-wpel-link=\"internal\"><img loading=\"lazy\" decoding=\"async\" width=\"150\" height=\"113\" src=\"https:\/\/unser-quartier.de\/roehlinghausen\/files\/2018\/04\/ZWAR-Wandern-12-150x113.jpg\" class=\"attachment-thumbnail size-thumbnail\" alt=\"Wandern\" aria-describedby=\"gallery-2-7829\" srcset=\"https:\/\/unser-quartier.de\/roehlinghausen\/files\/2018\/04\/ZWAR-Wandern-12-150x113.jpg 150w, https:\/\/unser-quartier.de\/roehlinghausen\/files\/2018\/04\/ZWAR-Wandern-12-300x225.jpg 300w, https:\/\/unser-quartier.de\/roehlinghausen\/files\/2018\/04\/ZWAR-Wandern-12-768x576.jpg 768w, https:\/\/unser-quartier.de\/roehlinghausen\/files\/2018\/04\/ZWAR-Wandern-12.jpg 1024w\" sizes=\"auto, (max-width: 150px) 100vw, 150px\" \/><\/a>\n\t\t\t<\/div>\n\t\t\t\t<figcaption class='wp-caption-text gallery-caption' id='gallery-2-7829'>\n\t\t\t\tein leckerer Kaffee\n\t\t\t\t<\/figcaption><\/figure><figure class='gallery-item'>\n\t\t\t<div class='gallery-icon landscape'>\n\t\t\t\t<a href=\"https:\/\/unser-quartier.de\/roehlinghausen\/2018\/04\/zwar-gruppe-wandern\/zwar-wandern-11\/#main\" data-wpel-link=\"internal\"><img loading=\"lazy\" decoding=\"async\" width=\"150\" height=\"113\" src=\"https:\/\/unser-quartier.de\/roehlinghausen\/files\/2018\/04\/ZWAR-Wandern-11-150x113.jpg\" class=\"attachment-thumbnail size-thumbnail\" alt=\"Wandern\" aria-describedby=\"gallery-2-7828\" srcset=\"https:\/\/unser-quartier.de\/roehlinghausen\/files\/2018\/04\/ZWAR-Wandern-11-150x113.jpg 150w, https:\/\/unser-quartier.de\/roehlinghausen\/files\/2018\/04\/ZWAR-Wandern-11-300x225.jpg 300w, https:\/\/unser-quartier.de\/roehlinghausen\/files\/2018\/04\/ZWAR-Wandern-11-768x576.jpg 768w, https:\/\/unser-quartier.de\/roehlinghausen\/files\/2018\/04\/ZWAR-Wandern-11.jpg 1024w\" sizes=\"auto, (max-width: 150px) 100vw, 150px\" \/><\/a>\n\t\t\t<\/div>\n\t\t\t\t<figcaption class='wp-caption-text gallery-caption' id='gallery-2-7828'>\n\t\t\t\terz\u00e4hlen&#8230;\n\t\t\t\t<\/figcaption><\/figure><figure class='gallery-item'>\n\t\t\t<div class='gallery-icon landscape'>\n\t\t\t\t<a href=\"https:\/\/unser-quartier.de\/roehlinghausen\/2018\/04\/zwar-gruppe-wandern\/zwar-wandern-13\/#main\" data-wpel-link=\"internal\"><img loading=\"lazy\" decoding=\"async\" width=\"150\" height=\"113\" src=\"https:\/\/unser-quartier.de\/roehlinghausen\/files\/2018\/04\/ZWAR-Wandern-13-150x113.jpg\" class=\"attachment-thumbnail size-thumbnail\" alt=\"Wandern\" aria-describedby=\"gallery-2-7830\" srcset=\"https:\/\/unser-quartier.de\/roehlinghausen\/files\/2018\/04\/ZWAR-Wandern-13-150x113.jpg 150w, https:\/\/unser-quartier.de\/roehlinghausen\/files\/2018\/04\/ZWAR-Wandern-13-300x225.jpg 300w, https:\/\/unser-quartier.de\/roehlinghausen\/files\/2018\/04\/ZWAR-Wandern-13-768x576.jpg 768w, https:\/\/unser-quartier.de\/roehlinghausen\/files\/2018\/04\/ZWAR-Wandern-13.jpg 1024w\" sizes=\"auto, (max-width: 150px) 100vw, 150px\" \/><\/a>\n\t\t\t<\/div>\n\t\t\t\t<figcaption class='wp-caption-text gallery-caption' id='gallery-2-7830'>\n\t\t\t\tKaffee, Kuchen und k\u00fchle Getr\u00e4nke genie\u00dfen\n\t\t\t\t<\/figcaption><\/figure>\n\t\t<\/div>\n\n<p>Uns allen hat es viel Spa\u00df gemacht. F\u00fcr den 28.04.2017 umd 14 Uhr haben wir uns sofort wieder f\u00fcr eine Wanderung von 6 km bzw. 10 km (eventuell in zwei Gruppen) mit dem Treffpunkt vor der Eissporthalle in Herne, zur Wanderung durch den Gysenberg verabredet.<\/p>\n<p>Jeder, der Lust hat mit uns zu laufen, ist herzlich willkommen.<\/p>\n<p>&nbsp;<\/p>\n","protected":false},"excerpt":{"rendered":"<p>Eine Teilnehmerin erz\u00e4hlt&#8230; Wir, die neu gegr\u00fcndete ZWAR-Wandergruppe, trafen uns am Samstag, 14.04.18, um 14 Uhr vor dem Ewaldcaf\u00e9 in Herten zur ersten Wandertour und<\/p>\n","protected":false},"author":441,"featured_media":7817,"comment_status":"open","ping_status":"closed","sticky":false,"template":"","format":"standard","meta":{"generate_page_header":"","footnotes":""},"categories":[100,192],"tags":[200,197,193],"class_list":["post-7816","post","type-post","status-publish","format-standard","has-post-thumbnail","hentry","category-quartiersbuero-berichtet","category-zwar-netzwerk","tag-ewaldsee","tag-wandern","tag-zwar-gruppe"],"_links":{"self":[{"href":"https:\/\/unser-quartier.de\/roehlinghausen\/wp-json\/wp\/v2\/posts\/7816","targetHints":{"allow":["GET"]}}],"collection":[{"href":"https:\/\/unser-quartier.de\/roehlinghausen\/wp-json\/wp\/v2\/posts"}],"about":[{"href":"https:\/\/unser-quartier.de\/roehlinghausen\/wp-json\/wp\/v2\/types\/post"}],"author":[{"embeddable":true,"href":"https:\/\/unser-quartier.de\/roehlinghausen\/wp-json\/wp\/v2\/users\/441"}],"replies":[{"embeddable":true,"href":"https:\/\/unser-quartier.de\/roehlinghausen\/wp-json\/wp\/v2\/comments?post=7816"}],"version-history":[{"count":1,"href":"https:\/\/unser-quartier.de\/roehlinghausen\/wp-json\/wp\/v2\/posts\/7816\/revisions"}],"predecessor-version":[{"id":29137,"href":"https:\/\/unser-quartier.de\/roehlinghausen\/wp-json\/wp\/v2\/posts\/7816\/revisions\/29137"}],"wp:featuredmedia":[{"embeddable":true,"href":"https:\/\/unser-quartier.de\/roehlinghausen\/wp-json\/wp\/v2\/media\/7817"}],"wp:attachment":[{"href":"https:\/\/unser-quartier.de\/roehlinghausen\/wp-json\/wp\/v2\/media?parent=7816"}],"wp:term":[{"taxonomy":"category","embeddable":true,"href":"https:\/\/unser-quartier.de\/roehlinghausen\/wp-json\/wp\/v2\/categories?post=7816"},{"taxonomy":"post_tag","embeddable":true,"href":"https:\/\/unser-quartier.de\/roehlinghausen\/wp-json\/wp\/v2\/tags?post=7816"}],"curies":[{"name":"wp","href":"https:\/\/api.w.org\/{rel}","templated":true}]}}