{"id":1421,"date":"2015-07-01T18:48:21","date_gmt":"2015-07-01T16:48:21","guid":{"rendered":"http:\/\/unser-quartier.de\/havaube\/?p=1421"},"modified":"2022-11-16T11:41:01","modified_gmt":"2022-11-16T10:41:01","slug":"fruehstueck-beim-scd","status":"publish","type":"post","link":"https:\/\/unser-quartier.de\/seniorenclub-duempten\/2015\/07\/fruehstueck-beim-scd\/","title":{"rendered":"Fr\u00fchst\u00fcck beim SCD"},"content":{"rendered":"<h3>Wir treffen uns zum gemeinsamen Fr\u00fchst\u00fcck, diesmal nicht bei <strong>Tiffany<\/strong>,<\/h3>\n<p>sondern im <strong>SeniorenClub D\u00fcmpten<\/strong> und das zu folgenden Terminen:<img loading=\"lazy\" decoding=\"async\" class=\" wp-image-1340 alignright\" src=\"https:\/\/unser-quartier.de\/seniorenclub-duempten\/files\/2014\/01\/weaverbirds-queen-elizabeth-park-thumb-300x225.jpg\" alt=\"\" width=\"444\" height=\"333\" srcset=\"https:\/\/unser-quartier.de\/seniorenclub-duempten\/files\/2014\/01\/weaverbirds-queen-elizabeth-park-thumb-300x225.jpg 300w, https:\/\/unser-quartier.de\/seniorenclub-duempten\/files\/2014\/01\/weaverbirds-queen-elizabeth-park-thumb-150x113.jpg 150w, https:\/\/unser-quartier.de\/seniorenclub-duempten\/files\/2014\/01\/weaverbirds-queen-elizabeth-park-thumb-80x60.jpg 80w, https:\/\/unser-quartier.de\/seniorenclub-duempten\/files\/2014\/01\/weaverbirds-queen-elizabeth-park-thumb.jpg 630w\" sizes=\"auto, (max-width: 444px) 100vw, 444px\" \/><\/p>\n<p>(Zum Fr\u00fchst\u00fcck bitte 2 Tage vorher anmelden):<\/p>\n<ol start=\"13\">\n<li>Juli\u00a0 \u00a0 \u00a0 \u00a0 \u00a0 \u00a0 \u00a0 \u00a009:00 &#8211; 12:00<\/li>\n<li>Juli\u00a0 \u00a0 \u00a0 \u00a0 \u00a0 \u00a0 \u00a0 \u00a009:00 &#8211; 12:00 f\u00e4llt aus wegen Betriebsferien<\/li>\n<li>August\u00a0 \u00a0 \u00a0 \u00a0 \u00a009:00 &#8211; 12:00<\/li>\n<li>August\u00a0 \u00a0 \u00a0 \u00a0 \u00a009:00 &#8211; 12:00<\/li>\n<li>September\u00a0 \u00a009:00 &#8211; 12:00<\/li>\n<li>Oktober\u00a0 \u00a0 \u00a0 \u00a009:00 &#8211; 12:00<\/li>\n<li>November\u00a0 \u00a009:00 &#8211; 12:00<\/li>\n<li>Oktober\u00a0 \u00a0 \u00a0 \u00a009:00 &#8211; 12:00<\/li>\n<li>November\u00a0 \u00a009:00 &#8211; 12:00<\/li>\n<\/ol>\n","protected":false},"excerpt":{"rendered":"<p>Wir treffen uns zum gemeinsamen Fr\u00fchst\u00fcck, diesmal nicht bei Tiffany, sondern im SeniorenClub D\u00fcmpten und das zu folgenden Terminen: (Zum Fr\u00fchst\u00fcck bitte 2 Tage vorher anmelden): Juli\u00a0 \u00a0 \u00a0 \u00a0 \u00a0 \u00a0 \u00a0 \u00a009:00 &#8211; 12:00 Juli\u00a0 \u00a0 \u00a0 \u00a0 \u00a0 \u00a0 \u00a0 \u00a009:00 &#8211; 12:00 f\u00e4llt aus wegen Betriebsferien August\u00a0 \u00a0 \u00a0 \u00a0 \u00a009:00 &#8230; <a title=\"Fr\u00fchst\u00fcck beim SCD\" class=\"read-more\" href=\"https:\/\/unser-quartier.de\/seniorenclub-duempten\/2015\/07\/fruehstueck-beim-scd\/\" aria-label=\"Mehr Informationen \u00fcber Fr\u00fchst\u00fcck beim SCD\">Read more<\/a><\/p>\n","protected":false},"author":51,"featured_media":0,"comment_status":"closed","ping_status":"closed","sticky":false,"template":"","format":"standard","meta":{"generate_page_header":"","footnotes":""},"categories":[30],"tags":[53,52,55,56,54],"class_list":["post-1421","post","type-post","status-publish","format-standard","hentry","category-unterhaltung-feiern","tag-essen","tag-fruehstuck","tag-kaffee","tag-kuchen","tag-trinken"],"_links":{"self":[{"href":"https:\/\/unser-quartier.de\/seniorenclub-duempten\/wp-json\/wp\/v2\/posts\/1421","targetHints":{"allow":["GET"]}}],"collection":[{"href":"https:\/\/unser-quartier.de\/seniorenclub-duempten\/wp-json\/wp\/v2\/posts"}],"about":[{"href":"https:\/\/unser-quartier.de\/seniorenclub-duempten\/wp-json\/wp\/v2\/types\/post"}],"author":[{"embeddable":true,"href":"https:\/\/unser-quartier.de\/seniorenclub-duempten\/wp-json\/wp\/v2\/users\/51"}],"replies":[{"embeddable":true,"href":"https:\/\/unser-quartier.de\/seniorenclub-duempten\/wp-json\/wp\/v2\/comments?post=1421"}],"version-history":[{"count":0,"href":"https:\/\/unser-quartier.de\/seniorenclub-duempten\/wp-json\/wp\/v2\/posts\/1421\/revisions"}],"wp:attachment":[{"href":"https:\/\/unser-quartier.de\/seniorenclub-duempten\/wp-json\/wp\/v2\/media?parent=1421"}],"wp:term":[{"taxonomy":"category","embeddable":true,"href":"https:\/\/unser-quartier.de\/seniorenclub-duempten\/wp-json\/wp\/v2\/categories?post=1421"},{"taxonomy":"post_tag","embeddable":true,"href":"https:\/\/unser-quartier.de\/seniorenclub-duempten\/wp-json\/wp\/v2\/tags?post=1421"}],"curies":[{"name":"wp","href":"https:\/\/api.w.org\/{rel}","templated":true}]}}