{"id":10638,"date":"2016-04-02T14:48:24","date_gmt":"2016-04-02T12:48:24","guid":{"rendered":"http:\/\/unser-quartier.de\/stadt-bergheim\/?p=10638"},"modified":"2016-04-03T23:40:13","modified_gmt":"2016-04-03T21:40:13","slug":"wir-suchten-eine-kirche","status":"publish","type":"post","link":"https:\/\/unser-quartier.de\/stadt-bergheim\/2016\/04\/wir-suchten-eine-kirche\/","title":{"rendered":"Wir suchten eine Kirche &#8230;"},"content":{"rendered":"<p><span style=\"color: #3366ff\"><strong><span style=\"font-size: 14pt\">L\u00f6sung zum Osterr\u00e4tsel<\/span><\/strong><\/span><\/p>\n<p>&nbsp;<\/p>\n<p><span style=\"font-size: 14pt\"><strong>Die Georgskapelle mit ihrem Spiralbrunnen<br \/>\nim Herzen der Fu\u00dfg\u00e4ngerzone gelegen!<\/strong><\/span><\/p>\n<p>&nbsp;<\/p>\n<div class=\"imgleft medium\"><\/div>\n<div class=\"text wrapper-text-list-txt medium-img\">\n<p><span style=\"font-size: 12pt\">Die dem heiligen Georg geweihte Kapelle untersteht der Pfarrkirche St. Remigius.<br \/>\n<\/span><span style=\"font-size: 12pt\">Sie wird 1420 erstmals erw\u00e4hnt. Nach der Zerst\u00f6rung im Jahr 1542 wurde sie von den Bergheimer B\u00fcrgern neu erbaut. <\/span><span style=\"font-size: 12pt\">Direkt an die Kapelle grenzte im Mittelalter und in der fr\u00fchen Neuzeit der Markt.\u00a0<\/span><\/p>\n<p>&nbsp;<\/p>\n<\/div>\n<div class=\"tiled-gallery type-rectangular tiled-gallery-unresized\" data-original-width=\"770\" data-carousel-extra='{&quot;blog_id&quot;:38,&quot;permalink&quot;:&quot;https:\\\/\\\/unser-quartier.de\\\/stadt-bergheim\\\/2016\\\/04\\\/wir-suchten-eine-kirche\\\/&quot;,&quot;likes_blog_id&quot;:51783499}' itemscope itemtype=\"http:\/\/schema.org\/ImageGallery\" > <div class=\"gallery-row\" style=\"width: 770px; height: 356px;\" data-original-width=\"770\" data-original-height=\"356\" > <div class=\"gallery-group images-1\" style=\"width: 238px; height: 356px;\" data-original-width=\"238\" data-original-height=\"356\" > <div class=\"tiled-gallery-item tiled-gallery-item-small\" itemprop=\"associatedMedia\" itemscope itemtype=\"http:\/\/schema.org\/ImageObject\"> <a href=\"https:\/\/unser-quartier.de\/stadt-bergheim\/2020\/04\/kleines-raetsel-zu-ostern\/ostern-6\/\" border=\"0\" itemprop=\"url\"> <meta itemprop=\"width\" content=\"234\"> <meta itemprop=\"height\" content=\"352\"> <img decoding=\"async\" class=\"\" data-attachment-id=\"10548\" data-orig-file=\"https:\/\/unser-quartier.de\/stadt-bergheim\/files\/2016\/03\/Ostern-6.jpg\" data-orig-size=\"455,683\" data-comments-opened=\"\" data-image-meta=\"{&quot;aperture&quot;:&quot;0&quot;,&quot;credit&quot;:&quot;&quot;,&quot;camera&quot;:&quot;&quot;,&quot;caption&quot;:&quot;&quot;,&quot;created_timestamp&quot;:&quot;0&quot;,&quot;copyright&quot;:&quot;&quot;,&quot;focal_length&quot;:&quot;0&quot;,&quot;iso&quot;:&quot;0&quot;,&quot;shutter_speed&quot;:&quot;0&quot;,&quot;title&quot;:&quot;&quot;,&quot;orientation&quot;:&quot;0&quot;}\" data-image-title=\"Ostern (6)\" data-image-description=\"\" data-medium-file=\"https:\/\/i0.wp.com\/unser-quartier.de\/stadt-bergheim\/files\/2016\/03\/Ostern-6.jpg?fit=200%2C300&#038;ssl=1\" data-large-file=\"https:\/\/i0.wp.com\/unser-quartier.de\/stadt-bergheim\/files\/2016\/03\/Ostern-6.jpg?fit=455%2C683&#038;ssl=1\" src=\"https:\/\/i0.wp.com\/unser-quartier.de\/stadt-bergheim\/files\/2016\/03\/Ostern-6.jpg?w=234&#038;h=352&#038;ssl=1\" srcset=\"https:\/\/i0.wp.com\/unser-quartier.de\/stadt-bergheim\/files\/2016\/03\/Ostern-6.jpg?w=455&amp;ssl=1 455w, https:\/\/i0.wp.com\/unser-quartier.de\/stadt-bergheim\/files\/2016\/03\/Ostern-6.jpg?resize=100%2C150&amp;ssl=1 100w, https:\/\/i0.wp.com\/unser-quartier.de\/stadt-bergheim\/files\/2016\/03\/Ostern-6.jpg?resize=200%2C300&amp;ssl=1 200w\" width=\"234\" height=\"352\" loading=\"lazy\" data-original-width=\"234\" data-original-height=\"352\" itemprop=\"http:\/\/schema.org\/image\" title=\"Ostern (6)\" alt=\"Georgskapelle in Bergheim\" style=\"width: 234px; height: 352px;\" \/> <\/a> <div class=\"tiled-gallery-caption\" itemprop=\"caption description\"> Georgskapelle in Bergheim <\/div> <\/div> <\/div> <!-- close group --> <div class=\"gallery-group images-1\" style=\"width: 532px; height: 356px;\" data-original-width=\"532\" data-original-height=\"356\" > <div class=\"tiled-gallery-item tiled-gallery-item-large\" itemprop=\"associatedMedia\" itemscope itemtype=\"http:\/\/schema.org\/ImageObject\"> <a href=\"https:\/\/unser-quartier.de\/stadt-bergheim\/2020\/04\/kleines-raetsel-zu-ostern\/ostern-3-2\/\" border=\"0\" itemprop=\"url\"> <meta itemprop=\"width\" content=\"528\"> <meta itemprop=\"height\" content=\"352\"> <img decoding=\"async\" class=\"\" data-attachment-id=\"10545\" data-orig-file=\"https:\/\/unser-quartier.de\/stadt-bergheim\/files\/2016\/03\/Ostern-3-1.jpg\" data-orig-size=\"1024,683\" data-comments-opened=\"\" data-image-meta=\"{&quot;aperture&quot;:&quot;0&quot;,&quot;credit&quot;:&quot;&quot;,&quot;camera&quot;:&quot;&quot;,&quot;caption&quot;:&quot;&quot;,&quot;created_timestamp&quot;:&quot;0&quot;,&quot;copyright&quot;:&quot;&quot;,&quot;focal_length&quot;:&quot;0&quot;,&quot;iso&quot;:&quot;0&quot;,&quot;shutter_speed&quot;:&quot;0&quot;,&quot;title&quot;:&quot;&quot;,&quot;orientation&quot;:&quot;0&quot;}\" data-image-title=\"Ostern (3)\" data-image-description=\"\" data-medium-file=\"https:\/\/i0.wp.com\/unser-quartier.de\/stadt-bergheim\/files\/2016\/03\/Ostern-3-1.jpg?fit=300%2C200&#038;ssl=1\" data-large-file=\"https:\/\/i0.wp.com\/unser-quartier.de\/stadt-bergheim\/files\/2016\/03\/Ostern-3-1.jpg?fit=770%2C514&#038;ssl=1\" src=\"https:\/\/i0.wp.com\/unser-quartier.de\/stadt-bergheim\/files\/2016\/03\/Ostern-3-1.jpg?w=528&#038;h=352&#038;ssl=1\" srcset=\"https:\/\/i0.wp.com\/unser-quartier.de\/stadt-bergheim\/files\/2016\/03\/Ostern-3-1.jpg?w=1024&amp;ssl=1 1024w, https:\/\/i0.wp.com\/unser-quartier.de\/stadt-bergheim\/files\/2016\/03\/Ostern-3-1.jpg?resize=150%2C100&amp;ssl=1 150w, https:\/\/i0.wp.com\/unser-quartier.de\/stadt-bergheim\/files\/2016\/03\/Ostern-3-1.jpg?resize=300%2C200&amp;ssl=1 300w, https:\/\/i0.wp.com\/unser-quartier.de\/stadt-bergheim\/files\/2016\/03\/Ostern-3-1.jpg?resize=768%2C512&amp;ssl=1 768w\" width=\"528\" height=\"352\" loading=\"lazy\" data-original-width=\"528\" data-original-height=\"352\" itemprop=\"http:\/\/schema.org\/image\" title=\"Ostern (3)\" alt=\"Georgskapelle in Bergheim\" style=\"width: 528px; height: 352px;\" \/> <\/a> <div class=\"tiled-gallery-caption\" itemprop=\"caption description\"> Georgskapelle in Bergheim <\/div> <\/div> <\/div> <!-- close group --> <\/div> <!-- close row --> <div class=\"gallery-row\" style=\"width: 770px; height: 1025px;\" data-original-width=\"770\" data-original-height=\"1025\" > <div class=\"gallery-group images-1\" style=\"width: 770px; height: 1025px;\" data-original-width=\"770\" data-original-height=\"1025\" > <div class=\"tiled-gallery-item tiled-gallery-item-large\" itemprop=\"associatedMedia\" itemscope itemtype=\"http:\/\/schema.org\/ImageObject\"> <a href=\"https:\/\/unser-quartier.de\/stadt-bergheim\/2016\/04\/wir-suchten-eine-kirche\/kapelle\/\" border=\"0\" itemprop=\"url\"> <meta itemprop=\"width\" content=\"766\"> <meta itemprop=\"height\" content=\"1021\"> <img decoding=\"async\" class=\"\" data-attachment-id=\"10639\" data-orig-file=\"https:\/\/unser-quartier.de\/stadt-bergheim\/files\/2016\/04\/Kapelle.jpg\" data-orig-size=\"768,1024\" data-comments-opened=\"\" data-image-meta=\"{&quot;aperture&quot;:&quot;0&quot;,&quot;credit&quot;:&quot;&quot;,&quot;camera&quot;:&quot;&quot;,&quot;caption&quot;:&quot;&quot;,&quot;created_timestamp&quot;:&quot;0&quot;,&quot;copyright&quot;:&quot;&quot;,&quot;focal_length&quot;:&quot;0&quot;,&quot;iso&quot;:&quot;0&quot;,&quot;shutter_speed&quot;:&quot;0&quot;,&quot;title&quot;:&quot;&quot;,&quot;orientation&quot;:&quot;0&quot;}\" data-image-title=\"Kapelle\" data-image-description=\"\" data-medium-file=\"https:\/\/i0.wp.com\/unser-quartier.de\/stadt-bergheim\/files\/2016\/04\/Kapelle.jpg?fit=225%2C300&#038;ssl=1\" data-large-file=\"https:\/\/i0.wp.com\/unser-quartier.de\/stadt-bergheim\/files\/2016\/04\/Kapelle.jpg?fit=768%2C1024&#038;ssl=1\" src=\"https:\/\/i0.wp.com\/unser-quartier.de\/stadt-bergheim\/files\/2016\/04\/Kapelle.jpg?w=766&#038;h=1021&#038;ssl=1\" srcset=\"https:\/\/i0.wp.com\/unser-quartier.de\/stadt-bergheim\/files\/2016\/04\/Kapelle.jpg?w=768&amp;ssl=1 768w, https:\/\/i0.wp.com\/unser-quartier.de\/stadt-bergheim\/files\/2016\/04\/Kapelle.jpg?resize=113%2C150&amp;ssl=1 113w, https:\/\/i0.wp.com\/unser-quartier.de\/stadt-bergheim\/files\/2016\/04\/Kapelle.jpg?resize=225%2C300&amp;ssl=1 225w\" width=\"766\" height=\"1021\" loading=\"lazy\" data-original-width=\"766\" data-original-height=\"1021\" itemprop=\"http:\/\/schema.org\/image\" title=\"Kapelle\" alt=\"Georgskapelle mit Spiralbrunnen\" style=\"width: 766px; height: 1021px;\" \/> <\/a> <div class=\"tiled-gallery-caption\" itemprop=\"caption description\"> Georgskapelle mit Spiralbrunnen <\/div> <\/div> <\/div> <!-- close group --> <\/div> <!-- close row --> <\/div>\n<p>&nbsp;<\/p>\n<p>&nbsp;<\/p>\n","protected":false},"excerpt":{"rendered":"<p><strong>L\u00f6sung zum Osterr\u00e4tsel<\/strong><\/p>\n<p>&nbsp;<\/p>\n<p><strong>Die Georgskapelle mit ihrem Spiralbrunnen im Herzen der Fu\u00dfg\u00e4ngerzone gelegen!<\/strong><\/p>\n<p>&nbsp;<\/p>\n<p>Die dem heiligen Georg geweihte Kapelle untersteht der Pfarrkirche St. Remigius. Sie wird 1420 erstmals erw\u00e4hnt. Nach der Zerst\u00f6rung im Jahr 1542 wurde sie von den Bergheimer B\u00fcrgern neu erbaut. Direkt an die Kapelle grenzte im Mittelalter und in der &hellip; <\/p>\n<p><a class=\"more-link btn\" href=\"https:\/\/unser-quartier.de\/stadt-bergheim\/2016\/04\/wir-suchten-eine-kirche\/\">Weiterlesen<\/a><\/p>\n","protected":false},"author":48,"featured_media":10551,"comment_status":"open","ping_status":"open","sticky":false,"template":"","format":"standard","meta":{"_bbp_topic_count":0,"_bbp_reply_count":0,"_bbp_total_topic_count":0,"_bbp_total_reply_count":0,"_bbp_voice_count":0,"_bbp_anonymous_reply_count":0,"_bbp_topic_count_hidden":0,"_bbp_reply_count_hidden":0,"_bbp_forum_subforum_count":0,"jetpack_post_was_ever_published":false,"_jetpack_newsletter_access":"","_jetpack_dont_email_post_to_subs":false,"_jetpack_newsletter_tier_id":0,"_jetpack_memberships_contains_paywalled_content":false,"_jetpack_memberships_contains_paid_content":false,"footnotes":""},"categories":[1,75,71],"tags":[],"class_list":["post-10638","post","type-post","status-publish","format-standard","has-post-thumbnail","hentry","category-allgemein","category-buntes-brett","category-freizeit","item-wrap"],"jetpack_sharing_enabled":true,"jetpack_featured_media_url":"https:\/\/i0.wp.com\/unser-quartier.de\/stadt-bergheim\/files\/2016\/03\/Ostern-9.jpg?fit=1024%2C683&ssl=1","jetpack_shortlink":"https:\/\/wp.me\/p3vhfJ-2LA","jetpack_likes_enabled":true,"_links":{"self":[{"href":"https:\/\/unser-quartier.de\/stadt-bergheim\/wp-json\/wp\/v2\/posts\/10638","targetHints":{"allow":["GET"]}}],"collection":[{"href":"https:\/\/unser-quartier.de\/stadt-bergheim\/wp-json\/wp\/v2\/posts"}],"about":[{"href":"https:\/\/unser-quartier.de\/stadt-bergheim\/wp-json\/wp\/v2\/types\/post"}],"author":[{"embeddable":true,"href":"https:\/\/unser-quartier.de\/stadt-bergheim\/wp-json\/wp\/v2\/users\/48"}],"replies":[{"embeddable":true,"href":"https:\/\/unser-quartier.de\/stadt-bergheim\/wp-json\/wp\/v2\/comments?post=10638"}],"version-history":[{"count":0,"href":"https:\/\/unser-quartier.de\/stadt-bergheim\/wp-json\/wp\/v2\/posts\/10638\/revisions"}],"wp:featuredmedia":[{"embeddable":true,"href":"https:\/\/unser-quartier.de\/stadt-bergheim\/wp-json\/wp\/v2\/media\/10551"}],"wp:attachment":[{"href":"https:\/\/unser-quartier.de\/stadt-bergheim\/wp-json\/wp\/v2\/media?parent=10638"}],"wp:term":[{"taxonomy":"category","embeddable":true,"href":"https:\/\/unser-quartier.de\/stadt-bergheim\/wp-json\/wp\/v2\/categories?post=10638"},{"taxonomy":"post_tag","embeddable":true,"href":"https:\/\/unser-quartier.de\/stadt-bergheim\/wp-json\/wp\/v2\/tags?post=10638"}],"curies":[{"name":"wp","href":"https:\/\/api.w.org\/{rel}","templated":true}]}}