{"id":10682,"date":"2016-04-04T21:55:41","date_gmt":"2016-04-04T19:55:41","guid":{"rendered":"http:\/\/unser-quartier.de\/stadt-bergheim\/?p=10682"},"modified":"2016-04-04T23:49:34","modified_gmt":"2016-04-04T21:49:34","slug":"loewenzahn-schnaps","status":"publish","type":"post","link":"https:\/\/unser-quartier.de\/stadt-bergheim\/2016\/04\/loewenzahn-schnaps\/","title":{"rendered":"L\u00f6wenzahn-Schnaps &#8230;"},"content":{"rendered":"<div>\n<div class=\"_1mf _1mj\"><span style=\"font-size: 12pt\">Sie schauen uns von \u00fcberall her an,<br \/>\ndie sch\u00f6nen sonnengelben Bl\u00fcten des <\/span><span style=\"font-size: 12pt\">L\u00f6wenzahns. <\/span><\/div>\n<div class=\"_1mf _1mj\"><\/div>\n<div class=\"_1mf _1mj\"><span style=\"font-size: 12pt\"> <a href=\"https:\/\/unser-quartier.de\/stadt-bergheim\/2016\/04\/loewenzahn-schnaps\/loewenzahn1\/\" rel=\"attachment wp-att-10688\"><img data-recalc-dims=\"1\" loading=\"lazy\" decoding=\"async\" data-attachment-id=\"10688\" data-permalink=\"https:\/\/unser-quartier.de\/stadt-bergheim\/2016\/04\/loewenzahn-schnaps\/loewenzahn1\/\" data-orig-file=\"https:\/\/i0.wp.com\/unser-quartier.de\/stadt-bergheim\/files\/2016\/04\/l%C3%B6wenzahn1.jpg?fit=516%2C686&amp;ssl=1\" data-orig-size=\"516,686\" data-comments-opened=\"0\" data-image-meta=\"{&quot;aperture&quot;:&quot;0&quot;,&quot;credit&quot;:&quot;Testuser&quot;,&quot;camera&quot;:&quot;&quot;,&quot;caption&quot;:&quot;&quot;,&quot;created_timestamp&quot;:&quot;1459813648&quot;,&quot;copyright&quot;:&quot;&quot;,&quot;focal_length&quot;:&quot;0&quot;,&quot;iso&quot;:&quot;0&quot;,&quot;shutter_speed&quot;:&quot;0&quot;,&quot;title&quot;:&quot;&quot;,&quot;orientation&quot;:&quot;0&quot;}\" data-image-title=\"l\u00f6wenzahn1\" data-image-description=\"\" data-image-caption=\"\" data-medium-file=\"https:\/\/i0.wp.com\/unser-quartier.de\/stadt-bergheim\/files\/2016\/04\/l%C3%B6wenzahn1.jpg?fit=226%2C300&amp;ssl=1\" data-large-file=\"https:\/\/i0.wp.com\/unser-quartier.de\/stadt-bergheim\/files\/2016\/04\/l%C3%B6wenzahn1.jpg?fit=516%2C686&amp;ssl=1\" class=\"alignnone wp-image-10688 \" src=\"https:\/\/i0.wp.com\/unser-quartier.de\/stadt-bergheim\/files\/2016\/04\/l%C3%B6wenzahn1.jpg?resize=125%2C166&#038;ssl=1\" alt=\"l\u00f6wenzahn1\" width=\"125\" height=\"166\" srcset=\"https:\/\/i0.wp.com\/unser-quartier.de\/stadt-bergheim\/files\/2016\/04\/l%C3%B6wenzahn1.jpg?resize=226%2C300&amp;ssl=1 226w, https:\/\/i0.wp.com\/unser-quartier.de\/stadt-bergheim\/files\/2016\/04\/l%C3%B6wenzahn1.jpg?resize=113%2C150&amp;ssl=1 113w, https:\/\/i0.wp.com\/unser-quartier.de\/stadt-bergheim\/files\/2016\/04\/l%C3%B6wenzahn1.jpg?w=516&amp;ssl=1 516w\" sizes=\"auto, (max-width: 125px) 100vw, 125px\" \/><\/a><\/span><\/div>\n<div class=\"_1mf _1mj\"><\/div>\n<div class=\"_1mf _1mj\"><span style=\"font-size: 12pt\">Immer mehr Menschen freuen sich jetzt auf einen leckeren L\u00f6wenzahnsalat. Man kann die frischen Bl\u00e4tter auch in eine Suppe geben oder in ein gr\u00fcnes Smoothie mixen. Aber haben sie schon mal L\u00f6wenzahnschnaps probiert?<br \/>\nEine einfache Sache mit viel Wirkung. Au\u00dferdem ist er gut f\u00fcr Galle und Leber, nach einer \u00fcppigen Mahlzeit also. Pfl\u00fccken Sie nur die gelben K\u00f6pfe vom L\u00f6wenzahn und geben Sie diese in einer Flasche Korn oder Wodka.<br \/>\nIch tue so viel wie m\u00f6glich rein in die Flasche. Aber daran denken, vorher\u00a0ein halbe Tasse Wodka oder Korn aussch\u00fctten in ein Glas. Sonst l\u00e4uft es \u00fcber&#8230;<\/span><\/div>\n<\/div>\n<div>\n<div class=\"_1mf _1mj\"><span style=\"font-size: 12pt\">Jetzt stellen Sie die Flasche auf ein sonniges Fleckchen auf die Fensterbank.<br \/>\nNun warten bis das Getr\u00e4nk hell braun ist, dauert etwa 2 Wochen und fertig!<br \/>\nIch sammle immer kleine h\u00fcbsche Flaschen. Darin f\u00fclle ich den L\u00f6wenzahnschnaps in die kleinen Flaschen und binde eine Schleife darum. Sieht dann gut aus!<\/span><\/div>\n<\/div>\n<div>\n<div class=\"_1mf _1mj\"><span style=\"font-size: 12pt\">Ich habe noch niemand gesehen, der sich nicht dar\u00fcber gefreut hat. <\/span><\/div>\n<\/div>\n<div>\n<div class=\"_1mf _1mj\"><span style=\"font-size: 12pt\">\u00dcbrigens sind die gelben Bl\u00fcten auch in Salat essbar. Na dann Gesundheit!<\/span><\/div>\n<\/div>\n<div>\n<div class=\"_1mf _1mj\"><span style=\"font-size: 12pt\">Von Margriet Dreyer<\/span><\/div>\n<\/div>\n","protected":false},"excerpt":{"rendered":"<p>Sie schauen uns von \u00fcberall her an, die sch\u00f6nen sonnengelben Bl\u00fcten des L\u00f6wenzahns. Immer mehr Menschen freuen sich jetzt auf einen leckeren L\u00f6wenzahnsalat. Man kann die frischen Bl\u00e4tter auch in eine Suppe geben oder in ein gr\u00fcnes Smoothie mixen. Aber haben sie schon mal L\u00f6wenzahnschnaps probiert? Eine einfache Sache mit viel Wirkung. Au\u00dferdem ist er &hellip; <\/p>\n<p><a class=\"more-link btn\" href=\"https:\/\/unser-quartier.de\/stadt-bergheim\/2016\/04\/loewenzahn-schnaps\/\">Weiterlesen<\/a><\/p>\n","protected":false},"author":48,"featured_media":10688,"comment_status":"open","ping_status":"open","sticky":false,"template":"","format":"standard","meta":{"_bbp_topic_count":0,"_bbp_reply_count":0,"_bbp_total_topic_count":0,"_bbp_total_reply_count":0,"_bbp_voice_count":0,"_bbp_anonymous_reply_count":0,"_bbp_topic_count_hidden":0,"_bbp_reply_count_hidden":0,"_bbp_forum_subforum_count":0,"jetpack_post_was_ever_published":false,"_jetpack_newsletter_access":"","_jetpack_dont_email_post_to_subs":false,"_jetpack_newsletter_tier_id":0,"_jetpack_memberships_contains_paywalled_content":false,"_jetpack_memberships_contains_paid_content":false,"footnotes":""},"categories":[58,66],"tags":[],"class_list":["post-10682","post","type-post","status-publish","format-standard","has-post-thumbnail","hentry","category-alltagshilfen","category-gesundheit","item-wrap"],"jetpack_sharing_enabled":true,"jetpack_featured_media_url":"https:\/\/i0.wp.com\/unser-quartier.de\/stadt-bergheim\/files\/2016\/04\/l%C3%B6wenzahn1.jpg?fit=516%2C686&ssl=1","jetpack_shortlink":"https:\/\/wp.me\/p3vhfJ-2Mi","jetpack_likes_enabled":true,"_links":{"self":[{"href":"https:\/\/unser-quartier.de\/stadt-bergheim\/wp-json\/wp\/v2\/posts\/10682","targetHints":{"allow":["GET"]}}],"collection":[{"href":"https:\/\/unser-quartier.de\/stadt-bergheim\/wp-json\/wp\/v2\/posts"}],"about":[{"href":"https:\/\/unser-quartier.de\/stadt-bergheim\/wp-json\/wp\/v2\/types\/post"}],"author":[{"embeddable":true,"href":"https:\/\/unser-quartier.de\/stadt-bergheim\/wp-json\/wp\/v2\/users\/48"}],"replies":[{"embeddable":true,"href":"https:\/\/unser-quartier.de\/stadt-bergheim\/wp-json\/wp\/v2\/comments?post=10682"}],"version-history":[{"count":0,"href":"https:\/\/unser-quartier.de\/stadt-bergheim\/wp-json\/wp\/v2\/posts\/10682\/revisions"}],"wp:featuredmedia":[{"embeddable":true,"href":"https:\/\/unser-quartier.de\/stadt-bergheim\/wp-json\/wp\/v2\/media\/10688"}],"wp:attachment":[{"href":"https:\/\/unser-quartier.de\/stadt-bergheim\/wp-json\/wp\/v2\/media?parent=10682"}],"wp:term":[{"taxonomy":"category","embeddable":true,"href":"https:\/\/unser-quartier.de\/stadt-bergheim\/wp-json\/wp\/v2\/categories?post=10682"},{"taxonomy":"post_tag","embeddable":true,"href":"https:\/\/unser-quartier.de\/stadt-bergheim\/wp-json\/wp\/v2\/tags?post=10682"}],"curies":[{"name":"wp","href":"https:\/\/api.w.org\/{rel}","templated":true}]}}