{"id":11092,"date":"2016-05-26T17:03:18","date_gmt":"2016-05-26T15:03:18","guid":{"rendered":"http:\/\/unser-quartier.de\/stadt-bergheim\/?p=11092"},"modified":"2016-05-26T17:04:16","modified_gmt":"2016-05-26T15:04:16","slug":"die-natur-kennt-keinen-feiertag","status":"publish","type":"post","link":"https:\/\/unser-quartier.de\/stadt-bergheim\/2016\/05\/die-natur-kennt-keinen-feiertag\/","title":{"rendered":"Die Natur kennt keinen Feiertag &#8230;"},"content":{"rendered":"<p><span style=\"font-size: 12pt\">Fronleichnam ist bald vorbei&#8230;<\/span><\/p>\n<p><span style=\"font-size: 12pt\">Das Fest der leiblichen Gegenwart Christi in der Eucharistie wurde erstmals 1246 im <a title=\"Bistum L\u00fcttich\" href=\"https:\/\/de.wikipedia.org\/wiki\/Bistum_L%C3%BCttich\"><u><span style=\"color: #0066cc\">Bistum L\u00fcttich<\/span><\/u><\/a> gefeiert und 1264 von Papst <a title=\"Urban IV.\" href=\"https:\/\/de.wikipedia.org\/wiki\/Urban_IV.\"><u><span style=\"color: #0066cc\">Urban IV.<\/span><\/u><\/a> durch die <a title=\"P\u00e4pstliche Bulle\" href=\"https:\/\/de.wikipedia.org\/wiki\/P%C3%A4pstliche_Bulle\"><u><span style=\"color: #0066cc\">Bulle<\/span><\/u><\/a> <i><a title=\"Transiturus de hoc mundo\" href=\"https:\/\/de.wikipedia.org\/wiki\/Transiturus_de_hoc_mundo\"><u><span style=\"color: #0066cc\">Transiturus de hoc mundo<\/span><\/u><\/a><\/i> zum Fest der Gesamtkirche erhoben. Ausl\u00f6ser dieser Entscheidung war das <a title=\"Blutwunder\" href=\"https:\/\/de.wikipedia.org\/wiki\/Blutwunder\"><u><span style=\"color: #0066cc\">Blutwunder<\/span><\/u><\/a> von <a title=\"Bolsena\" href=\"https:\/\/de.wikipedia.org\/wiki\/Bolsena\"><u><span style=\"color: #0066cc\">Bolsena<\/span><\/u><\/a>, das von ihm im Jahre 1263 als echtes <a title=\"Wunder\" href=\"https:\/\/de.wikipedia.org\/wiki\/Wunder\"><u><span style=\"color: #0066cc\">Wunder<\/span><\/u><\/a> anerkannt wurde. Unter anderem schrieb Urban IV.: \u201eWir haben es daher, um den wahren Glauben zu st\u00e4rken und zu erh\u00f6hen, f\u00fcr recht und billig gehalten, zu verordnen, dass au\u00dfer dem t\u00e4glichen Andenken, das die Kirche diesem heiligen Sakrament bezeigt, alle Jahre auf einen gewissen Tag noch ein besonderes Fest, n\u00e4mlich auf den f\u00fcnften Wochentag nach der Pfingstoktav, gefeiert werde, an welchem Tag das fromme Volk sich beeifern wird, in gro\u00dfer Menge in unsere Kirchen zu eilen, wo von den Geistlichen und Laien voll heiliger Freude Lobges\u00e4nge erschallen\u201c<\/span><\/p>\n<p>aus Wikipedia<\/p>\n<p><span style=\"font-size: 12pt\">Natur<\/span> &#8230;<\/p>\n<p>&nbsp;<\/p>\n<p class=\"jetpack-slideshow-noscript robots-nocontent\">Diese Diashow ben\u00f6tigt JavaScript.<\/p><div id=\"gallery-11092-1-slideshow\" class=\"jetpack-slideshow-window jetpack-slideshow jetpack-slideshow-black\" data-trans=\"fade\" data-autostart=\"1\" data-gallery=\"[{&quot;src&quot;:&quot;https:\\\/\\\/i0.wp.com\\\/unser-quartier.de\\\/stadt-bergheim\\\/files\\\/2016\\\/05\\\/Natur-12.jpg?fit=1024%2C765\\u0026ssl=1&quot;,&quot;id&quot;:&quot;11104&quot;,&quot;title&quot;:&quot;Natur (12)&quot;,&quot;alt&quot;:&quot;&quot;,&quot;caption&quot;:&quot;Natur&quot;,&quot;itemprop&quot;:&quot;image&quot;},{&quot;src&quot;:&quot;https:\\\/\\\/i0.wp.com\\\/unser-quartier.de\\\/stadt-bergheim\\\/files\\\/2016\\\/05\\\/Natur-2.jpg?fit=576%2C1024\\u0026ssl=1&quot;,&quot;id&quot;:&quot;11094&quot;,&quot;title&quot;:&quot;Natur (2)&quot;,&quot;alt&quot;:&quot;&quot;,&quot;caption&quot;:&quot;Natur&quot;,&quot;itemprop&quot;:&quot;image&quot;},{&quot;src&quot;:&quot;https:\\\/\\\/i0.wp.com\\\/unser-quartier.de\\\/stadt-bergheim\\\/files\\\/2016\\\/05\\\/Natur-25.jpg?fit=1024%2C765\\u0026ssl=1&quot;,&quot;id&quot;:&quot;11117&quot;,&quot;title&quot;:&quot;Natur (25)&quot;,&quot;alt&quot;:&quot;&quot;,&quot;caption&quot;:&quot;Natur&quot;,&quot;itemprop&quot;:&quot;image&quot;},{&quot;src&quot;:&quot;https:\\\/\\\/i0.wp.com\\\/unser-quartier.de\\\/stadt-bergheim\\\/files\\\/2016\\\/05\\\/Natur-3.jpg?fit=571%2C765\\u0026ssl=1&quot;,&quot;id&quot;:&quot;11095&quot;,&quot;title&quot;:&quot;Natur (3)&quot;,&quot;alt&quot;:&quot;&quot;,&quot;caption&quot;:&quot;Natur&quot;,&quot;itemprop&quot;:&quot;image&quot;},{&quot;src&quot;:&quot;https:\\\/\\\/i0.wp.com\\\/unser-quartier.de\\\/stadt-bergheim\\\/files\\\/2016\\\/05\\\/Natur-4.jpg?fit=1024%2C765\\u0026ssl=1&quot;,&quot;id&quot;:&quot;11096&quot;,&quot;title&quot;:&quot;Natur (4)&quot;,&quot;alt&quot;:&quot;&quot;,&quot;caption&quot;:&quot;Natur&quot;,&quot;itemprop&quot;:&quot;image&quot;},{&quot;src&quot;:&quot;https:\\\/\\\/i0.wp.com\\\/unser-quartier.de\\\/stadt-bergheim\\\/files\\\/2016\\\/05\\\/Natur-5.jpg?fit=1024%2C1024\\u0026ssl=1&quot;,&quot;id&quot;:&quot;11097&quot;,&quot;title&quot;:&quot;Natur (5)&quot;,&quot;alt&quot;:&quot;&quot;,&quot;caption&quot;:&quot;Natur&quot;,&quot;itemprop&quot;:&quot;image&quot;},{&quot;src&quot;:&quot;https:\\\/\\\/i0.wp.com\\\/unser-quartier.de\\\/stadt-bergheim\\\/files\\\/2016\\\/05\\\/Natur-24.jpg?fit=1024%2C765\\u0026ssl=1&quot;,&quot;id&quot;:&quot;11116&quot;,&quot;title&quot;:&quot;Natur (24)&quot;,&quot;alt&quot;:&quot;&quot;,&quot;caption&quot;:&quot;Natur&quot;,&quot;itemprop&quot;:&quot;image&quot;},{&quot;src&quot;:&quot;https:\\\/\\\/i0.wp.com\\\/unser-quartier.de\\\/stadt-bergheim\\\/files\\\/2016\\\/05\\\/Natur-17.jpg?fit=1024%2C765\\u0026ssl=1&quot;,&quot;id&quot;:&quot;11109&quot;,&quot;title&quot;:&quot;Natur (17)&quot;,&quot;alt&quot;:&quot;&quot;,&quot;caption&quot;:&quot;Natur&quot;,&quot;itemprop&quot;:&quot;image&quot;},{&quot;src&quot;:&quot;https:\\\/\\\/i0.wp.com\\\/unser-quartier.de\\\/stadt-bergheim\\\/files\\\/2016\\\/05\\\/Natur-6.jpg?fit=1024%2C765\\u0026ssl=1&quot;,&quot;id&quot;:&quot;11098&quot;,&quot;title&quot;:&quot;Natur (6)&quot;,&quot;alt&quot;:&quot;&quot;,&quot;caption&quot;:&quot;Natur&quot;,&quot;itemprop&quot;:&quot;image&quot;},{&quot;src&quot;:&quot;https:\\\/\\\/i0.wp.com\\\/unser-quartier.de\\\/stadt-bergheim\\\/files\\\/2016\\\/05\\\/Natur-7.jpg?fit=1024%2C765\\u0026ssl=1&quot;,&quot;id&quot;:&quot;11099&quot;,&quot;title&quot;:&quot;Natur (7)&quot;,&quot;alt&quot;:&quot;&quot;,&quot;caption&quot;:&quot;Natur&quot;,&quot;itemprop&quot;:&quot;image&quot;},{&quot;src&quot;:&quot;https:\\\/\\\/i0.wp.com\\\/unser-quartier.de\\\/stadt-bergheim\\\/files\\\/2016\\\/05\\\/Natur-1.jpg?fit=1024%2C765\\u0026ssl=1&quot;,&quot;id&quot;:&quot;11093&quot;,&quot;title&quot;:&quot;Natur (1)&quot;,&quot;alt&quot;:&quot;&quot;,&quot;caption&quot;:&quot;Natur&quot;,&quot;itemprop&quot;:&quot;image&quot;},{&quot;src&quot;:&quot;https:\\\/\\\/i0.wp.com\\\/unser-quartier.de\\\/stadt-bergheim\\\/files\\\/2016\\\/05\\\/Natur-8.jpg?fit=1024%2C1024\\u0026ssl=1&quot;,&quot;id&quot;:&quot;11100&quot;,&quot;title&quot;:&quot;Natur (8)&quot;,&quot;alt&quot;:&quot;&quot;,&quot;caption&quot;:&quot;Natur&quot;,&quot;itemprop&quot;:&quot;image&quot;},{&quot;src&quot;:&quot;https:\\\/\\\/i0.wp.com\\\/unser-quartier.de\\\/stadt-bergheim\\\/files\\\/2016\\\/05\\\/Natur-9.jpg?fit=1024%2C1024\\u0026ssl=1&quot;,&quot;id&quot;:&quot;11101&quot;,&quot;title&quot;:&quot;Natur (9)&quot;,&quot;alt&quot;:&quot;&quot;,&quot;caption&quot;:&quot;Natur&quot;,&quot;itemprop&quot;:&quot;image&quot;},{&quot;src&quot;:&quot;https:\\\/\\\/i0.wp.com\\\/unser-quartier.de\\\/stadt-bergheim\\\/files\\\/2016\\\/05\\\/Natur-10.jpg?fit=1024%2C765\\u0026ssl=1&quot;,&quot;id&quot;:&quot;11102&quot;,&quot;title&quot;:&quot;Natur (10)&quot;,&quot;alt&quot;:&quot;&quot;,&quot;caption&quot;:&quot;Natur&quot;,&quot;itemprop&quot;:&quot;image&quot;},{&quot;src&quot;:&quot;https:\\\/\\\/i0.wp.com\\\/unser-quartier.de\\\/stadt-bergheim\\\/files\\\/2016\\\/05\\\/Natur-11.jpg?fit=1024%2C765\\u0026ssl=1&quot;,&quot;id&quot;:&quot;11103&quot;,&quot;title&quot;:&quot;Natur (11)&quot;,&quot;alt&quot;:&quot;&quot;,&quot;caption&quot;:&quot;Natur&quot;,&quot;itemprop&quot;:&quot;image&quot;},{&quot;src&quot;:&quot;https:\\\/\\\/i0.wp.com\\\/unser-quartier.de\\\/stadt-bergheim\\\/files\\\/2016\\\/05\\\/Natur-13.jpg?fit=571%2C765\\u0026ssl=1&quot;,&quot;id&quot;:&quot;11105&quot;,&quot;title&quot;:&quot;Natur (13)&quot;,&quot;alt&quot;:&quot;&quot;,&quot;caption&quot;:&quot;Natur&quot;,&quot;itemprop&quot;:&quot;image&quot;},{&quot;src&quot;:&quot;https:\\\/\\\/i0.wp.com\\\/unser-quartier.de\\\/stadt-bergheim\\\/files\\\/2016\\\/05\\\/Natur-18.jpg?fit=1024%2C765\\u0026ssl=1&quot;,&quot;id&quot;:&quot;11110&quot;,&quot;title&quot;:&quot;Natur (18)&quot;,&quot;alt&quot;:&quot;&quot;,&quot;caption&quot;:&quot;Natur&quot;,&quot;itemprop&quot;:&quot;image&quot;},{&quot;src&quot;:&quot;https:\\\/\\\/i0.wp.com\\\/unser-quartier.de\\\/stadt-bergheim\\\/files\\\/2016\\\/05\\\/Natur-15.jpg?fit=1024%2C1024\\u0026ssl=1&quot;,&quot;id&quot;:&quot;11107&quot;,&quot;title&quot;:&quot;Natur (15)&quot;,&quot;alt&quot;:&quot;&quot;,&quot;caption&quot;:&quot;&quot;,&quot;itemprop&quot;:&quot;image&quot;},{&quot;src&quot;:&quot;https:\\\/\\\/i0.wp.com\\\/unser-quartier.de\\\/stadt-bergheim\\\/files\\\/2016\\\/05\\\/Natur-14.jpg?fit=1024%2C765\\u0026ssl=1&quot;,&quot;id&quot;:&quot;11106&quot;,&quot;title&quot;:&quot;Natur (14)&quot;,&quot;alt&quot;:&quot;&quot;,&quot;caption&quot;:&quot;Natur&quot;,&quot;itemprop&quot;:&quot;image&quot;},{&quot;src&quot;:&quot;https:\\\/\\\/i0.wp.com\\\/unser-quartier.de\\\/stadt-bergheim\\\/files\\\/2016\\\/05\\\/Natur-16.jpg?fit=1024%2C765\\u0026ssl=1&quot;,&quot;id&quot;:&quot;11108&quot;,&quot;title&quot;:&quot;Natur (16)&quot;,&quot;alt&quot;:&quot;&quot;,&quot;caption&quot;:&quot;Natur&quot;,&quot;itemprop&quot;:&quot;image&quot;},{&quot;src&quot;:&quot;https:\\\/\\\/i0.wp.com\\\/unser-quartier.de\\\/stadt-bergheim\\\/files\\\/2016\\\/05\\\/Natur-19.jpg?fit=1024%2C765\\u0026ssl=1&quot;,&quot;id&quot;:&quot;11111&quot;,&quot;title&quot;:&quot;Natur (19)&quot;,&quot;alt&quot;:&quot;&quot;,&quot;caption&quot;:&quot;Natur&quot;,&quot;itemprop&quot;:&quot;image&quot;},{&quot;src&quot;:&quot;https:\\\/\\\/i0.wp.com\\\/unser-quartier.de\\\/stadt-bergheim\\\/files\\\/2016\\\/05\\\/Natur-21.jpg?fit=1024%2C1024\\u0026ssl=1&quot;,&quot;id&quot;:&quot;11113&quot;,&quot;title&quot;:&quot;Natur (21)&quot;,&quot;alt&quot;:&quot;&quot;,&quot;caption&quot;:&quot;Natur&quot;,&quot;itemprop&quot;:&quot;image&quot;},{&quot;src&quot;:&quot;https:\\\/\\\/i0.wp.com\\\/unser-quartier.de\\\/stadt-bergheim\\\/files\\\/2016\\\/05\\\/Natur-20.jpg?fit=1024%2C1024\\u0026ssl=1&quot;,&quot;id&quot;:&quot;11112&quot;,&quot;title&quot;:&quot;Natur (20)&quot;,&quot;alt&quot;:&quot;&quot;,&quot;caption&quot;:&quot;Natur&quot;,&quot;itemprop&quot;:&quot;image&quot;},{&quot;src&quot;:&quot;https:\\\/\\\/i0.wp.com\\\/unser-quartier.de\\\/stadt-bergheim\\\/files\\\/2016\\\/05\\\/Natur-23.jpg?fit=1024%2C765\\u0026ssl=1&quot;,&quot;id&quot;:&quot;11115&quot;,&quot;title&quot;:&quot;Natur (23)&quot;,&quot;alt&quot;:&quot;&quot;,&quot;caption&quot;:&quot;Natur&quot;,&quot;itemprop&quot;:&quot;image&quot;},{&quot;src&quot;:&quot;https:\\\/\\\/i0.wp.com\\\/unser-quartier.de\\\/stadt-bergheim\\\/files\\\/2016\\\/05\\\/Natur-27.jpg?fit=1024%2C765\\u0026ssl=1&quot;,&quot;id&quot;:&quot;11119&quot;,&quot;title&quot;:&quot;Natur (27)&quot;,&quot;alt&quot;:&quot;&quot;,&quot;caption&quot;:&quot;&quot;,&quot;itemprop&quot;:&quot;image&quot;},{&quot;src&quot;:&quot;https:\\\/\\\/i0.wp.com\\\/unser-quartier.de\\\/stadt-bergheim\\\/files\\\/2016\\\/05\\\/Natur-26.jpg?fit=1024%2C765\\u0026ssl=1&quot;,&quot;id&quot;:&quot;11118&quot;,&quot;title&quot;:&quot;Natur (26)&quot;,&quot;alt&quot;:&quot;&quot;,&quot;caption&quot;:&quot;Natur&quot;,&quot;itemprop&quot;:&quot;image&quot;},{&quot;src&quot;:&quot;https:\\\/\\\/i0.wp.com\\\/unser-quartier.de\\\/stadt-bergheim\\\/files\\\/2016\\\/05\\\/Natur-22.jpg?fit=1024%2C765\\u0026ssl=1&quot;,&quot;id&quot;:&quot;11114&quot;,&quot;title&quot;:&quot;Natur (22)&quot;,&quot;alt&quot;:&quot;&quot;,&quot;caption&quot;:&quot;Natur&quot;,&quot;itemprop&quot;:&quot;image&quot;}]\" itemscope itemtype=\"https:\/\/schema.org\/ImageGallery\"><\/div>\n","protected":false},"excerpt":{"rendered":"<p>Fronleichnam ist bald vorbei&#8230;<\/p>\n<p>Das Fest der leiblichen Gegenwart Christi in der Eucharistie wurde erstmals 1246 im Bistum L\u00fcttich gefeiert und 1264 von Papst Urban IV. durch die Bulle Transiturus de hoc mundo zum Fest der Gesamtkirche erhoben. Ausl\u00f6ser dieser Entscheidung war das Blutwunder von Bolsena, das von ihm im Jahre 1263 als echtes Wunder &hellip; <\/p>\n<p><a class=\"more-link btn\" href=\"https:\/\/unser-quartier.de\/stadt-bergheim\/2016\/05\/die-natur-kennt-keinen-feiertag\/\">Weiterlesen<\/a><\/p>\n","protected":false},"author":48,"featured_media":11118,"comment_status":"open","ping_status":"open","sticky":false,"template":"","format":"standard","meta":{"_bbp_topic_count":0,"_bbp_reply_count":0,"_bbp_total_topic_count":0,"_bbp_total_reply_count":0,"_bbp_voice_count":0,"_bbp_anonymous_reply_count":0,"_bbp_topic_count_hidden":0,"_bbp_reply_count_hidden":0,"_bbp_forum_subforum_count":0,"jetpack_post_was_ever_published":false,"_jetpack_newsletter_access":"","_jetpack_dont_email_post_to_subs":false,"_jetpack_newsletter_tier_id":0,"_jetpack_memberships_contains_paywalled_content":false,"_jetpack_memberships_contains_paid_content":false,"footnotes":""},"categories":[71],"tags":[],"class_list":["post-11092","post","type-post","status-publish","format-standard","has-post-thumbnail","hentry","category-freizeit","item-wrap"],"jetpack_sharing_enabled":true,"jetpack_featured_media_url":"https:\/\/i0.wp.com\/unser-quartier.de\/stadt-bergheim\/files\/2016\/05\/Natur-26.jpg?fit=1024%2C765&ssl=1","jetpack_shortlink":"https:\/\/wp.me\/p3vhfJ-2SU","jetpack_likes_enabled":true,"_links":{"self":[{"href":"https:\/\/unser-quartier.de\/stadt-bergheim\/wp-json\/wp\/v2\/posts\/11092","targetHints":{"allow":["GET"]}}],"collection":[{"href":"https:\/\/unser-quartier.de\/stadt-bergheim\/wp-json\/wp\/v2\/posts"}],"about":[{"href":"https:\/\/unser-quartier.de\/stadt-bergheim\/wp-json\/wp\/v2\/types\/post"}],"author":[{"embeddable":true,"href":"https:\/\/unser-quartier.de\/stadt-bergheim\/wp-json\/wp\/v2\/users\/48"}],"replies":[{"embeddable":true,"href":"https:\/\/unser-quartier.de\/stadt-bergheim\/wp-json\/wp\/v2\/comments?post=11092"}],"version-history":[{"count":0,"href":"https:\/\/unser-quartier.de\/stadt-bergheim\/wp-json\/wp\/v2\/posts\/11092\/revisions"}],"wp:featuredmedia":[{"embeddable":true,"href":"https:\/\/unser-quartier.de\/stadt-bergheim\/wp-json\/wp\/v2\/media\/11118"}],"wp:attachment":[{"href":"https:\/\/unser-quartier.de\/stadt-bergheim\/wp-json\/wp\/v2\/media?parent=11092"}],"wp:term":[{"taxonomy":"category","embeddable":true,"href":"https:\/\/unser-quartier.de\/stadt-bergheim\/wp-json\/wp\/v2\/categories?post=11092"},{"taxonomy":"post_tag","embeddable":true,"href":"https:\/\/unser-quartier.de\/stadt-bergheim\/wp-json\/wp\/v2\/tags?post=11092"}],"curies":[{"name":"wp","href":"https:\/\/api.w.org\/{rel}","templated":true}]}}