{"id":11884,"date":"2016-09-09T08:05:15","date_gmt":"2016-09-09T06:05:15","guid":{"rendered":"http:\/\/unser-quartier.de\/stadt-bergheim\/?p=11884"},"modified":"2016-09-09T08:05:15","modified_gmt":"2016-09-09T06:05:15","slug":"troedeln-fuer-den-roemerturm","status":"publish","type":"post","link":"https:\/\/unser-quartier.de\/stadt-bergheim\/2016\/09\/troedeln-fuer-den-roemerturm\/","title":{"rendered":"Tr\u00f6deln f\u00fcr den R\u00f6merturm"},"content":{"rendered":"<p><strong>Aktion am Tag des offenen Denkmals<\/strong><\/p>\n<p>&#8220;Aktiv f\u00fcr Thorr&#8221; veranstaltet am &#8220;Tag des Denkmals&#8221; einen Garagentr\u00f6delmarkt zugunsten des unter Denkmalschutz stehenden R\u00f6merturms. Am Sonntag, 11. September, von 10 bis 16.30 Uhr k\u00f6nnen Schn\u00e4ppchenj\u00e4ger und Flohmarkt-Freunde auf die Jagd gehen. Um 13.45 Uhr startet eine F\u00fchrung durch Thorr. Treffpunkt ist vor dem Feuerwehrger\u00e4tehaus. Um 16.30 Uhr beginnt die Tr\u00f6delversteigerung am R\u00f6merturm. Der Erl\u00f6s soll f\u00fcr den Erhalt des Denkmals verwendet werden.<\/p>\n<p>Unter 02271\/670097 kann man noch mitmachen und sich in den Lageplan aufnehmen lassen.<\/p>\n<p>Kontakt: <a href=\"mailto:zerwing@gmx.de\">zerwing@gmx.de<\/a><\/p>\n<p><a href=\"http:\/\/www.tag-des-offenen-denkmals.de\">www.tag-des-offenen-denkmals.de<\/a><\/p>\n<p>&nbsp;<\/p>\n<p>&nbsp;<\/p>\n","protected":false},"excerpt":{"rendered":"<p><strong>Aktion am Tag des offenen Denkmals<\/strong><\/p>\n<p>&#8220;Aktiv f\u00fcr Thorr&#8221; veranstaltet am &#8220;Tag des Denkmals&#8221; einen Garagentr\u00f6delmarkt zugunsten des unter Denkmalschutz stehenden R\u00f6merturms. Am Sonntag, 11. September, von 10 bis 16.30 Uhr k\u00f6nnen Schn\u00e4ppchenj\u00e4ger und Flohmarkt-Freunde auf die Jagd gehen. Um 13.45 Uhr startet eine F\u00fchrung durch Thorr. Treffpunkt ist vor dem Feuerwehrger\u00e4tehaus. Um 16.30 Uhr &hellip; <\/p>\n<p><a class=\"more-link btn\" href=\"https:\/\/unser-quartier.de\/stadt-bergheim\/2016\/09\/troedeln-fuer-den-roemerturm\/\">Weiterlesen<\/a><\/p>\n","protected":false},"author":133,"featured_media":0,"comment_status":"open","ping_status":"open","sticky":false,"template":"","format":"standard","meta":{"_bbp_topic_count":0,"_bbp_reply_count":0,"_bbp_total_topic_count":0,"_bbp_total_reply_count":0,"_bbp_voice_count":0,"_bbp_anonymous_reply_count":0,"_bbp_topic_count_hidden":0,"_bbp_reply_count_hidden":0,"_bbp_forum_subforum_count":0,"jetpack_post_was_ever_published":false,"_jetpack_newsletter_access":"","_jetpack_dont_email_post_to_subs":false,"_jetpack_newsletter_tier_id":0,"_jetpack_memberships_contains_paywalled_content":false,"_jetpack_memberships_contains_paid_content":false,"footnotes":""},"categories":[1],"tags":[],"class_list":["post-11884","post","type-post","status-publish","format-standard","hentry","category-allgemein","item-wrap"],"jetpack_sharing_enabled":true,"jetpack_featured_media_url":"","jetpack_shortlink":"https:\/\/wp.me\/p3vhfJ-35G","jetpack_likes_enabled":true,"_links":{"self":[{"href":"https:\/\/unser-quartier.de\/stadt-bergheim\/wp-json\/wp\/v2\/posts\/11884","targetHints":{"allow":["GET"]}}],"collection":[{"href":"https:\/\/unser-quartier.de\/stadt-bergheim\/wp-json\/wp\/v2\/posts"}],"about":[{"href":"https:\/\/unser-quartier.de\/stadt-bergheim\/wp-json\/wp\/v2\/types\/post"}],"author":[{"embeddable":true,"href":"https:\/\/unser-quartier.de\/stadt-bergheim\/wp-json\/wp\/v2\/users\/133"}],"replies":[{"embeddable":true,"href":"https:\/\/unser-quartier.de\/stadt-bergheim\/wp-json\/wp\/v2\/comments?post=11884"}],"version-history":[{"count":0,"href":"https:\/\/unser-quartier.de\/stadt-bergheim\/wp-json\/wp\/v2\/posts\/11884\/revisions"}],"wp:attachment":[{"href":"https:\/\/unser-quartier.de\/stadt-bergheim\/wp-json\/wp\/v2\/media?parent=11884"}],"wp:term":[{"taxonomy":"category","embeddable":true,"href":"https:\/\/unser-quartier.de\/stadt-bergheim\/wp-json\/wp\/v2\/categories?post=11884"},{"taxonomy":"post_tag","embeddable":true,"href":"https:\/\/unser-quartier.de\/stadt-bergheim\/wp-json\/wp\/v2\/tags?post=11884"}],"curies":[{"name":"wp","href":"https:\/\/api.w.org\/{rel}","templated":true}]}}