{"id":13583,"date":"2017-01-29T08:13:24","date_gmt":"2017-01-29T07:13:24","guid":{"rendered":"https:\/\/unser-quartier.de\/stadt-bergheim\/?p=13583"},"modified":"2017-01-29T08:13:25","modified_gmt":"2017-01-29T07:13:25","slug":"karneval-naht","status":"publish","type":"post","link":"https:\/\/unser-quartier.de\/stadt-bergheim\/2017\/01\/karneval-naht\/","title":{"rendered":"Karneval naht &#8230;"},"content":{"rendered":"<p><span style=\"font-size: 12pt\"><strong><span style=\"color: #000000\">So kommen Sie fit durch die tollen Tage:<\/span><\/strong><\/span><\/p>\n<div><span style=\"color: #000000;font-size: 12pt\">Wenn die Kneipe proppenvoll ist, feiern auch die Bakterien und Viren mit.<br \/>\nDurch Husten, Niesen und im Karneval soll es ja auch das eine oder andere K\u00fcsschen geben, breiten sie sich aus und in Windeseile hat man sich eine Infektion zugezogen. <\/span><span style=\"color: #000000\"><span style=\"font-size: 12pt\">Also, m\u00f6glichst oft die H\u00e4nde gr\u00fcndlich waschen und auch nur aus dem eigenen Glas\/Flasche trinken. Bier kann nicht desinfizieren! Wer die Kneipe verl\u00e4sst, muss sich was \u00fcberziehen. Gegen innen stickig, au\u00dfen k\u00fchl, hilft der Zwiebel-Look mit mehreren Schichten. Ansonsten kommt erst die Abk\u00fchlung, dann die Verk\u00fchlung<\/span>. <span style=\"font-size: 12pt\">Auch festes Schuhwerk ist ratsam, es sch\u00fctzt sowohl vor K\u00e4lte, als auch vor Glasscherben.<\/span><\/span><\/div>\n<div><span style=\"color: #000000;font-size: 12pt\">.<\/span><\/div>\n<div><span style=\"color: #000000\"><span style=\"font-size: 12pt\">\u00dcberall dr\u00f6hnt es\u00a0aus Verst\u00e4rkern&#8230; Tusch hier, Fanfare da. Die Ohren werden ganz sch\u00f6n strapaziert und<\/span> <span style=\"font-size: 12pt\">k\u00f6nnen leicht Schaden davontragen. Stundenlanges lautes Humba Humba T\u00e4t\u00e4r\u00e4 kann zu einem L\u00e4rmtrauma f\u00fchren. Schon 95 Dezibel reichen f\u00fcr eine vor\u00fcbergehende oder im schlimmsten Fall f\u00fcr eine dauerhafte Sch\u00e4digung aus. Wenn Sie Piepsen oder ein dumpfes Gef\u00fchl im Ohr haben, und das geht nicht weg innerhalb von 24 Stunden, sollten Sie zum Arzt gehen.<br \/>\nAlso besser vorbeugen und sich<\/span> <span style=\"font-size: 12pt\">Ohrst\u00f6psel besorgen.<\/span><\/span><\/div>\n<div><span style=\"color: #000000;font-size: 12pt\">\u00a0<\/span><\/div>\n<div><span style=\"color: #000000\"><span style=\"font-size: 12pt\">Karneval ist ja auch das Schminken mit \u00fcppig bemalten Gesichtern beliebt.<br \/>\nAuch das kann \u00fcble Folgen haben. Wenn fetthaltige Karnevalsschminke den ganzen Tag aufgetragen ist, f\u00fchrt das oft zu vermehrtem Schwitzen, was Entz\u00fcndungen ausl\u00f6sen kann. Auch Juckreiz, Hautausschl\u00e4ge oder Kontaktallergien sind m\u00f6gliche Reaktionen. Am besten die Schminke vorher testen, z. B. auf dem Handr\u00fccken und darunter eine pflegende Creme auftragen.<br \/>\nBeim Abschminken milde Reinigungslotion benutzen.<\/span><\/span><\/div>\n<div><span style=\"color: #000000;font-size: 12pt\">\u00a0<\/span><\/div>\n<div><span style=\"color: #000000;font-size: 12pt\">F\u00fcr viele Menschen geh\u00f6rt Alkohol und Karneval zusammen. Diejenigen, die darauf verzichten k\u00f6nnen, haben die ges\u00fcndere Variante, aber f\u00fcr die anderen gilt, je weniger, desto besser. Vor allem nicht durcheinander trinken und keine Kurzen, sonst merkt man den Alkohol erst, wenn es zu sp\u00e4t ist. Auf jeden Fall eine gute Grundlage schaffen, indem man ausreichend isst. Zwischendurch mal salzige Snacks naschen, diese liefern Elektrolyte und immer mal wieder Wasser trinken, denn der Alkohol entzieht dem K\u00f6rper Mineralstoffe und Fl\u00fcssigkeit.<\/span><\/div>\n<div><span style=\"color: #000000\"><span style=\"font-size: 12pt\">Wenn dann trotzdem am n\u00e4chsten Morgen der Kopf dr\u00f6hnt und der Magen rebelliert, wieder reichlich Fl\u00fcssigkeit trinken und sauer-salzig fr\u00fchst\u00fccken.<br \/>\nDann kann der K\u00f6rper sich wieder regenerieren.<br \/>\nSind Kater<\/span> <span style=\"font-size: 12pt\">und Karneval vorbei, ist ein Obsttag sehr zu empfehlen.<\/span><\/span><\/div>\n<div><span style=\"color: #000000;font-size: 12pt\">Und nun viel Spa\u00df beim Feiern!<\/span><\/div>\n<div><\/div>\n<div>\n<div id=\"attachment_13584\" style=\"width: 960px\" class=\"wp-caption alignnone\"><a href=\"https:\/\/unser-quartier.de\/stadt-bergheim\/2017\/01\/karneval-naht\/2222colorful-1525912_960_720\/\" rel=\"attachment wp-att-13584\"><img data-recalc-dims=\"1\" loading=\"lazy\" decoding=\"async\" aria-describedby=\"caption-attachment-13584\" data-attachment-id=\"13584\" data-permalink=\"https:\/\/unser-quartier.de\/stadt-bergheim\/2017\/01\/karneval-naht\/2222colorful-1525912_960_720\/\" data-orig-file=\"https:\/\/i0.wp.com\/unser-quartier.de\/stadt-bergheim\/files\/2017\/01\/2222colorful-1525912_960_720.jpg?fit=960%2C720&amp;ssl=1\" data-orig-size=\"960,720\" data-comments-opened=\"0\" data-image-meta=\"{&quot;aperture&quot;:&quot;0&quot;,&quot;credit&quot;:&quot;&quot;,&quot;camera&quot;:&quot;&quot;,&quot;caption&quot;:&quot;&quot;,&quot;created_timestamp&quot;:&quot;0&quot;,&quot;copyright&quot;:&quot;&quot;,&quot;focal_length&quot;:&quot;0&quot;,&quot;iso&quot;:&quot;0&quot;,&quot;shutter_speed&quot;:&quot;0&quot;,&quot;title&quot;:&quot;&quot;,&quot;orientation&quot;:&quot;0&quot;}\" data-image-title=\"2222colorful-1525912_960_720\" data-image-description=\"\" data-image-caption=\"&lt;p&gt;Jecke &#8230;&lt;\/p&gt;\n\" data-medium-file=\"https:\/\/i0.wp.com\/unser-quartier.de\/stadt-bergheim\/files\/2017\/01\/2222colorful-1525912_960_720.jpg?fit=300%2C225&amp;ssl=1\" data-large-file=\"https:\/\/i0.wp.com\/unser-quartier.de\/stadt-bergheim\/files\/2017\/01\/2222colorful-1525912_960_720.jpg?fit=770%2C578&amp;ssl=1\" class=\"wp-image-13584 size-full\" src=\"https:\/\/i0.wp.com\/unser-quartier.de\/stadt-bergheim\/files\/2017\/01\/2222colorful-1525912_960_720.jpg?resize=770%2C578&#038;ssl=1\" width=\"770\" height=\"578\" srcset=\"https:\/\/i0.wp.com\/unser-quartier.de\/stadt-bergheim\/files\/2017\/01\/2222colorful-1525912_960_720.jpg?w=960&amp;ssl=1 960w, https:\/\/i0.wp.com\/unser-quartier.de\/stadt-bergheim\/files\/2017\/01\/2222colorful-1525912_960_720.jpg?resize=150%2C113&amp;ssl=1 150w, https:\/\/i0.wp.com\/unser-quartier.de\/stadt-bergheim\/files\/2017\/01\/2222colorful-1525912_960_720.jpg?resize=300%2C225&amp;ssl=1 300w, https:\/\/i0.wp.com\/unser-quartier.de\/stadt-bergheim\/files\/2017\/01\/2222colorful-1525912_960_720.jpg?resize=768%2C576&amp;ssl=1 768w\" sizes=\"auto, (max-width: 770px) 100vw, 770px\" \/><\/a><p id=\"caption-attachment-13584\" class=\"wp-caption-text\">Jecke &#8230;<\/p><\/div>\n<\/div>\n<div><\/div>\n<div><\/div>\n","protected":false},"excerpt":{"rendered":"<p><strong>So kommen Sie fit durch die tollen Tage:<\/strong><\/p>\n<p> Wenn die Kneipe proppenvoll ist, feiern auch die Bakterien und Viren mit. Durch Husten, Niesen und im Karneval soll es ja auch das eine oder andere K\u00fcsschen geben, breiten sie sich aus und in Windeseile hat man sich eine Infektion zugezogen. Also, m\u00f6glichst oft die H\u00e4nde gr\u00fcndlich &hellip; <\/p>\n<p><a class=\"more-link btn\" href=\"https:\/\/unser-quartier.de\/stadt-bergheim\/2017\/01\/karneval-naht\/\">Weiterlesen<\/a><\/p>\n","protected":false},"author":48,"featured_media":0,"comment_status":"open","ping_status":"open","sticky":false,"template":"","format":"standard","meta":{"_bbp_topic_count":0,"_bbp_reply_count":0,"_bbp_total_topic_count":0,"_bbp_total_reply_count":0,"_bbp_voice_count":0,"_bbp_anonymous_reply_count":0,"_bbp_topic_count_hidden":0,"_bbp_reply_count_hidden":0,"_bbp_forum_subforum_count":0,"jetpack_post_was_ever_published":false,"_jetpack_newsletter_access":"","_jetpack_dont_email_post_to_subs":false,"_jetpack_newsletter_tier_id":0,"_jetpack_memberships_contains_paywalled_content":false,"_jetpack_memberships_contains_paid_content":false,"footnotes":""},"categories":[1,58,75,71,66,72],"tags":[],"class_list":["post-13583","post","type-post","status-publish","format-standard","hentry","category-allgemein","category-alltagshilfen","category-buntes-brett","category-freizeit","category-gesundheit","category-tipps","item-wrap"],"jetpack_sharing_enabled":true,"jetpack_featured_media_url":"","jetpack_shortlink":"https:\/\/wp.me\/p3vhfJ-3x5","jetpack_likes_enabled":true,"_links":{"self":[{"href":"https:\/\/unser-quartier.de\/stadt-bergheim\/wp-json\/wp\/v2\/posts\/13583","targetHints":{"allow":["GET"]}}],"collection":[{"href":"https:\/\/unser-quartier.de\/stadt-bergheim\/wp-json\/wp\/v2\/posts"}],"about":[{"href":"https:\/\/unser-quartier.de\/stadt-bergheim\/wp-json\/wp\/v2\/types\/post"}],"author":[{"embeddable":true,"href":"https:\/\/unser-quartier.de\/stadt-bergheim\/wp-json\/wp\/v2\/users\/48"}],"replies":[{"embeddable":true,"href":"https:\/\/unser-quartier.de\/stadt-bergheim\/wp-json\/wp\/v2\/comments?post=13583"}],"version-history":[{"count":0,"href":"https:\/\/unser-quartier.de\/stadt-bergheim\/wp-json\/wp\/v2\/posts\/13583\/revisions"}],"wp:attachment":[{"href":"https:\/\/unser-quartier.de\/stadt-bergheim\/wp-json\/wp\/v2\/media?parent=13583"}],"wp:term":[{"taxonomy":"category","embeddable":true,"href":"https:\/\/unser-quartier.de\/stadt-bergheim\/wp-json\/wp\/v2\/categories?post=13583"},{"taxonomy":"post_tag","embeddable":true,"href":"https:\/\/unser-quartier.de\/stadt-bergheim\/wp-json\/wp\/v2\/tags?post=13583"}],"curies":[{"name":"wp","href":"https:\/\/api.w.org\/{rel}","templated":true}]}}